{"id":115868,"date":"2025-12-14T04:56:28","date_gmt":"2025-12-14T04:56:28","guid":{"rendered":"https:\/\/www.europesays.com\/fi\/115868\/"},"modified":"2025-12-14T04:56:28","modified_gmt":"2025-12-14T04:56:28","slug":"ducati-ryhtyy-vakavasti-otettavaksi-polkupyoravalmistajaksi","status":"publish","type":"post","link":"https:\/\/www.europesays.com\/fi\/115868\/","title":{"rendered":"Ducati ryhtyy vakavasti otettavaksi polkupy\u00f6r\u00e4valmistajaksi"},"content":{"rendered":"<p class=\"is-style-dropcap\">Ducati tarjoaa moottoripy\u00f6r\u00e4mallistonsa rinnalla my\u00f6s s\u00e4hk\u00f6avusteisia maastopy\u00f6ri\u00e4. Vuodelle 2026 italialaisvalmistaja laajentaa polkupy\u00f6r\u00e4mallistoaan tuntuvasti.<\/p>\n<p>Polkupy\u00f6r\u00e4ala<strong> <\/strong>on el\u00e4nyt usean vuoden <a href=\"https:\/\/tekniikanmaailma.fi\/saksalainen-suuri-maastopyoravalmistaja-on-paatynyt-maksukyvyttomaksi\/\" rel=\"nofollow noopener\" target=\"_blank\">haastavia aikoja<\/a> voimakkaasti vaihtelevan kysynn\u00e4n ja siit\u00e4 johtuvan hetkellisen tuotteiden ylitarjonnan vuoksi. Synkist\u00e4 ajoista huolimatta Ducati ilmoittaa satsaavansa polkupy\u00f6riin, ja erityisesti s\u00e4hk\u00f6avusteisten maastopy\u00f6rien tarjontaa tullaan laajentamaan entisest\u00e4\u00e4n.<\/p>\n<p><img loading=\"lazy\" decoding=\"async\" width=\"1536\" height=\"864\"  src=\"https:\/\/www.europesays.com\/fi\/wp-content\/uploads\/2025\/12\/Ducati3-1536x864.webp.webp\" alt=\"\" class=\"wp-image-2059741 js-photoswipe-image\" \/><\/p>\n<p>S\u00e4hk\u00f6avusteisten py\u00f6rien ohella Ducatilta on tulossa my\u00f6s perinteisi\u00e4 polkupy\u00f6ri\u00e4. Maastopy\u00f6r\u00e4kategorian ohella italialaisvalmistaja sanoo lanseeraavansa my\u00f6s uusia gravel- ja maantiepy\u00f6r\u00e4malleja.<\/p>\n<p><a href=\"https:\/\/bikerumor.com\/ducati-motorcycles-announces-new-high-performance-bicycle-range\/\" rel=\"nofollow noopener\" target=\"_blank\">Bikerumor-sivuston<\/a> mukaan Ducatin py\u00f6r\u00e4malliston laajentuminen toteutetaan l\u00e4heisess\u00e4 yhteisty\u00f6ss\u00e4 Diamant S.r.l. -italialaisyrityksen kanssa, jolla on osaamista muun muassa py\u00f6r\u00e4yvarusteiden ja hiililkuitukomponenttien valmistuksen saralla.<\/p>\n<p>Maantiepy\u00f6rien kehityst\u00e4 varten ja merkin keulakuviksi on rektytoitu niin ik\u00e4\u00e4n eturivin italialaispy\u00f6r\u00e4ilij\u00f6it\u00e4: <strong>Vincenzo Nibali, Elia Viviani <\/strong>ja<strong> Lorenzo Sudig<\/strong>. Nibali lukeutuu harvaan joukkoon ajajia, jotka ovat voittaneet kaikki kolme grand tour -kilpailua. Ella Vivianin palkintokaapista l\u00f6ytyy puolestaan mm- ja olympiakultamitali.<\/p>\n<p>Sudig on kansallisen tason alam\u00e4kiajon mestari ja tarjoaa siten osaamistaan maastopy\u00f6rien kehityksess\u00e4.<\/p>\n<p>Ensimm\u00e4isten uusien mallien julkaisun luvataan tapahtuvan ensi vuoden\u00a0 marraskuussa. <\/p>\n<p><img loading=\"lazy\" decoding=\"async\" width=\"1330\" height=\"600\"  src=\"https:\/\/www.europesays.com\/fi\/wp-content\/uploads\/2025\/12\/Ducati4.webp.webp\" alt=\"\" class=\"wp-image-2059742 js-photoswipe-image\" \/><\/p>\n<p>Tilaa Tekniikan Maailman uutiskirjeet<\/p>\n<p class=\"has-text-align-center\">Tilaa TM-uutiskirje, niin pysyt ajan tasalla autoalan, teknologian ja tieteen uutisista! <\/p>\n","protected":false},"excerpt":{"rendered":"Ducati tarjoaa moottoripy\u00f6r\u00e4mallistonsa rinnalla my\u00f6s s\u00e4hk\u00f6avusteisia maastopy\u00f6ri\u00e4. Vuodelle 2026 italialaisvalmistaja laajentaa polkupy\u00f6r\u00e4mallistoaan tuntuvasti. Polkupy\u00f6r\u00e4ala on el\u00e4nyt usean vuoden&hellip;\n","protected":false},"author":2,"featured_media":115869,"comment_status":"","ping_status":"","sticky":false,"template":"","format":"standard","meta":{"footnotes":""},"categories":[76],"tags":[79,21194,77,33,31,30,21195,21196,17638,14147,32,78],"class_list":{"0":"post-115868","1":"post","2":"type-post","3":"status-publish","4":"format-standard","5":"has-post-thumbnail","7":"category-talous","8":"tag-business","9":"tag-ducati","10":"tag-economy","11":"tag-fi","12":"tag-finland","13":"tag-finnish","14":"tag-gravelpyorat","15":"tag-maantiepyorat","16":"tag-maastopyorat","17":"tag-sahkopyorat","18":"tag-suomi","19":"tag-talous"},"share_on_mastodon":{"url":"https:\/\/pubeurope.com\/@fi\/115716147695144829","error":""},"_links":{"self":[{"href":"https:\/\/www.europesays.com\/fi\/wp-json\/wp\/v2\/posts\/115868","targetHints":{"allow":["GET"]}}],"collection":[{"href":"https:\/\/www.europesays.com\/fi\/wp-json\/wp\/v2\/posts"}],"about":[{"href":"https:\/\/www.europesays.com\/fi\/wp-json\/wp\/v2\/types\/post"}],"author":[{"embeddable":true,"href":"https:\/\/www.europesays.com\/fi\/wp-json\/wp\/v2\/users\/2"}],"replies":[{"embeddable":true,"href":"https:\/\/www.europesays.com\/fi\/wp-json\/wp\/v2\/comments?post=115868"}],"version-history":[{"count":0,"href":"https:\/\/www.europesays.com\/fi\/wp-json\/wp\/v2\/posts\/115868\/revisions"}],"wp:featuredmedia":[{"embeddable":true,"href":"https:\/\/www.europesays.com\/fi\/wp-json\/wp\/v2\/media\/115869"}],"wp:attachment":[{"href":"https:\/\/www.europesays.com\/fi\/wp-json\/wp\/v2\/media?parent=115868"}],"wp:term":[{"taxonomy":"category","embeddable":true,"href":"https:\/\/www.europesays.com\/fi\/wp-json\/wp\/v2\/categories?post=115868"},{"taxonomy":"post_tag","embeddable":true,"href":"https:\/\/www.europesays.com\/fi\/wp-json\/wp\/v2\/tags?post=115868"}],"curies":[{"name":"wp","href":"https:\/\/api.w.org\/{rel}","templated":true}]}}