{"id":115890,"date":"2025-12-14T05:48:24","date_gmt":"2025-12-14T05:48:24","guid":{"rendered":"https:\/\/www.europesays.com\/fi\/115890\/"},"modified":"2025-12-14T05:48:24","modified_gmt":"2025-12-14T05:48:24","slug":"topi-manner-keskuskauppakamarin-hallituksen-puheenjohtajaksi-2","status":"publish","type":"post","link":"https:\/\/www.europesays.com\/fi\/115890\/","title":{"rendered":"Topi Manner Keskuskauppakamarin hallituksen puheenjohtajaksi"},"content":{"rendered":"<p>Keskuskauppakamarin hallituksen puheenjohtajaksi on valittu Elisan toimitusjohtaja <strong>Topi Manner<\/strong>. Manner on toiminut aiemmin Keskuskauppakamarin hallituksen j\u00e4senen\u00e4 sek\u00e4 varapuheenjohtajana.<\/p>\n<p>Mannerin kausi alkaa vuoden alussa. Varapuheenjohtajiksi valittiin Orionin toimitusjohtaja <strong>Liisa Hurme<\/strong> ja Versowoodin toimitusjohtaja <strong>Ville Kopra<\/strong>.<\/p>\n<p>\u200d<\/p>\n<p>Puheenjohtajakausi on kolmevuotinen. V\u00e4istyv\u00e4 puheenjohtaja, OP Pohjolan p\u00e4\u00e4johtaja <strong>Timo Ritakallio <\/strong>toimi puheenjohtajana t\u00e4ydet kolme vuotta.<\/p>\n<p>Muut hallitukseen valitut j\u00e4senet ensi vuodelle ovat toimialajohtaja <strong>Ari Akseli<\/strong> Keskosta, johtaja <strong>Nina Arkilahti<\/strong> Nordeasta, p\u00e4\u00e4johtaja <strong>Sari Heinonen<\/strong> L\u00e4hitapiolasta, toimitusjohtaja <strong>Vesa-Pekka Kangaskorpi<\/strong> Keskisuomalaisesta, toimitusjohtaja<strong>\u202fKatja<\/strong> <strong>Keitaanniemi<\/strong> OP Yrityspankista, toimitusjohtaja <strong>Hanna Korvenp\u00e4\u00e4<\/strong>,\u202fK\u00fchne\u202f+\u202fNagel\u202fLtd:st\u00e4, toimitusjohtaja <strong>Tomi<\/strong> <strong>Lantto<\/strong>\u202fAntell-konsernista, toimitusjohtaja <strong>Juhani Lehti<\/strong> Tampereen Konepajat Oy:st\u00e4, toimitusjohtaja\u202f<strong>Siam\u00e4k\u202fNaghian<\/strong>\u202fGenelecist\u00e4, hallituksen puheenjohtaja <strong>Panu Routila<\/strong>, toimitusjohtaja\u202f<strong>Susanna<\/strong> <strong>Takkunen<\/strong> Accenturesta sek\u00e4 johtaja <strong>Tommi Uitto<\/strong> Nokialta.<\/p>\n","protected":false},"excerpt":{"rendered":"Keskuskauppakamarin hallituksen puheenjohtajaksi on valittu Elisan toimitusjohtaja Topi Manner. Manner on toiminut aiemmin Keskuskauppakamarin hallituksen j\u00e4senen\u00e4 sek\u00e4 varapuheenjohtajana.&hellip;\n","protected":false},"author":2,"featured_media":115891,"comment_status":"","ping_status":"","sticky":false,"template":"","format":"standard","meta":{"footnotes":""},"categories":[76],"tags":[79,77,33,31,30,32,78],"class_list":{"0":"post-115890","1":"post","2":"type-post","3":"status-publish","4":"format-standard","5":"has-post-thumbnail","7":"category-talous","8":"tag-business","9":"tag-economy","10":"tag-fi","11":"tag-finland","12":"tag-finnish","13":"tag-suomi","14":"tag-talous"},"share_on_mastodon":{"url":"https:\/\/pubeurope.com\/@fi\/115716351984508723","error":""},"_links":{"self":[{"href":"https:\/\/www.europesays.com\/fi\/wp-json\/wp\/v2\/posts\/115890","targetHints":{"allow":["GET"]}}],"collection":[{"href":"https:\/\/www.europesays.com\/fi\/wp-json\/wp\/v2\/posts"}],"about":[{"href":"https:\/\/www.europesays.com\/fi\/wp-json\/wp\/v2\/types\/post"}],"author":[{"embeddable":true,"href":"https:\/\/www.europesays.com\/fi\/wp-json\/wp\/v2\/users\/2"}],"replies":[{"embeddable":true,"href":"https:\/\/www.europesays.com\/fi\/wp-json\/wp\/v2\/comments?post=115890"}],"version-history":[{"count":0,"href":"https:\/\/www.europesays.com\/fi\/wp-json\/wp\/v2\/posts\/115890\/revisions"}],"wp:featuredmedia":[{"embeddable":true,"href":"https:\/\/www.europesays.com\/fi\/wp-json\/wp\/v2\/media\/115891"}],"wp:attachment":[{"href":"https:\/\/www.europesays.com\/fi\/wp-json\/wp\/v2\/media?parent=115890"}],"wp:term":[{"taxonomy":"category","embeddable":true,"href":"https:\/\/www.europesays.com\/fi\/wp-json\/wp\/v2\/categories?post=115890"},{"taxonomy":"post_tag","embeddable":true,"href":"https:\/\/www.europesays.com\/fi\/wp-json\/wp\/v2\/tags?post=115890"}],"curies":[{"name":"wp","href":"https:\/\/api.w.org\/{rel}","templated":true}]}}