{"id":115892,"date":"2025-12-14T05:49:08","date_gmt":"2025-12-14T05:49:08","guid":{"rendered":"https:\/\/www.europesays.com\/fi\/115892\/"},"modified":"2025-12-14T05:49:08","modified_gmt":"2025-12-14T05:49:08","slug":"ukrainan-ja-yhdysvaltojen-maara-tavata-tama-rauhanneuvotteluista-tiedetaan","status":"publish","type":"post","link":"https:\/\/www.europesays.com\/fi\/115892\/","title":{"rendered":"Ukrainan ja Yhdysvaltojen m\u00e4\u00e4r\u00e4 tavata \u2013 t\u00e4m\u00e4 rauhanneuvotteluista tiedet\u00e4\u00e4n"},"content":{"rendered":"<p>Yhdysvaltojen, Euroopan ja Ukrainan p\u00e4\u00e4miehien ja edustajien on m\u00e4\u00e4r\u00e4 tavata rauhan edist\u00e4miseksi sunnuntain ja maanantain aikana Euroopassa.<\/p>\n<p class=\"article-body mb-nof-24 px-nof-16\">Valkoinen talo on vahvistanut, ett\u00e4 presidentti <a class=\"article-personlink\" href=\"https:\/\/www.is.fi\/haku\/?query=Donald%20Trumpin\" rel=\"nofollow noopener\" target=\"_blank\">Donald Trumpin<\/a> erityisl\u00e4hettil\u00e4s <a class=\"article-personlink\" href=\"https:\/\/www.is.fi\/haku\/?query=Steve%20Witkoff\" rel=\"nofollow noopener\" target=\"_blank\">Steve Witkoff<\/a> tapaa Ukrainan presidentti <a class=\"article-personlink\" href=\"https:\/\/www.is.fi\/haku\/?query=Volodymyr%20Zelenskyin\" rel=\"nofollow noopener\" target=\"_blank\">Volodymyr Zelenskyin<\/a> ja muita Euroopan johtajia Berliiniss\u00e4 viikonlopun aikana.<\/p>\n<p class=\"article-body mb-nof-24 px-nof-16\">Zelenskyi vahvisti niin ik\u00e4\u00e4n my\u00f6h\u00e4\u00e4n lauantai-iltana, ett\u00e4 tapaamisia Yhdysvaltojen ja Euroopan edustajien kanssa valmistellaan l\u00e4hip\u00e4iviksi.<\/p>\n<p class=\"article-body mb-nof-24 px-nof-16\">Saksa on lupautunut is\u00e4nn\u00f6im\u00e4\u00e4n valtioiden p\u00e4\u00e4miehi\u00e4 ja Euroopan unionin sek\u00e4 Naton edustajia maanantaina Berliiniss\u00e4, jossa Zelenskyi osallistuu my\u00f6s Saksan ja Ukrainan v\u00e4liseen talousfoorumiin liittokansleri <a class=\"article-personlink\" href=\"https:\/\/www.is.fi\/haku\/?query=Friedrich%20Merzin\" rel=\"nofollow noopener\" target=\"_blank\">Friedrich Merzin<\/a> kanssa.<\/p>\n<p class=\"article-body mb-nof-24 px-nof-16\">Puheet viikonlopun tapaamisesta tarkoittaisivat kuitenkin sit\u00e4, ett\u00e4 keskusteluja rauhansuunnitelman ty\u00f6st\u00e4misest\u00e4 k\u00e4yt\u00e4isiin Yhdysvaltojen, Ukrainan ja muun Euroopan v\u00e4lill\u00e4 jo sunnuntain aikana.<\/p>\n<p class=\"article-body mb-nof-24 px-nof-16\">Tasavallan presidentti <a class=\"article-personlink\" href=\"https:\/\/www.is.fi\/haku\/?query=Alexander%20Stubb\" rel=\"nofollow noopener\" target=\"_blank\">Alexander Stubb<\/a> matkustaa Berliiniin ja osallistuu rauhanneuvotteluja koskevaan tapaamiseen. Tapaamiseen <a class=\"article-genericlink\" href=\"https:\/\/www.wsj.com\/world\/europe\/witkoff-to-meet-zelensky-and-european-leaders-in-berlin-this-weekend-on-peace-plan-2fc621d7?mod=hp_lead_pos4\" rel=\"nofollow noopener\" target=\"_blank\">odotetaan osallistuvan <\/a>lis\u00e4ksi ainakin Ranskan presidentti <a class=\"article-personlink\" href=\"https:\/\/www.is.fi\/haku\/?query=%20Emmanuel%20Macronin\" rel=\"nofollow noopener\" target=\"_blank\"> Emmanuel Macronin<\/a> ja Britannian p\u00e4\u00e4ministeri <a class=\"article-personlink\" href=\"https:\/\/www.is.fi\/haku\/?query=Keir%20Starmerin\" rel=\"nofollow noopener\" target=\"_blank\">Keir Starmerin<\/a>. Yhdysvaltain seurueeseen odotetaan kuuluvaksi my\u00f6s presidentin v\u00e4vy <a class=\"article-personlink\" href=\"https:\/\/www.is.fi\/haku\/?query=Jared%20Kushner\" rel=\"nofollow noopener\" target=\"_blank\">Jared Kushner<\/a>.<\/p>\n<p class=\"article-body mb-nof-24 px-nof-16\">Rauhanneuvotteluissa <a class=\"article-genericlink\" href=\"https:\/\/kyivindependent.com\/witkoff-to-meet-zelensky-european-leaders-over-the-weekend-wsj-reports\/\" rel=\"nofollow noopener\" target=\"_blank\">kriittisimpi\u00e4 kohtia<\/a> vaikuttavat Ukrainalle olevan:<\/p>\n<ul class=\"mb-nof-16 px-nof-16 article-unordered-list unordered-list\">\n<li class=\"unordered-list-item\">\n<p class=\"article-body\">Donbasin alue, jota Ven\u00e4j\u00e4 vaatii itselleen, vaikka se ei ole t\u00e4ysin sen hallinnassa,<\/p>\n<\/li>\n<li class=\"unordered-list-item\">\n<p class=\"article-body\">kysymys siit\u00e4, kuka kontrolloi Zapori\u017e\u017ejan ydinvoimalaa ja,<\/p>\n<\/li>\n<li class=\"unordered-list-item\">\n<p class=\"article-body\">Yhdysvaltojen ja Euroopan maiden antamien turvatakuiden laajuus.<\/p>\n<\/li>\n<\/ul>\n<p class=\"article-body mb-nof-24 px-nof-16\">Yhdysvallat on ehdottanut kompromissiksi Donbasin alueen kysymykseen, ett\u00e4 siell\u00e4 Ukrainan hallussa yh\u00e4 olevista alueista tulisi<a class=\"article-genericlink\" href=\"https:\/\/www.wsj.com\/world\/ukraine-russia-trump-peace-plan-zelensky-strategy-96a7b2fc?mod=world_lead_story\" rel=\"nofollow noopener\" target=\"_blank\"> \u201dvapaa talousalue\u201d<\/a>.<\/p>\n<p class=\"article-body mb-nof-24 px-nof-16\">Yhdysvaltain alunperin esitt\u00e4m\u00e4ss\u00e4 rauhansuunnitelmassa Zapori\u017e\u017ejan ydinvoimalan toiminnoista vastaisivat yhdess\u00e4 Yhdysvallat ja Ven\u00e4j\u00e4. Ukraina <a class=\"article-genericlink\" href=\"https:\/\/www.wsj.com\/world\/europe\/ukraine-pitches-trump-on-vision-for-peace-but-tensions-over-territory-remain-a16295c4?mod=article_inline\" rel=\"nofollow noopener\" target=\"_blank\">taas haluaisi minimoida Ven\u00e4j\u00e4n roolin<\/a> ydinvoimalan hallinnoinnissa ja johtaa sen toimintoja yhdess\u00e4 Yhdysvaltojen kanssa.<\/p>\n<p class=\"article-body mb-nof-24 px-nof-16\">Zelenskyin mukaan tulevissa tapaamisissa turvatakuista neuvottelemassa ovat Ukrainan yleisesikunnan p\u00e4\u00e4llikk\u00f6 <a class=\"article-personlink\" href=\"https:\/\/www.is.fi\/haku\/?query=Andri%20Hnatov\" rel=\"nofollow noopener\" target=\"_blank\">Andri Hnatov<\/a> ja muita puolustussektorin edustajia. Sek\u00e4 Ukraina ett\u00e4 sen eurooppalaiset liittolaiset ovat pyyt\u00e4neet Yhdysvalloilta riitt\u00e4vi\u00e4 turvatakuita ennen mink\u00e4\u00e4nlaisten alueellisten my\u00f6nnytysten tekemist\u00e4.<\/p>\n<p class=\"article-body mb-nof-24 px-nof-16\">Euroopan johtajat keskustelivat Trumpin kanssa puhelimitse aiemmin kuluneella viikolla, ja kutsuivat Trumpin tapaamaan Zelenskyi\u00e4 Eurooppaan keskustelemaan rauhansuunnitelmista.<\/p>\n<p class=\"article-body mb-nof-24 px-nof-16\">Tuolloin Valkoisen talon tiedottaja <a class=\"article-personlink\" href=\"https:\/\/www.is.fi\/haku\/?query=Karoline%20Leavitt\" rel=\"nofollow noopener\" target=\"_blank\">Karoline Leavitt<\/a> vastasi, ett\u00e4 Washington l\u00e4hett\u00e4\u00e4 neuvotteluihin edustajan, mik\u00e4li katsoo sen hy\u00f6dylliseksi. Leavitt on my\u00f6s kommentoinut Trumpin olevan turhautunut k\u00e4ym\u00e4\u00e4n tapaamisissa vain tapaamisten t\u00e4hden.<\/p>\n<p class=\"article-body mb-nof-24 px-nof-16\">Sit\u00e4 ett\u00e4 Yhdysvaltojen edustajat osallistuvat neuvotteluihin Berliiniss\u00e4, voidaan pit\u00e4\u00e4 ainakin jonkinlaisena onnistumisena Ukrainalta ja sen eurooppalaisilta kumppaneilta.<\/p>\n","protected":false},"excerpt":{"rendered":"Yhdysvaltojen, Euroopan ja Ukrainan p\u00e4\u00e4miehien ja edustajien on m\u00e4\u00e4r\u00e4 tavata rauhan edist\u00e4miseksi sunnuntain ja maanantain aikana Euroopassa. Valkoinen&hellip;\n","protected":false},"author":2,"featured_media":115893,"comment_status":"","ping_status":"","sticky":false,"template":"","format":"standard","meta":{"footnotes":""},"categories":[14],"tags":[22,23,26,27,33,31,30,17,34,24,25,28,29,15,18,21,32,19,20,56,16,59,60,61],"class_list":{"0":"post-115892","1":"post","2":"type-post","3":"status-publish","4":"format-standard","5":"has-post-thumbnail","7":"category-ulkomaat","8":"tag-breaking-news","9":"tag-breakingnews","10":"tag-featured-news","11":"tag-featurednews","12":"tag-fi","13":"tag-finland","14":"tag-finnish","15":"tag-headlines","16":"tag-ilta-sanomat","17":"tag-latest-news","18":"tag-latestnews","19":"tag-main-news","20":"tag-mainnews","21":"tag-news","22":"tag-otsikot","23":"tag-paauutiset","24":"tag-suomi","25":"tag-top-stories","26":"tag-topstories","27":"tag-ulkomaat","28":"tag-uutiset","29":"tag-world","30":"tag-world-news","31":"tag-worldnews"},"share_on_mastodon":{"url":"https:\/\/pubeurope.com\/@fi\/115716355811274106","error":""},"_links":{"self":[{"href":"https:\/\/www.europesays.com\/fi\/wp-json\/wp\/v2\/posts\/115892","targetHints":{"allow":["GET"]}}],"collection":[{"href":"https:\/\/www.europesays.com\/fi\/wp-json\/wp\/v2\/posts"}],"about":[{"href":"https:\/\/www.europesays.com\/fi\/wp-json\/wp\/v2\/types\/post"}],"author":[{"embeddable":true,"href":"https:\/\/www.europesays.com\/fi\/wp-json\/wp\/v2\/users\/2"}],"replies":[{"embeddable":true,"href":"https:\/\/www.europesays.com\/fi\/wp-json\/wp\/v2\/comments?post=115892"}],"version-history":[{"count":0,"href":"https:\/\/www.europesays.com\/fi\/wp-json\/wp\/v2\/posts\/115892\/revisions"}],"wp:featuredmedia":[{"embeddable":true,"href":"https:\/\/www.europesays.com\/fi\/wp-json\/wp\/v2\/media\/115893"}],"wp:attachment":[{"href":"https:\/\/www.europesays.com\/fi\/wp-json\/wp\/v2\/media?parent=115892"}],"wp:term":[{"taxonomy":"category","embeddable":true,"href":"https:\/\/www.europesays.com\/fi\/wp-json\/wp\/v2\/categories?post=115892"},{"taxonomy":"post_tag","embeddable":true,"href":"https:\/\/www.europesays.com\/fi\/wp-json\/wp\/v2\/tags?post=115892"}],"curies":[{"name":"wp","href":"https:\/\/api.w.org\/{rel}","templated":true}]}}