{"id":115894,"date":"2025-12-14T05:50:10","date_gmt":"2025-12-14T05:50:10","guid":{"rendered":"https:\/\/www.europesays.com\/fi\/115894\/"},"modified":"2025-12-14T05:50:10","modified_gmt":"2025-12-14T05:50:10","slug":"laakarilta-vakava-varoitus-lapin-matkailijoille-lentokentalla-jo-pitaisi-olla-kyltti","status":"publish","type":"post","link":"https:\/\/www.europesays.com\/fi\/115894\/","title":{"rendered":"L\u00e4\u00e4k\u00e4rilt\u00e4 vakava varoitus Lapin-matkailijoille \u2013 \u201dLentokent\u00e4ll\u00e4 jo pit\u00e4isi olla kyltti\u201d"},"content":{"rendered":"<p>Kuolemantapaukset Lapin maastossa olisivat v\u00e4ltett\u00e4viss\u00e4, l\u00e4\u00e4k\u00e4ri sanoo.<\/p>\n<p>L\u00e4\u00e4k\u00e4ri muistuttaa siit\u00e4, miten vaarallista Lapin pakkaset voivat olla v\u00e4\u00e4r\u00e4ss\u00e4 varustuksessa.Video: Teemu Taulavuori, Colourbox, Antti H\u00e4m\u00e4l\u00e4inen<\/p>\n<p class=\"article-body mb-nof-24 px-nof-16\">Muoniossa mitattiin lauantain vastaisena y\u00f6n\u00e4 kuluvan talven pakkasenn\u00e4tys. Oustaj\u00e4rven mittauspisteell\u00e4 l\u00e4mp\u00f6tila laski y\u00f6ll\u00e4 \u201334,5 asteeseen, Ilmatieteen laitos kertoi X:ss\u00e4.<\/p>\n<p class=\"article-body mb-nof-24 px-nof-16\">Kaamoksen aikana Lapin luonto on hengenvaarallinen, muoniolaisl\u00e4\u00e4k\u00e4ri <a class=\"article-personlink\" href=\"https:\/\/www.is.fi\/haku\/?query=Teemu%20Taulavuori\" rel=\"nofollow noopener\" target=\"_blank\">Teemu Taulavuori<\/a> sanoo.<\/p>\n<p class=\"article-body mb-nof-24 px-nof-16\">\u2013 Olen muistaakseni joka joulukuu t\u00e4ss\u00e4 viiden vuoden aikana todennut maastoon menehtyneen vainajan, ja kaikki ne olisivat olleet tietysti v\u00e4ltett\u00e4viss\u00e4, Taulavuori kirjoittaa <a class=\"article-genericlink\" href=\"https:\/\/www.facebook.com\/reel\/664358329978411\" rel=\"nofollow noopener\" target=\"_blank\">Facebookissa<\/a>.<\/p>\n<p class=\"article-body mb-nof-24 px-nof-16\">Taulavuori sanoo Ilta-Sanomille, ett\u00e4 jos kuolemantapauksia ei tapahdu Suomessa, niit\u00e4 sattuu esimerkiksi Pohjois-Ruotsissa. Esimerkiksi belgialainen 22-vuotias tubettaja <a class=\"article-personlink\" href=\"https:\/\/www.is.fi\/haku\/?query=Storm%20de%20Beul\" rel=\"nofollow noopener\" target=\"_blank\">Storm de Beul<\/a> <a class=\"article-genericlink\" href=\"https:\/\/www.is.fi\/ulkomaat\/art-2000010866800.html\" rel=\"nofollow noopener\" target=\"_blank\">kuoli<\/a> Ruotsin Lapissa viime vuonna.<\/p>\n<p class=\"article-body mb-nof-24 px-nof-16\">\u2013 Juttelin juuri er\u00e4opaskoulutuksesta vastaavan henkil\u00f6n kanssa ja jaoimme samaa huolta. Muoniossa on pitk\u00e4aikainen ja huipputasoinen er\u00e4opaskoulutus, ja ihmiset voivat p\u00e4\u00e4st\u00e4 hyvin organisoiduille matkoille, Taulavuori sanoo.<\/p>\n<p class=\"article-body mb-nof-24 px-nof-16\">\u2013 Samalla on olemassa ilmi\u00f6, jossa Lappiin tullaan omin nokkineen ja omin suunnitelmin. En tied\u00e4, mit\u00e4 tulijat ajattelevat. Odotukset olosuhteista ovat j\u00e4rjett\u00f6mi\u00e4. Budjetin ja vakuutusten puolesta matkailijoilla ei ole edes edellytyksi\u00e4 muuttaa suunnitelmia.<\/p>\n<p><img decoding=\"async\" src=\"https:\/\/www.europesays.com\/fi\/wp-content\/uploads\/2025\/12\/1765691409_847_468.jpg\" alt=\"Lapissa vaativat olosuhteet ja pitk\u00e4t v\u00e4limatkat voivat yll\u00e4tt\u00e4\u00e4 matkailijan.\" class=\"_Img_1rerz_1\" style=\"aspect-ratio:1.5\" loading=\"eager\"\/><\/p>\n<p class=\"article-picture-caption\">Lapissa vaativat olosuhteet ja pitk\u00e4t v\u00e4limatkat voivat yll\u00e4tt\u00e4\u00e4 matkailijan. Kuva:\u00a0Antti H\u00e4m\u00e4l\u00e4inen<\/p>\n<p class=\"article-body mb-nof-24 px-nof-16\">Taulavuori uskoo, ett\u00e4 kyseess\u00e4 on kasvava ilmi\u00f6. Usein tapauksiin liittyy yksi yhdist\u00e4v\u00e4 tekij\u00e4: sosiaalinen media, johon matkaajat pyrkiv\u00e4t tuottamaan sis\u00e4lt\u00f6\u00e4.<\/p>\n<p class=\"article-body mb-nof-24 px-nof-16\">Perjantaina p\u00e4ivystykseen Muonioon tuotiin potilas polvivamman vuoksi. Polvivamma paljastui kuitenkin pian sivuseikaksi.<\/p>\n<p class=\"article-body mb-nof-24 px-nof-16\">\u2013 H\u00e4nell\u00e4kin oli vakuuttavan oloinen GoPro-kamera, mutta j\u00e4rjett\u00f6m\u00e4t kantamukset ja j\u00e4rjet\u00f6n matkasuunnitelma, jossa oli pitki\u00e4 etappeja.<\/p>\n<p class=\"article-body mb-nof-24 px-nof-16\">Usein matkailijat \u2013 eiv\u00e4tk\u00e4 pelk\u00e4st\u00e4\u00e4n ulkomaiset turistit, vaan my\u00f6s suomalaiset \u2013 syyllistyv\u00e4t Lapin vaativien olosuhteiden aliarviointiin.<\/p>\n<p class=\"article-body mb-nof-24 px-nof-16\">Pakkanen voi kiristy\u00e4 Lapissa hyvin nopeasti. Lis\u00e4ksi et\u00e4isyydet ovat pidempi\u00e4 kuin milt\u00e4 ne kartassa n\u00e4ytt\u00e4v\u00e4t, Taulavuori muistuttaa.<\/p>\n<p class=\"article-body mb-nof-24 px-nof-16\">\u2013 L\u00e4mp\u00f6tila voi laskea \u201310 asteesta \u201330 asteeseen tunneissa. Kerran henkil\u00f6 l\u00e4hti huonoilla varusteilla maastoon ja kuoli. Kun h\u00e4n l\u00e4hti, pakkasta oli varmaan kymmenen astetta. H\u00e4n ei ehtinyt laavulle ennen kuin pakkasta oli jo 35 astetta, Taulavuori kuvailee.<\/p>\n<p class=\"article-body mb-nof-24 px-nof-16\">\u2013 Jos saisin sanoa, niin lentokent\u00e4ll\u00e4 jo pit\u00e4isi olla kyltti, ett\u00e4 \u00e4l\u00e4 mene pakkasella maastoon omin nokkinesi.<\/p>\n<p><img decoding=\"async\" src=\"https:\/\/www.europesays.com\/fi\/wp-content\/uploads\/2025\/12\/1765691410_334_468.jpg\" alt=\"Toisinaan matkailijoiden odotukset Lapin olosuhteista ovat j\u00e4rjett\u00f6mi\u00e4, l\u00e4\u00e4k\u00e4ri Teemu Taulavuori sanoo.\" class=\"_Img_1rerz_1\" style=\"aspect-ratio:0.6489583333333333\" loading=\"eager\"\/><\/p>\n<p class=\"article-picture-caption\">Toisinaan matkailijoiden odotukset Lapin olosuhteista ovat j\u00e4rjett\u00f6mi\u00e4, l\u00e4\u00e4k\u00e4ri Teemu Taulavuori sanoo. Kuva:\u00a0Teemu Taulavuori<\/p>\n<p class=\"article-body mb-nof-24 px-nof-16\">Ongelma ei kuitenkaan rajoitu pelk\u00e4st\u00e4\u00e4n talveen. Taulavuori kertoo poimineensa py\u00f6r\u00e4ilij\u00f6it\u00e4 ja jalkaisin liikkeell\u00e4 olleita, n\u00e4lkiintyneit\u00e4 ja v\u00e4syneit\u00e4 matkailijoita auton kyytiin tien varresta my\u00f6s kes\u00e4isin.<\/p>\n<p class=\"article-body mb-nof-24 px-nof-16\">\u2013 Suunnitelmat ovat olleet kulkea Narvikista Nordkappiin ja sielt\u00e4 Helsinkiin. Mittasuhteet todella yll\u00e4tt\u00e4v\u00e4t monet. My\u00f6s se yll\u00e4tt\u00e4\u00e4, kuinka kylm\u00e4\u00e4 Lapissa voi olla my\u00f6s kes\u00e4ll\u00e4 \u2013 luntakin voi sataa.<\/p>\n<p class=\"article-body mb-nof-24 px-nof-16\">Lapin matkailua mainostetaan positiivisella otteella.<\/p>\n<p class=\"article-body mb-nof-24 px-nof-16\">\u2013 Nyt kaikki on hehkutusta. Kaikki on winter wonderland ja mahtavaa, autenttista seikkailua. Kuka on se, joka antaisi realistista kuvaa? Oppaiden puoleen kannattaisi k\u00e4\u00e4nty\u00e4 useammin, Taulavuori toteaa.<\/p>\n<p class=\"article-body mb-nof-24 px-nof-16\">Taulavuori kirjoittaa Facebookissa, ett\u00e4 vaaralliset seikkailut seurauksineen eiv\u00e4t mahdu virka-aikaan.<\/p>\n<p class=\"article-body mb-nof-24 px-nof-16\">\u2013 Onneksi on my\u00f6s toimintaa terveydenhuollossa kello 16 j\u00e4lkeen.<\/p>\n","protected":false},"excerpt":{"rendered":"Kuolemantapaukset Lapin maastossa olisivat v\u00e4ltett\u00e4viss\u00e4, l\u00e4\u00e4k\u00e4ri sanoo. L\u00e4\u00e4k\u00e4ri muistuttaa siit\u00e4, miten vaarallista Lapin pakkaset voivat olla v\u00e4\u00e4r\u00e4ss\u00e4 varustuksessa.Video:&hellip;\n","protected":false},"author":2,"featured_media":115895,"comment_status":"","ping_status":"","sticky":false,"template":"","format":"standard","meta":{"footnotes":""},"categories":[12],"tags":[22,23,26,27,33,31,30,17,34,24,25,28,29,15,18,21,32,19,20,16],"class_list":{"0":"post-115894","1":"post","2":"type-post","3":"status-publish","4":"format-standard","5":"has-post-thumbnail","7":"category-suomi","8":"tag-breaking-news","9":"tag-breakingnews","10":"tag-featured-news","11":"tag-featurednews","12":"tag-fi","13":"tag-finland","14":"tag-finnish","15":"tag-headlines","16":"tag-ilta-sanomat","17":"tag-latest-news","18":"tag-latestnews","19":"tag-main-news","20":"tag-mainnews","21":"tag-news","22":"tag-otsikot","23":"tag-paauutiset","24":"tag-suomi","25":"tag-top-stories","26":"tag-topstories","27":"tag-uutiset"},"share_on_mastodon":{"url":"https:\/\/pubeurope.com\/@fi\/115716359914201855","error":""},"_links":{"self":[{"href":"https:\/\/www.europesays.com\/fi\/wp-json\/wp\/v2\/posts\/115894","targetHints":{"allow":["GET"]}}],"collection":[{"href":"https:\/\/www.europesays.com\/fi\/wp-json\/wp\/v2\/posts"}],"about":[{"href":"https:\/\/www.europesays.com\/fi\/wp-json\/wp\/v2\/types\/post"}],"author":[{"embeddable":true,"href":"https:\/\/www.europesays.com\/fi\/wp-json\/wp\/v2\/users\/2"}],"replies":[{"embeddable":true,"href":"https:\/\/www.europesays.com\/fi\/wp-json\/wp\/v2\/comments?post=115894"}],"version-history":[{"count":0,"href":"https:\/\/www.europesays.com\/fi\/wp-json\/wp\/v2\/posts\/115894\/revisions"}],"wp:featuredmedia":[{"embeddable":true,"href":"https:\/\/www.europesays.com\/fi\/wp-json\/wp\/v2\/media\/115895"}],"wp:attachment":[{"href":"https:\/\/www.europesays.com\/fi\/wp-json\/wp\/v2\/media?parent=115894"}],"wp:term":[{"taxonomy":"category","embeddable":true,"href":"https:\/\/www.europesays.com\/fi\/wp-json\/wp\/v2\/categories?post=115894"},{"taxonomy":"post_tag","embeddable":true,"href":"https:\/\/www.europesays.com\/fi\/wp-json\/wp\/v2\/tags?post=115894"}],"curies":[{"name":"wp","href":"https:\/\/api.w.org\/{rel}","templated":true}]}}