{"id":115896,"date":"2025-12-14T05:51:11","date_gmt":"2025-12-14T05:51:11","guid":{"rendered":"https:\/\/www.europesays.com\/fi\/115896\/"},"modified":"2025-12-14T05:51:11","modified_gmt":"2025-12-14T05:51:11","slug":"yk-kuusi-rauhanturvaajaa-kuollut-sudanissa","status":"publish","type":"post","link":"https:\/\/www.europesays.com\/fi\/115896\/","title":{"rendered":"YK: Kuusi rauhanturvaajaa kuollut Sudanissa"},"content":{"rendered":"<p>YK:n p\u00e4\u00e4sihteeri tuomitsi teon tuoreeltaan.<\/p>\n<p class=\"article-body mb-nof-24 px-nof-16\">Kuusi Yhdistyneiden Kansakuntien (YK) rauhanturvaajaa <a class=\"article-genericlink\" href=\"https:\/\/news.un.org\/en\/story\/2025\/12\/1166592\" rel=\"nofollow noopener\" target=\"_blank\">on kuollut<\/a> etel\u00e4isess\u00e4 Sudanissa. Kaikki kuolleet olivat bangladeshilaisia.<\/p>\n<p class=\"article-body mb-nof-24 px-nof-16\">Rauhanturvaajat kuolivat drooni-iskussa tukikohtaan lauantaina Kaduglin kaupungissa Kordofan alueella. Rauhanturvaajat olivat osa v\u00e4liaikaisia Abyein rauhanturvajoukkoja.<\/p>\n<p class=\"article-body mb-nof-24 px-nof-16\">Kuolleiden lis\u00e4ksi kahdeksan muuta rauhanturvaajaa loukkaantui.<\/p>\n<p class=\"article-body mb-nof-24 px-nof-16\">\u2013 YK:n rauhanturvaajiin kohdistettuja iskuja voidaan pit\u00e4\u00e4 sotarikoksina kansainv\u00e4lisen lain nojalla, YK:n p\u00e4\u00e4sihteeri <a class=\"article-personlink\" href=\"https:\/\/www.is.fi\/haku\/?query=Antonio%20Guterres\" rel=\"nofollow noopener\" target=\"_blank\">Antonio Guterres<\/a> lausui tapauksesta X:ss\u00e4.<\/p>\n<p class=\"article-body mb-nof-24 px-nof-16\">Sudanin asevoimat <a class=\"article-genericlink\" href=\"https:\/\/www.theguardian.com\/world\/2025\/dec\/13\/drone-strike-on-un-facility-in-war-torn-sudan-leaves-six-peacekeepers-dead\" rel=\"nofollow noopener\" target=\"_blank\">syytti <\/a>teosta puolisotilaallisia RSF-joukkoja, jotka eiv\u00e4t ole toistaiseksi kommentoineet tapausta.<\/p>\n<p class=\"article-body mb-nof-24 px-nof-16\">Osapuolten v\u00e4liset yhteenotot <a class=\"article-genericlink\" href=\"https:\/\/www.nytimes.com\/2025\/12\/13\/world\/africa\/sudan-un-peacekeepers-killed-drone-strike.html\" rel=\"nofollow noopener\" target=\"_blank\">ovat keskittyneet <\/a>viime aikoina juuri Kordofan alueelle Konflikti on kiihtynyt sen j\u00e4lkeen, kun RSF-joukot saivat haltuunsa El-Fasherin lokakuussa, joka oli Sudanin armeijan viimeinen tukikohta Darfurin alueella.<\/p>\n<p class=\"article-body mb-nof-24 px-nof-16\">El-Fasherista on paljastunut RSF-joukkojen haltuunoton j\u00e4lkeen laajamittainen tuho ja joulukuun alussa arvioitiin, ett\u00e4 ainakin <a class=\"article-genericlink\" href=\"https:\/\/www.theguardian.com\/global-development\/2025\/dec\/05\/rsf-massacres-sudanese-city-el-fasher-slaughterhouse-satellite-images\" rel=\"nofollow noopener\" target=\"_blank\">60\u202f000 ihmist\u00e4 on tapettu <\/a>kolmen viikon aikana alueen sotatoimien yhteydess\u00e4 alueella.<\/p>\n<p class=\"article-body mb-nof-24 px-nof-16\">Puolisotilaalliset RSF-joukot ovat olleet sodassa Sudanin asevoimia vastaan vuodesta 2023.<\/p>\n","protected":false},"excerpt":{"rendered":"YK:n p\u00e4\u00e4sihteeri tuomitsi teon tuoreeltaan. Kuusi Yhdistyneiden Kansakuntien (YK) rauhanturvaajaa on kuollut etel\u00e4isess\u00e4 Sudanissa. Kaikki kuolleet olivat bangladeshilaisia.&hellip;\n","protected":false},"author":2,"featured_media":115897,"comment_status":"","ping_status":"","sticky":false,"template":"","format":"standard","meta":{"footnotes":""},"categories":[5],"tags":[22,23,26,27,33,31,30,17,34,24,25,28,29,15,18,21,32,19,20,16],"class_list":{"0":"post-115896","1":"post","2":"type-post","3":"status-publish","4":"format-standard","5":"has-post-thumbnail","7":"category-otsikot","8":"tag-breaking-news","9":"tag-breakingnews","10":"tag-featured-news","11":"tag-featurednews","12":"tag-fi","13":"tag-finland","14":"tag-finnish","15":"tag-headlines","16":"tag-ilta-sanomat","17":"tag-latest-news","18":"tag-latestnews","19":"tag-main-news","20":"tag-mainnews","21":"tag-news","22":"tag-otsikot","23":"tag-paauutiset","24":"tag-suomi","25":"tag-top-stories","26":"tag-topstories","27":"tag-uutiset"},"share_on_mastodon":{"url":"https:\/\/pubeurope.com\/@fi\/115716363565921792","error":""},"_links":{"self":[{"href":"https:\/\/www.europesays.com\/fi\/wp-json\/wp\/v2\/posts\/115896","targetHints":{"allow":["GET"]}}],"collection":[{"href":"https:\/\/www.europesays.com\/fi\/wp-json\/wp\/v2\/posts"}],"about":[{"href":"https:\/\/www.europesays.com\/fi\/wp-json\/wp\/v2\/types\/post"}],"author":[{"embeddable":true,"href":"https:\/\/www.europesays.com\/fi\/wp-json\/wp\/v2\/users\/2"}],"replies":[{"embeddable":true,"href":"https:\/\/www.europesays.com\/fi\/wp-json\/wp\/v2\/comments?post=115896"}],"version-history":[{"count":0,"href":"https:\/\/www.europesays.com\/fi\/wp-json\/wp\/v2\/posts\/115896\/revisions"}],"wp:featuredmedia":[{"embeddable":true,"href":"https:\/\/www.europesays.com\/fi\/wp-json\/wp\/v2\/media\/115897"}],"wp:attachment":[{"href":"https:\/\/www.europesays.com\/fi\/wp-json\/wp\/v2\/media?parent=115896"}],"wp:term":[{"taxonomy":"category","embeddable":true,"href":"https:\/\/www.europesays.com\/fi\/wp-json\/wp\/v2\/categories?post=115896"},{"taxonomy":"post_tag","embeddable":true,"href":"https:\/\/www.europesays.com\/fi\/wp-json\/wp\/v2\/tags?post=115896"}],"curies":[{"name":"wp","href":"https:\/\/api.w.org\/{rel}","templated":true}]}}