{"id":115902,"date":"2025-12-14T06:14:11","date_gmt":"2025-12-14T06:14:11","guid":{"rendered":"https:\/\/www.europesays.com\/fi\/115902\/"},"modified":"2025-12-14T06:14:11","modified_gmt":"2025-12-14T06:14:11","slug":"vaikuttava-mutta-helppo-unohtaa-audin-lataushybridi-on-ylen-kallis-puolisahkoauto-niille-jotka-jamahtivat-bensakaudelle","status":"publish","type":"post","link":"https:\/\/www.europesays.com\/fi\/115902\/","title":{"rendered":"Vaikuttava, mutta helppo unohtaa \u2013 Audin lataushybridi on ylen kallis puolis\u00e4hk\u00f6auto niille, jotka j\u00e4m\u00e4htiv\u00e4t bensakaudelle"},"content":{"rendered":"<p>                                  Kotimaa<\/p>\n<p>                <img loading=\"lazy\" decoding=\"async\" itemprop=\"contentUrl\" class=\"figure-img img-fluid\"  src=\"https:\/\/www.europesays.com\/fi\/wp-content\/uploads\/2025\/12\/1765692851_493_imengine.public.prod.hil.infomaker.io\" width=\"3264\" height=\"1836\"  alt=\"\"\/><\/p>\n<p>                                    Grenadiininpunainen metalliv\u00e4ri pukee Audin Q5-lataushybridi\u00e4. Auton valtteja ovat ajattoman tyylik\u00e4s muotoilu ja hyv\u00e4 tilank\u00e4ytt\u00f6.<br \/>\n                                                    Kuva:<br \/>\n                    Kari Pitk\u00e4nen<\/p>\n<p class=\"ew-preamble\" itemprop=\"description\">\u201dQ5-hybridi on kokonaisuutena kallis valinta aikana, jolloin saa halvemmalla p\u00e4tev\u00e4n ja k\u00e4ytt\u00f6kuluiltaan monta kertaa taloudellisemman s\u00e4hk\u00f6auton\u201d, kirjoittaa auto- ja liikennetoimittaja Kari Pitk\u00e4nen.<\/p>\n<dl class=\"authorbox__creator--dl authorbox__creator--dl--top\">\n<dt class=\"authorbox__creator--name\">\n      Kari Pitk\u00e4nen\n    <\/dt>\n<dd class=\"authorbox__creator--description\">Keskipohjanmaa<\/dd>\n<\/dl>\n<p>              Sun 14.12.2025 klo 7:00<br \/>\n                  | P\u00e4ivitetty: Sun 14.12.2025 klo 7:38<\/p>\n<p>      MAINOS &#8211; juttu jatkuu mainoksen j\u00e4lkeen<\/p>\n<p>      MAINOS &#8211; mainos p\u00e4\u00e4ttyy<\/p>\n<p class=\"ew-body\">\u201dNo nyt on hieno auto\u201d, tokaisi vaimoni, kun h\u00e4n ensi kerran n\u00e4ki pihaamme pys\u00e4k\u00f6idyn Audi Q5 -lataushybridin.<\/p>\n<p class=\"ew-body\">Uskokaa minua: tuollaiset kiitokset ovat meill\u00e4 harvinaisia, kun\u00a0erilaisia koeajoautoja tulee ja menee.<\/p>\n<p class=\"ew-body\">Jokin siis Audissa vieh\u00e4tti, eik\u00e4 v\u00e4hiten sen sopuisa ja rauhallisen vakuuttava ulkon\u00e4k<\/p>\n<p>  <a class=\"btn btn-secondary btn-icon-left\" href=\"#coral_thread\"><br \/>\n    <img decoding=\"async\" src=\"https:\/\/www.keskipohjanmaa.fi\/wp-content\/themes\/hilla-theme\/assets\/img\/icon_comments.svg\" alt=\"\"\/><br \/>\n    Kommentoi<br \/>\n    \u00a0(0)<br \/>\n  <\/a><\/p>\n<p>  <a class=\"btn btn-secondary btn-icon-left mailto_web\" href=\"mailto:toimitus@keskipohjanmaa.fi?subject=Ilmoita%20asiavirheest%C3%A4&amp;body=Otsikko%3A%20Vaikuttava%2C%20mutta%20helppo%20unohtaa%20%E2%80%93%20Audin%20lataushybridi%20on%20ylen%20kallis%20puolis%C3%A4hk%C3%B6auto%20niille%2C%20jotka%20j%C3%A4m%C3%A4htiv%C3%A4t%20bensakaudelle%0AUuid%3A%206f03c455-b918-4d94-923e-a9fd10f9df2c%0AUrl%3A%20https%3A%2F%2Fwww.keskipohjanmaa.fi%2Fartikkeli%2Fvaikuttava-mutta-helppo-unohtaa-audin-lataushybridi-on-ylen-kallis-puolisahkoauto-niille-jotka-j\"><br \/>\n    <img decoding=\"async\" src=\"https:\/\/www.keskipohjanmaa.fi\/wp-content\/themes\/hilla-theme\/assets\/img\/icon_feedback.svg\" alt=\"\"\/><br \/>\n    Ilmoita asiavirheest\u00e4<br \/>\n  <\/a><\/p>\n","protected":false},"excerpt":{"rendered":"Kotimaa Grenadiininpunainen metalliv\u00e4ri pukee Audin Q5-lataushybridi\u00e4. Auton valtteja ovat ajattoman tyylik\u00e4s muotoilu ja hyv\u00e4 tilank\u00e4ytt\u00f6. Kuva: Kari Pitk\u00e4nen&hellip;\n","protected":false},"author":2,"featured_media":115903,"comment_status":"","ping_status":"","sticky":false,"template":"","format":"standard","meta":{"footnotes":""},"categories":[76],"tags":[79,77,33,31,30,32,78],"class_list":{"0":"post-115902","1":"post","2":"type-post","3":"status-publish","4":"format-standard","5":"has-post-thumbnail","7":"category-talous","8":"tag-business","9":"tag-economy","10":"tag-fi","11":"tag-finland","12":"tag-finnish","13":"tag-suomi","14":"tag-talous"},"share_on_mastodon":{"url":"https:\/\/pubeurope.com\/@fi\/115716454462388560","error":""},"_links":{"self":[{"href":"https:\/\/www.europesays.com\/fi\/wp-json\/wp\/v2\/posts\/115902","targetHints":{"allow":["GET"]}}],"collection":[{"href":"https:\/\/www.europesays.com\/fi\/wp-json\/wp\/v2\/posts"}],"about":[{"href":"https:\/\/www.europesays.com\/fi\/wp-json\/wp\/v2\/types\/post"}],"author":[{"embeddable":true,"href":"https:\/\/www.europesays.com\/fi\/wp-json\/wp\/v2\/users\/2"}],"replies":[{"embeddable":true,"href":"https:\/\/www.europesays.com\/fi\/wp-json\/wp\/v2\/comments?post=115902"}],"version-history":[{"count":0,"href":"https:\/\/www.europesays.com\/fi\/wp-json\/wp\/v2\/posts\/115902\/revisions"}],"wp:featuredmedia":[{"embeddable":true,"href":"https:\/\/www.europesays.com\/fi\/wp-json\/wp\/v2\/media\/115903"}],"wp:attachment":[{"href":"https:\/\/www.europesays.com\/fi\/wp-json\/wp\/v2\/media?parent=115902"}],"wp:term":[{"taxonomy":"category","embeddable":true,"href":"https:\/\/www.europesays.com\/fi\/wp-json\/wp\/v2\/categories?post=115902"},{"taxonomy":"post_tag","embeddable":true,"href":"https:\/\/www.europesays.com\/fi\/wp-json\/wp\/v2\/tags?post=115902"}],"curies":[{"name":"wp","href":"https:\/\/api.w.org\/{rel}","templated":true}]}}