{"id":115904,"date":"2025-12-14T06:15:09","date_gmt":"2025-12-14T06:15:09","guid":{"rendered":"https:\/\/www.europesays.com\/fi\/115904\/"},"modified":"2025-12-14T06:15:09","modified_gmt":"2025-12-14T06:15:09","slug":"yk-sudanissa-kuusi-rauhanturvaajaa-on-saanut-surmansa-drooni-iskussa","status":"publish","type":"post","link":"https:\/\/www.europesays.com\/fi\/115904\/","title":{"rendered":"YK: Sudanissa kuusi rauhanturvaajaa on saanut surmansa drooni-iskussa"},"content":{"rendered":"<p>Lauantaina tehdyss\u00e4 iskussa haavoittui YK:n mukaan lis\u00e4ksi kahdeksan rauhanturvaajaa.<\/p>\n<p class=\"article-body mb-nof-24 px-nof-16\">Sudanin etel\u00e4osassa kuusi YK:n rauhanturvaajaa on saanut surmansa drooni-iskussa, <a class=\"article-genericlink\" href=\"https:\/\/news.un.org\/en\/story\/2025\/12\/1166592\" rel=\"nofollow noopener\" target=\"_blank\">kertoi<\/a> YK. Lauantaina tehdyss\u00e4 iskussa haavoittui YK:n mukaan lis\u00e4ksi kahdeksan rauhanturvaajaa.<\/p>\n<p class=\"article-body mb-nof-24 px-nof-16\">Kaikki uhrit olivat bangladeshilaisia, jotka ovat palvelleet YK:n UNISFA-rauhanturvaoperaatiossa Abyein alueella Etel\u00e4-Sudanin ja Sudanin v\u00e4lisell\u00e4 rajaseudulla.<\/p>\n<p class=\"article-body mb-nof-24 px-nof-16\">YK:n p\u00e4\u00e4sihteeri <a class=\"article-personlink\" href=\"https:\/\/www.satakunnankansa.fi\/haku\/?query=Antonio%20Guterres\" rel=\"nofollow noopener\" target=\"_blank\">Antonio Guterres<\/a> sanoi tuomitsevansa iskun. Guterresin mukaan tapaus voi t\u00e4ytt\u00e4\u00e4 sotarikoksen tunnusmerkit.<\/p>\n<p class=\"article-body mb-nof-24 px-nof-16\">Sek\u00e4 Etel\u00e4-Sudan ett\u00e4 Sudan katsovat \u00f6ljyrikkaan Abyein alueen kuuluvan itseens\u00e4. YK:n rauhanturvaoperaatio UNISFA k\u00e4ynnistettiin vuonna 2011, jolloin Etel\u00e4-Sudan itsen\u00e4istyi Sudanista.<\/p>\n<p class=\"article-body mb-nof-24 px-nof-16\">Puolisotilaalliset RSF-joukot ovat olleet sodassa Sudanin asevoimia vastaan vuoden 2023 huhtikuusta l\u00e4htien. YK on kuvannut Sudanin tilannetta maailman suurimmaksi pakolais- ja n\u00e4lk\u00e4kriisiksi. Taisteluiden seurauksena on kuollut kymmeni\u00e4tuhansia ihmisi\u00e4, ja noin 12 miljoonaa ihmist\u00e4 on joutunut j\u00e4tt\u00e4m\u00e4\u00e4n kotinsa.<\/p>\n","protected":false},"excerpt":{"rendered":"Lauantaina tehdyss\u00e4 iskussa haavoittui YK:n mukaan lis\u00e4ksi kahdeksan rauhanturvaajaa. Sudanin etel\u00e4osassa kuusi YK:n rauhanturvaajaa on saanut surmansa drooni-iskussa,&hellip;\n","protected":false},"author":2,"featured_media":2527,"comment_status":"","ping_status":"","sticky":false,"template":"","format":"standard","meta":{"footnotes":""},"categories":[14],"tags":[22,23,26,27,33,31,30,17,24,25,28,29,15,18,21,80,32,19,20,56,16,59,60,61],"class_list":{"0":"post-115904","1":"post","2":"type-post","3":"status-publish","4":"format-standard","5":"has-post-thumbnail","7":"category-ulkomaat","8":"tag-breaking-news","9":"tag-breakingnews","10":"tag-featured-news","11":"tag-featurednews","12":"tag-fi","13":"tag-finland","14":"tag-finnish","15":"tag-headlines","16":"tag-latest-news","17":"tag-latestnews","18":"tag-main-news","19":"tag-mainnews","20":"tag-news","21":"tag-otsikot","22":"tag-paauutiset","23":"tag-satakunnan-kansa","24":"tag-suomi","25":"tag-top-stories","26":"tag-topstories","27":"tag-ulkomaat","28":"tag-uutiset","29":"tag-world","30":"tag-world-news","31":"tag-worldnews"},"share_on_mastodon":{"url":"https:\/\/pubeurope.com\/@fi\/115716458106666655","error":""},"_links":{"self":[{"href":"https:\/\/www.europesays.com\/fi\/wp-json\/wp\/v2\/posts\/115904","targetHints":{"allow":["GET"]}}],"collection":[{"href":"https:\/\/www.europesays.com\/fi\/wp-json\/wp\/v2\/posts"}],"about":[{"href":"https:\/\/www.europesays.com\/fi\/wp-json\/wp\/v2\/types\/post"}],"author":[{"embeddable":true,"href":"https:\/\/www.europesays.com\/fi\/wp-json\/wp\/v2\/users\/2"}],"replies":[{"embeddable":true,"href":"https:\/\/www.europesays.com\/fi\/wp-json\/wp\/v2\/comments?post=115904"}],"version-history":[{"count":0,"href":"https:\/\/www.europesays.com\/fi\/wp-json\/wp\/v2\/posts\/115904\/revisions"}],"wp:featuredmedia":[{"embeddable":true,"href":"https:\/\/www.europesays.com\/fi\/wp-json\/wp\/v2\/media\/2527"}],"wp:attachment":[{"href":"https:\/\/www.europesays.com\/fi\/wp-json\/wp\/v2\/media?parent=115904"}],"wp:term":[{"taxonomy":"category","embeddable":true,"href":"https:\/\/www.europesays.com\/fi\/wp-json\/wp\/v2\/categories?post=115904"},{"taxonomy":"post_tag","embeddable":true,"href":"https:\/\/www.europesays.com\/fi\/wp-json\/wp\/v2\/tags?post=115904"}],"curies":[{"name":"wp","href":"https:\/\/api.w.org\/{rel}","templated":true}]}}