{"id":115913,"date":"2025-12-14T06:34:10","date_gmt":"2025-12-14T06:34:10","guid":{"rendered":"https:\/\/www.europesays.com\/fi\/115913\/"},"modified":"2025-12-14T06:34:10","modified_gmt":"2025-12-14T06:34:10","slug":"netflix-julkaisi-jatko-osan-suositulle-elokuvasarjalle-mukana-hurja-maara-huipputahtia","status":"publish","type":"post","link":"https:\/\/www.europesays.com\/fi\/115913\/","title":{"rendered":"Netflix julkaisi jatko-osan suositulle elokuvasarjalle: Mukana hurja m\u00e4\u00e4r\u00e4 huipput\u00e4hti\u00e4"},"content":{"rendered":"<p>Daniel Craig selvittelee j\u00e4lleen murhaa uutuuselokuvassa.<\/p>\n<p><img decoding=\"async\" class=\"image image-show image-preview\" src=\"https:\/\/www.europesays.com\/fi\/wp-content\/uploads\/2025\/12\/c6a1de9d0e6b40784a2f33681e439bf3b248de7ec34a3e24b3961e05a6efe865.jpg\" alt=\"\"\/><img decoding=\"async\" class=\"image image-show\" src=\"https:\/\/www.europesays.com\/fi\/wp-content\/uploads\/2025\/12\/1765694050_690_c6a1de9d0e6b40784a2f33681e439bf3b248de7ec34a3e24b3961e05a6efe865.jpg\" alt=\"\"\/><\/p>\n<p>Daniel Craig (keskell\u00e4) on kasvattanut pitk\u00e4n tukan roolia varten. netflix<\/p>\n<p class=\"paragraph\">N\u00e4yttelij\u00e4 <a href=\"https:\/\/www.iltalehti.fi\/henkilot\/Daniel Craig\" class=\"article-link-person-page\" rel=\"nofollow noopener\" target=\"_blank\">Daniel Craig<\/a> t\u00e4hditt\u00e4\u00e4 j\u00e4lleen etsiv\u00e4 Benoit Blancin roolissa uudessa Wake Up Dead Man: A Knives Out Mystery -elokuvassa.<\/p>\n<p class=\"paragraph\">Karismaattinen pastori murhataan kesken saarnan. Tuntuu, ettei mik\u00e4\u00e4n logiikka pysty selitt\u00e4m\u00e4\u00e4n, miten murha toteutettiin. Apuun kutsutaan omalaatuinen etsiv\u00e4 Benoit Blanc. T\u00e4ll\u00e4 kertaa luvassa on etsiv\u00e4n vaikein ja haastavin murhamysteeri.<\/p>\n<p class=\"paragraph\">Elokuvasarjan kolmas osa ilmestyi Netflixiss\u00e4 perjantaina 12. joulukuuta.<\/p>\n<p class=\"paragraph\">Craigin lis\u00e4ksi elokuvassa n\u00e4hd\u00e4\u00e4n monia huippun\u00e4yttelij\u00f6it\u00e4, kuten <a href=\"https:\/\/www.iltalehti.fi\/henkilot\/Glenn Close\" class=\"article-link-person-page\" rel=\"nofollow noopener\" target=\"_blank\">Glenn Close<\/a>, <a href=\"https:\/\/www.iltalehti.fi\/henkilot\/Mila Kunis\" class=\"article-link-person-page\" rel=\"nofollow noopener\" target=\"_blank\">Mila Kunis<\/a>, <a href=\"http:\/\/www.iltalehti.fi\/henkilot\/Josh O&#039;Connor\" class=\"article-link-person-page\" rel=\"nofollow noopener\" target=\"_blank\">Josh O\u2019Connor<\/a>, <a href=\"https:\/\/www.iltalehti.fi\/henkilot\/Andrew Scott\" class=\"article-link-person-page\" rel=\"nofollow noopener\" target=\"_blank\">Andrew Scott<\/a>, <a href=\"https:\/\/www.iltalehti.fi\/henkilot\/Kerry Washington\" class=\"article-link-person-page\" rel=\"nofollow noopener\" target=\"_blank\">Kerry Washington<\/a>, <a href=\"https:\/\/www.iltalehti.fi\/henkilot\/Jeremy Renner\" class=\"article-link-person-page\" rel=\"nofollow noopener\" target=\"_blank\">Jeremy Renner<\/a> ja <a href=\"https:\/\/www.iltalehti.fi\/henkilot\/Cailee Spaeny\" class=\"article-link-person-page\" rel=\"nofollow noopener\" target=\"_blank\">Cailee Spaeny<\/a>. Ohjauksesta vastaa edellisten osien tapaan <strong>Rian Johnson<\/strong>.<\/p>\n<p class=\"paragraph\">Brittit\u00e4hti n\u00e4ytteli monia vuosia James Bondin roolissa. H\u00e4n avautui hiljattain <a href=\"https:\/\/www.dailymail.co.uk\/tvshowbiz\/article-15374435\/Daniel-Craig-enjoying-acting-quitting-James-Bond-working-harder-ever.html\" target=\"_blank\" rel=\"noopener nofollow\">Radio Timesin<\/a> haastattelussa, miten roolista luopuminen on vaikuttanut h\u00e4neen.<\/p>\n<p class=\"paragraph\">\u2013 Teen t\u00f6it\u00e4 kovemmin kuin koskaan ennen, mutta nautin siit\u00e4 my\u00f6s enemm\u00e4n kuin koskaan ennen. Saan tehd\u00e4 todella mielenkiintoisia, erilaisia asioita, Craig sanoi.<\/p>\n<p class=\"paragraph\">Elokuvasarjan toinen osa ilmestyi pari vuotta sitten. Tuolloin murhamysteeri ker\u00e4si huiman suosion.<\/p>\n<p class=\"paragraph\">Kolmen ensimm\u00e4isen p\u00e4iv\u00e4n j\u00e4lkeen elokuvaa oli katsottu 82,1 miljoonan katselutunnin verran. Samalla se nousi listojen k\u00e4rkeen katsotuimpana elokuvana. Netflixin arvion mukaan elokuvaa katsoi 35\u00a0miljoonaa kotitaloutta yli 93 eri maassa.<\/p>\n<p class=\"paragraph\">Elokuva sai tuolloin rajoitetun elokuvateatterilevityksen Yhdysvalloissa.<\/p>\n<p>Murhamysteerin kolmas osa sai ensi-iltansa perjantaina Netflixiss\u00e4. Netflix<\/p>\n","protected":false},"excerpt":{"rendered":"Daniel Craig selvittelee j\u00e4lleen murhaa uutuuselokuvassa. Daniel Craig (keskell\u00e4) on kasvattanut pitk\u00e4n tukan roolia varten. netflix N\u00e4yttelij\u00e4 Daniel&hellip;\n","protected":false},"author":2,"featured_media":115914,"comment_status":"","ping_status":"","sticky":false,"template":"","format":"standard","meta":{"footnotes":""},"categories":[131],"tags":[35,153,155,137,33,173,31,30,2118,172,32,2120,140,2117,109],"class_list":{"0":"post-115913","1":"post","2":"type-post","3":"status-publish","4":"format-standard","5":"has-post-thumbnail","7":"category-elokuvat","8":"tag-24h","9":"tag-audiovisuaalinen-media","10":"tag-elokuvat","11":"tag-entertainment","12":"tag-fi","13":"tag-film","14":"tag-finland","15":"tag-finnish","16":"tag-internetvideopalvelut","17":"tag-movies","18":"tag-suomi","19":"tag-tilausvideo-video-on-demand","20":"tag-tv-ja-elokuvat","21":"tag-videon-suoratoisto","22":"tag-viihde"},"share_on_mastodon":{"url":"https:\/\/pubeurope.com\/@fi\/115716533067512313","error":""},"_links":{"self":[{"href":"https:\/\/www.europesays.com\/fi\/wp-json\/wp\/v2\/posts\/115913","targetHints":{"allow":["GET"]}}],"collection":[{"href":"https:\/\/www.europesays.com\/fi\/wp-json\/wp\/v2\/posts"}],"about":[{"href":"https:\/\/www.europesays.com\/fi\/wp-json\/wp\/v2\/types\/post"}],"author":[{"embeddable":true,"href":"https:\/\/www.europesays.com\/fi\/wp-json\/wp\/v2\/users\/2"}],"replies":[{"embeddable":true,"href":"https:\/\/www.europesays.com\/fi\/wp-json\/wp\/v2\/comments?post=115913"}],"version-history":[{"count":0,"href":"https:\/\/www.europesays.com\/fi\/wp-json\/wp\/v2\/posts\/115913\/revisions"}],"wp:featuredmedia":[{"embeddable":true,"href":"https:\/\/www.europesays.com\/fi\/wp-json\/wp\/v2\/media\/115914"}],"wp:attachment":[{"href":"https:\/\/www.europesays.com\/fi\/wp-json\/wp\/v2\/media?parent=115913"}],"wp:term":[{"taxonomy":"category","embeddable":true,"href":"https:\/\/www.europesays.com\/fi\/wp-json\/wp\/v2\/categories?post=115913"},{"taxonomy":"post_tag","embeddable":true,"href":"https:\/\/www.europesays.com\/fi\/wp-json\/wp\/v2\/tags?post=115913"}],"curies":[{"name":"wp","href":"https:\/\/api.w.org\/{rel}","templated":true}]}}