{"id":115919,"date":"2025-12-14T06:39:16","date_gmt":"2025-12-14T06:39:16","guid":{"rendered":"https:\/\/www.europesays.com\/fi\/115919\/"},"modified":"2025-12-14T06:39:16","modified_gmt":"2025-12-14T06:39:16","slug":"ios-26-2-ja-ipados-26-2-paivitykset-ovat-nyt-ladattavissa","status":"publish","type":"post","link":"https:\/\/www.europesays.com\/fi\/115919\/","title":{"rendered":"iOS 26.2- ja iPadOS 26.2 -p\u00e4ivitykset ovat nyt ladattavissa"},"content":{"rendered":"<p>Apple on julkaissut iOS 26.2- ja iPadOS 26.2 -p\u00e4ivitykset yhteensopiville iPhoneille ja iPadeille.<\/p>\n<p><a href=\"https:\/\/muropaketti.com\/avainsana\/apple\/\" rel=\"nofollow noopener\" target=\"_blank\">Applen<\/a> iOS 26.2 lis\u00e4\u00e4 mahdollisuuden asettaa h\u00e4lytyksen muistutuksen yhteyteen, mink\u00e4 ansiosta t\u00e4rke\u00e4t teht\u00e4v\u00e4t eiv\u00e4t j\u00e4\u00e4 huomaamatta. Lukitusn\u00e4yt\u00f6lle on puolestaan tullut uusi s\u00e4\u00e4t\u00f6, jolla kellon l\u00e4pin\u00e4kyvyytt\u00e4 voi muuttaa. <\/p>\n<p>AirDropin toimintaa on parannettu, ja Podcastit-sovellus on saanut uusia ominaisuuksia. Lis\u00e4ksi Live Translation toimii nyt AirPods-kuulokkeilla my\u00f6s EU-alueella. P\u00e4ivityksest\u00e4 <a href=\"https:\/\/www.macrumors.com\/2025\/12\/12\/apple-releases-ios-26-2\/\" target=\"_blank\" rel=\"noreferrer noopener nofollow\">kertoi Macrumors<\/a>.<\/p>\n<p>iPadOS 26.2 <a href=\"https:\/\/www.macrumors.com\/2025\/12\/12\/apple-releases-ipados-26-2\/\" target=\"_blank\" rel=\"noreferrer noopener nofollow\">keskittyy<\/a> erityisesti moniajon kehitt\u00e4miseen. K\u00e4ytt\u00e4j\u00e4t voivat nyt vet\u00e4\u00e4 ja pudottaa sovelluksia Dockista, Spotlight-hausta ja sovelluskirjastosta suoraan eri n\u00e4kymiin.<\/p>\n<p>Sek\u00e4 iOS 26.2 ett\u00e4 iPadOS 26.2 ovat ladattavissa heti ja p\u00e4ivityst\u00e4 voi hakea laitteiden asetuksista.. <\/p>\n","protected":false},"excerpt":{"rendered":"Apple on julkaissut iOS 26.2- ja iPadOS 26.2 -p\u00e4ivitykset yhteensopiville iPhoneille ja iPadeille. Applen iOS 26.2 lis\u00e4\u00e4 mahdollisuuden&hellip;\n","protected":false},"author":2,"featured_media":115920,"comment_status":"","ping_status":"","sticky":false,"template":"","format":"standard","meta":{"footnotes":""},"categories":[84],"tags":[1029,33,31,30,32,91,92],"class_list":{"0":"post-115919","1":"post","2":"type-post","3":"status-publish","4":"format-standard","5":"has-post-thumbnail","7":"category-teknologia","8":"tag-apple","9":"tag-fi","10":"tag-finland","11":"tag-finnish","12":"tag-suomi","13":"tag-technology","14":"tag-teknologia"},"share_on_mastodon":{"url":"https:\/\/pubeurope.com\/@fi\/115716552460304754","error":""},"_links":{"self":[{"href":"https:\/\/www.europesays.com\/fi\/wp-json\/wp\/v2\/posts\/115919","targetHints":{"allow":["GET"]}}],"collection":[{"href":"https:\/\/www.europesays.com\/fi\/wp-json\/wp\/v2\/posts"}],"about":[{"href":"https:\/\/www.europesays.com\/fi\/wp-json\/wp\/v2\/types\/post"}],"author":[{"embeddable":true,"href":"https:\/\/www.europesays.com\/fi\/wp-json\/wp\/v2\/users\/2"}],"replies":[{"embeddable":true,"href":"https:\/\/www.europesays.com\/fi\/wp-json\/wp\/v2\/comments?post=115919"}],"version-history":[{"count":0,"href":"https:\/\/www.europesays.com\/fi\/wp-json\/wp\/v2\/posts\/115919\/revisions"}],"wp:featuredmedia":[{"embeddable":true,"href":"https:\/\/www.europesays.com\/fi\/wp-json\/wp\/v2\/media\/115920"}],"wp:attachment":[{"href":"https:\/\/www.europesays.com\/fi\/wp-json\/wp\/v2\/media?parent=115919"}],"wp:term":[{"taxonomy":"category","embeddable":true,"href":"https:\/\/www.europesays.com\/fi\/wp-json\/wp\/v2\/categories?post=115919"},{"taxonomy":"post_tag","embeddable":true,"href":"https:\/\/www.europesays.com\/fi\/wp-json\/wp\/v2\/tags?post=115919"}],"curies":[{"name":"wp","href":"https:\/\/api.w.org\/{rel}","templated":true}]}}