{"id":115923,"date":"2025-12-14T06:41:09","date_gmt":"2025-12-14T06:41:09","guid":{"rendered":"https:\/\/www.europesays.com\/fi\/115923\/"},"modified":"2025-12-14T06:41:09","modified_gmt":"2025-12-14T06:41:09","slug":"sotilaat-viettivat-etulinjassa-yli-160-paivaa","status":"publish","type":"post","link":"https:\/\/www.europesays.com\/fi\/115923\/","title":{"rendered":"Sotilaat viettiv\u00e4t etulinjassa yli 160 p\u00e4iv\u00e4\u00e4"},"content":{"rendered":"<p class=\"ai-optimize-6 ai-optimize-introduction\">Ukrainan rintamalla pula sotilaista ja taivaalla surisevat ven\u00e4l\u00e4isdroonit tekev\u00e4t el\u00e4m\u00e4st\u00e4 vaikeaa. Nyt kaksi ukrainalaissotilasta kertoo, millaista oli olla jumissa etulinjassa yli viiden kuukauden ajan. Asiasta uutisoi <a href=\"https:\/\/www.youtube.com\/watch?v=CZwN3fcKNGM\" target=\"_blank\" rel=\"noopener nofollow\">Kyiv Independent<\/a>.<\/p>\n<p class=\"ai-optimize-7\"><strong>Oleksandr Ti\u0161ajev<\/strong> ja <strong>Oleksandr Aliksiejenko\u00a0<\/strong>taistelivat Zaporizhzhian rintamalla, Ti\u0161ajev yksik\u00f6n komentajana ja ja Aliksiejenko kranaatinheitinmiehen\u00e4. Viel\u00e4 vuonna 2024 kaksikko oli rintamalla 14-16 p\u00e4iv\u00e4\u00e4 kerrallaan, ja jo tuolloin t\u00e4t\u00e4 pidettiin pitk\u00e4n\u00e4 aikana.<\/p>\n<p class=\"ai-optimize-9\">Nyt tilanne on kuitenkin muuttunut.<\/p>\n<p class=\"ai-optimize-8\">\u2013 Olet onnekas, jos olet asemissa vain kuukauden, Ti\u0161ajev sanoo.<\/p>\n<p class=\"ai-optimize-10\">Ongelmana on, ett\u00e4 sotilaita ei saada kierr\u00e4tetty\u00e4 asemiin ja sielt\u00e4 pois, ellei huono s\u00e4\u00e4 est\u00e4 droonien lenn\u00e4tt\u00e4mist\u00e4. T\u00e4n\u00e4 kes\u00e4n\u00e4 sadetta tai sumua ei kuitenkaan tullut. Se tarkoitti, ett\u00e4 Ti\u0161ajev and Aliksiejenko j\u00e4iv\u00e4t jumiin etulinjaan.<\/p>\n<p class=\"ai-optimize-11\">Olot olivat karut. Ven\u00e4l\u00e4isdroonit tiputtivat jatkuvasti kranaatteja, ja jos droonit eiv\u00e4t p\u00e4\u00e4sseet asemiin asti, tulittivat ven\u00e4l\u00e4iset ukrainalaisten asemia kranaatinheittimill\u00e4. Paikoin kaksikko joutui my\u00f6s Grad-rakettien tulen kohteeksi.<\/p>\n<p class=\"ai-optimize-12\">Ven\u00e4l\u00e4iset valvoivat reittej\u00e4 etulinjaan tarkasti. Vet\u00e4ytyminen oli mahdotonta.<\/p>\n<p class=\"ai-optimize-13\">\u2013 Teimme kaikkemme, jotta he eiv\u00e4t olisi huomanneet, miss\u00e4 olemme. Ylitimme poistua ja piiloutua. He kuitenkin iskiv\u00e4t varmuuden vuoksi uudelleen r\u00e4j\u00e4hdedrooneilla, Ti\u0161ajev muistelee.<\/p>\n<p class=\"ai-optimize-14\">Suojana kaksikolla oli vain pieni potero. Ven\u00e4l\u00e4iset yrittiv\u00e4t jatkuvasti tuhota sen.<\/p>\n<p class=\"ai-optimize-15\">Kerran ven\u00e4l\u00e4iset yrittiv\u00e4t iske\u00e4 asemaan kaasulla. Aliksiejenko muistaa kuulleensa r\u00e4j\u00e4hdyksen, jonka j\u00e4lkeen h\u00e4n oli tajuttomana nelj\u00e4 tuntia. Her\u00e4tty\u00e4\u00e4n h\u00e4n ei pystynyt liikkumaan viikkoon.<\/p>\n<p class=\"ai-optimize-16\">Koska huolto ei pelannut, oli kaksikko pahimmillaan kuusi p\u00e4iv\u00e4\u00e4 ilman vett\u00e4 ja seitsem\u00e4n ilman ruokaa. Lis\u00e4ksi vesitoimituksissa oli paikoin kolmen p\u00e4iv\u00e4n taukoja.<\/p>\n<p class=\"ai-optimize-17\">\u2013 Kun seitsem\u00e4nten\u00e4 p\u00e4iv\u00e4n\u00e4 meille pudotettiin pullo vett\u00e4, olimme ekstaasissa. Jaoimme ja joimme sen heti, Ti\u0161ajev kertoo.<\/p>\n<p class=\"ai-optimize-19\">\u2013 Joimme kuudelta aamulla ja kuudelta illalla, yksi h\u00f6rppy molemmilla kerroilla.<\/p>\n<p class=\"ai-optimize-20\">Nukkuminen oli my\u00f6s vaikeaa. Drooniuhan takia luotiliivej\u00e4 ei voinut ottaa pois, mutta toisaalta luotiliivien kanssa ei mahtunut makuupussiin. Sotilaat yrittiv\u00e4t nukkua vuorotellen, jotta toinen olisi valmiina, mik\u00e4li ven\u00e4l\u00e4iset yritt\u00e4isiv\u00e4t iske\u00e4.<\/p>\n<p class=\"ai-optimize-21\">Toisaalta omat droonit my\u00f6s mahdollistivat asemasta kiinni pit\u00e4misen.<\/p>\n<p>Poimintoja videosis\u00e4ll\u00f6ist\u00e4mme<\/p>\n<p class=\"ai-optimize-22\">\u2013 Ilman drooneja emme olisi selvinneet niin pitk\u00e4\u00e4n. Drooneilla on t\u00e4rke\u00e4 rooli. Ne toivat ruokaa, suojelivat meit\u00e4, varjelivat meit\u00e4, tiedustelivat, taistelivat, Ti\u0161ajev listaa.<\/p>\n<p class=\"ai-optimize-23\">Paikoin ammus- ja ruokatoimitukset eiv\u00e4t kuitenkaan saapuneet perille asti. Asemasta saattoi poistua noin 5-10 metrin p\u00e4\u00e4h\u00e4n, hyviss\u00e4 olosuhteissa jopa 20 metrin p\u00e4\u00e4h\u00e4n. Joskus taas kahden metrin p\u00e4\u00e4ss\u00e4 oleva pakettikin oli liian kaukana.<\/p>\n<p class=\"ai-optimize-24\">\u2013 Monta kertaa tarvikkeemme tuhottiin heti. Ven\u00e4l\u00e4isdrooni saapui, pudotti r\u00e4j\u00e4hteen, ja paketti oli poissa, Aliksiejenko harmittelee.<\/p>\n<p class=\"ai-optimize-25\">Lopulta kaksikko onnistuttiin evakuoimaan etulinjasta yhdess\u00e4 muiden vastaavassa tilanteessa olleiden sotilaiden kanssa. Sek\u00e4 Ti\u0161ajev ja Aliksiejenko ajattelevat, ett\u00e4 heid\u00e4n tilanteensa olisi voitu v\u00e4ltt\u00e4\u00e4, jos asemat olisivat olleet hieman kauempana etulinjasta.<\/p>\n<p class=\"ai-optimize-26\">Ti\u0161ajevin mukaan henki\u00e4 ei kannatakaan uhrata sadan metrin pituisen puurivin takia.<\/p>\n<p class=\"ai-optimize-27\">\u2013 Aluetta olisi voinut hallita pelkill\u00e4 drooneilla, Ti\u0161ajev linjaa.<\/p>\n","protected":false},"excerpt":{"rendered":"Ukrainan rintamalla pula sotilaista ja taivaalla surisevat ven\u00e4l\u00e4isdroonit tekev\u00e4t el\u00e4m\u00e4st\u00e4 vaikeaa. Nyt kaksi ukrainalaissotilasta kertoo, millaista oli olla&hellip;\n","protected":false},"author":2,"featured_media":115924,"comment_status":"","ping_status":"","sticky":false,"template":"","format":"standard","meta":{"footnotes":""},"categories":[14],"tags":[22,23,26,27,33,31,30,17,24,25,28,29,15,18,21,32,19,20,56,16,987,59,60,61],"class_list":{"0":"post-115923","1":"post","2":"type-post","3":"status-publish","4":"format-standard","5":"has-post-thumbnail","7":"category-ulkomaat","8":"tag-breaking-news","9":"tag-breakingnews","10":"tag-featured-news","11":"tag-featurednews","12":"tag-fi","13":"tag-finland","14":"tag-finnish","15":"tag-headlines","16":"tag-latest-news","17":"tag-latestnews","18":"tag-main-news","19":"tag-mainnews","20":"tag-news","21":"tag-otsikot","22":"tag-paauutiset","23":"tag-suomi","24":"tag-top-stories","25":"tag-topstories","26":"tag-ulkomaat","27":"tag-uutiset","28":"tag-venajan-hyokkays","29":"tag-world","30":"tag-world-news","31":"tag-worldnews"},"share_on_mastodon":{"url":"https:\/\/pubeurope.com\/@fi\/115716560442950322","error":""},"_links":{"self":[{"href":"https:\/\/www.europesays.com\/fi\/wp-json\/wp\/v2\/posts\/115923","targetHints":{"allow":["GET"]}}],"collection":[{"href":"https:\/\/www.europesays.com\/fi\/wp-json\/wp\/v2\/posts"}],"about":[{"href":"https:\/\/www.europesays.com\/fi\/wp-json\/wp\/v2\/types\/post"}],"author":[{"embeddable":true,"href":"https:\/\/www.europesays.com\/fi\/wp-json\/wp\/v2\/users\/2"}],"replies":[{"embeddable":true,"href":"https:\/\/www.europesays.com\/fi\/wp-json\/wp\/v2\/comments?post=115923"}],"version-history":[{"count":0,"href":"https:\/\/www.europesays.com\/fi\/wp-json\/wp\/v2\/posts\/115923\/revisions"}],"wp:featuredmedia":[{"embeddable":true,"href":"https:\/\/www.europesays.com\/fi\/wp-json\/wp\/v2\/media\/115924"}],"wp:attachment":[{"href":"https:\/\/www.europesays.com\/fi\/wp-json\/wp\/v2\/media?parent=115923"}],"wp:term":[{"taxonomy":"category","embeddable":true,"href":"https:\/\/www.europesays.com\/fi\/wp-json\/wp\/v2\/categories?post=115923"},{"taxonomy":"post_tag","embeddable":true,"href":"https:\/\/www.europesays.com\/fi\/wp-json\/wp\/v2\/tags?post=115923"}],"curies":[{"name":"wp","href":"https:\/\/api.w.org\/{rel}","templated":true}]}}