{"id":115930,"date":"2025-12-14T06:56:14","date_gmt":"2025-12-14T06:56:14","guid":{"rendered":"https:\/\/www.europesays.com\/fi\/115930\/"},"modified":"2025-12-14T06:56:14","modified_gmt":"2025-12-14T06:56:14","slug":"anniina-valtonen-kertoi-ikavat-uutiset","status":"publish","type":"post","link":"https:\/\/www.europesays.com\/fi\/115930\/","title":{"rendered":"Anniina Valtonen kertoi ik\u00e4v\u00e4t uutiset"},"content":{"rendered":"<p>Suomen suosituin meteorologi on eitt\u00e4m\u00e4tt\u00e4 Anniina Valtonen. Nyt Anniina on joutunut kertomaan suomalaisille varsin ik\u00e4vi\u00e4 uutisia.<\/p>\n<p>H\u00e4n on julkaissut Insta-postauksen, jossa h\u00e4n puree kynsi\u00e4\u00e4n ja aloittaa:<\/p>\n<p>-Joudun ik\u00e4v\u00e4kseni kertomaan, ett\u00e4 tiedossa on vesisateita. <\/p>\n<p>T\u00e4m\u00e4 ei viel\u00e4 ole monellekaan se suurin ik\u00e4v\u00e4 uutinen. Onhan noita ollut. Taivas on losottanut vett\u00e4 viimeisen viikon niin ettei paljon kuivaa ole n\u00e4hty. <\/p>\n<p>Mutta t\u00e4ss\u00e4 tulee se varsinainen ik\u00e4vyys:<\/p>\n<p>Lue my\u00f6s: <a href=\"https:\/\/www.como.fi\/uutiset\/anniina-valtonen-erikoisessa-meikissa-katso-kuva\/\" title=\"Anniina Valtonen erikoisessa meikiss\u00e4 \u2013 katso kuva\" class=\"underline-custom !font-montserrat !font-bold !underline-offset-4 !decoration-4 !decoration-red-600 !text-md\" rel=\"nofollow noopener\" target=\"_blank\">Anniina Valtonen erikoisessa meikiss\u00e4 \u2013 katso kuva<\/a><\/p>\n<p>-Lauha s\u00e4\u00e4 pit\u00e4\u00e4 jatkossa niin tiukasti otteessaan, ett\u00e4 jouluaatto saattaa olla luminen vain Lapissa ja EHK\u00c4 paikoin Pohjois-Pohjanmaalla.<\/p>\n<p>Keski-Suomi, Etel\u00e4-Suomi, It\u00e4-Suomi. Siin\u00e4p\u00e4 sitten ollaan mustassa joulussa.<\/p>\n<p>Lue my\u00f6s: <a href=\"https:\/\/www.como.fi\/uutiset\/tv-meteorologi-anniina-valtosen-kauhunhetki-liikenteessa-sydan-hakkaa\/\" title=\"Tv-meteorologi Anniina Valtosen kauhunhetki liikenteess\u00e4: \u201dSyd\u00e4n hakkaa\u2026\u201d\" class=\"underline-custom !font-montserrat !font-bold !underline-offset-4 !decoration-4 !decoration-red-600 !text-md\" rel=\"nofollow noopener\" target=\"_blank\">Tv-meteorologi Anniina Valtosen kauhunhetki liikenteess\u00e4: \u201dSyd\u00e4n hakkaa\u2026\u201d<\/a><\/p>\n<p>Mutta koskaan ei voi olla varma mist\u00e4\u00e4n, ei edes meteorologi. Niinp\u00e4 Anniinakin lohduttaa:<\/p>\n<p>-Onneksi aattoon on viel\u00e4 11 p\u00e4iv\u00e4\u00e4 aikaa\u2026<\/p>\n<p>Lue my\u00f6s: <a href=\"https:\/\/www.como.fi\/tilaa-comon-uutiskirje\/\" title=\"Tilaa Comon uutiskirje ja tied\u00e4t mist\u00e4 kahvitauolla puhutaan! Nappaa kotimaan tv-vinkit ja puheenaiheet suoraan s\u00e4hk\u00f6postiin t\u00e4st\u00e4.\" class=\"underline-custom !font-montserrat !font-bold !underline-offset-4 !decoration-4 !decoration-red-600 !text-md\" rel=\"nofollow noopener\" target=\"_blank\">Tilaa Comon uutiskirje ja tied\u00e4t mist\u00e4 kahvitauolla puhutaan! Nappaa kotimaan tv-vinkit ja puheenaiheet suoraan s\u00e4hk\u00f6postiin t\u00e4st\u00e4.<\/a><\/p>\n","protected":false},"excerpt":{"rendered":"Suomen suosituin meteorologi on eitt\u00e4m\u00e4tt\u00e4 Anniina Valtonen. Nyt Anniina on joutunut kertomaan suomalaisille varsin ik\u00e4vi\u00e4 uutisia. H\u00e4n on&hellip;\n","protected":false},"author":2,"featured_media":115931,"comment_status":"","ping_status":"","sticky":false,"template":"","format":"standard","meta":{"footnotes":""},"categories":[136],"tags":[10445,407,137,33,31,30,408,32,109],"class_list":{"0":"post-115930","1":"post","2":"type-post","3":"status-publish","4":"format-standard","5":"has-post-thumbnail","7":"category-julkkikset","8":"tag-anniina-valtonen","9":"tag-celebrities","10":"tag-entertainment","11":"tag-fi","12":"tag-finland","13":"tag-finnish","14":"tag-julkkikset","15":"tag-suomi","16":"tag-viihde"},"share_on_mastodon":{"url":"https:\/\/pubeurope.com\/@fi\/115716619185434685","error":""},"_links":{"self":[{"href":"https:\/\/www.europesays.com\/fi\/wp-json\/wp\/v2\/posts\/115930","targetHints":{"allow":["GET"]}}],"collection":[{"href":"https:\/\/www.europesays.com\/fi\/wp-json\/wp\/v2\/posts"}],"about":[{"href":"https:\/\/www.europesays.com\/fi\/wp-json\/wp\/v2\/types\/post"}],"author":[{"embeddable":true,"href":"https:\/\/www.europesays.com\/fi\/wp-json\/wp\/v2\/users\/2"}],"replies":[{"embeddable":true,"href":"https:\/\/www.europesays.com\/fi\/wp-json\/wp\/v2\/comments?post=115930"}],"version-history":[{"count":0,"href":"https:\/\/www.europesays.com\/fi\/wp-json\/wp\/v2\/posts\/115930\/revisions"}],"wp:featuredmedia":[{"embeddable":true,"href":"https:\/\/www.europesays.com\/fi\/wp-json\/wp\/v2\/media\/115931"}],"wp:attachment":[{"href":"https:\/\/www.europesays.com\/fi\/wp-json\/wp\/v2\/media?parent=115930"}],"wp:term":[{"taxonomy":"category","embeddable":true,"href":"https:\/\/www.europesays.com\/fi\/wp-json\/wp\/v2\/categories?post=115930"},{"taxonomy":"post_tag","embeddable":true,"href":"https:\/\/www.europesays.com\/fi\/wp-json\/wp\/v2\/tags?post=115930"}],"curies":[{"name":"wp","href":"https:\/\/api.w.org\/{rel}","templated":true}]}}