{"id":115942,"date":"2025-12-14T07:08:08","date_gmt":"2025-12-14T07:08:08","guid":{"rendered":"https:\/\/www.europesays.com\/fi\/115942\/"},"modified":"2025-12-14T07:08:08","modified_gmt":"2025-12-14T07:08:08","slug":"saksassa-viisi-otettiin-kiinni-epailtyna-joulutori-iskun-suunnittelusta-uutisia-lyhyesti","status":"publish","type":"post","link":"https:\/\/www.europesays.com\/fi\/115942\/","title":{"rendered":"Saksassa viisi otettiin kiinni ep\u00e4iltyn\u00e4 joulutori-iskun suunnittelusta | Uutisia lyhyesti"},"content":{"rendered":"<p class=\"aw-1gybjub aw-1p7kakr kEtdKx cEmitX yle__article__paragraph\">Saksassa viisi ihmist\u00e4 on otettu kiinni ep\u00e4iltyn\u00e4 osallisuudesta joulutori-iskun suunnittelemiseen, kertoivat paikalliset viranomaiset lauantaina. Viranomaisten mukaan yksi egyptil\u00e4inen, kolme marokkolaista ja yksi syyrialainen otettiin kiinni perjantaina.<\/p>\n<p class=\"aw-1gybjub aw-1p7kakr kEtdKx cEmitX yle__article__paragraph\">Viranomaiset kertoivat, ett\u00e4 kiinniotetut olisivat suunnitelleet ajavansa ajoneuvolla joulutorille Etel\u00e4-Saksassa Baijerin osavaltiossa. Viranomaisten mukaan egyptil\u00e4inen ep\u00e4ilty olisi kehottanut tekem\u00e4\u00e4n sellaisen iskun, jonka tavoitteena olisi vahingoittaa niin montaa ihmist\u00e4 kuin mahdollista.<\/p>\n<p class=\"aw-1gybjub aw-1p7kakr kEtdKx cEmitX yle__article__paragraph\">Saksalaisen uutiskanava Tagesschaun mukaan viranomaisten eiv\u00e4t t\u00e4sment\u00e4neet, mik\u00e4 joulutori oli kyseess\u00e4. Toistaiseksi on niin ik\u00e4\u00e4n ep\u00e4selv\u00e4\u00e4, milloin isku olisi ollut m\u00e4\u00e4r\u00e4 toteuttaa tai kuinka konkreettisia suunnitelmat olivat.<\/p>\n","protected":false},"excerpt":{"rendered":"Saksassa viisi ihmist\u00e4 on otettu kiinni ep\u00e4iltyn\u00e4 osallisuudesta joulutori-iskun suunnittelemiseen, kertoivat paikalliset viranomaiset lauantaina. Viranomaisten mukaan yksi egyptil\u00e4inen,&hellip;\n","protected":false},"author":2,"featured_media":115943,"comment_status":"","ping_status":"","sticky":false,"template":"","format":"standard","meta":{"footnotes":""},"categories":[14],"tags":[22,23,26,27,33,31,30,17,24,25,28,29,15,18,21,3911,32,13385,19,20,56,16,59,60,61],"class_list":{"0":"post-115942","1":"post","2":"type-post","3":"status-publish","4":"format-standard","5":"has-post-thumbnail","7":"category-ulkomaat","8":"tag-breaking-news","9":"tag-breakingnews","10":"tag-featured-news","11":"tag-featurednews","12":"tag-fi","13":"tag-finland","14":"tag-finnish","15":"tag-headlines","16":"tag-latest-news","17":"tag-latestnews","18":"tag-main-news","19":"tag-mainnews","20":"tag-news","21":"tag-otsikot","22":"tag-paauutiset","23":"tag-saksa","24":"tag-suomi","25":"tag-terrori-iskut","26":"tag-top-stories","27":"tag-topstories","28":"tag-ulkomaat","29":"tag-uutiset","30":"tag-world","31":"tag-world-news","32":"tag-worldnews"},"share_on_mastodon":{"url":"https:\/\/pubeurope.com\/@fi\/115716666486705671","error":""},"_links":{"self":[{"href":"https:\/\/www.europesays.com\/fi\/wp-json\/wp\/v2\/posts\/115942","targetHints":{"allow":["GET"]}}],"collection":[{"href":"https:\/\/www.europesays.com\/fi\/wp-json\/wp\/v2\/posts"}],"about":[{"href":"https:\/\/www.europesays.com\/fi\/wp-json\/wp\/v2\/types\/post"}],"author":[{"embeddable":true,"href":"https:\/\/www.europesays.com\/fi\/wp-json\/wp\/v2\/users\/2"}],"replies":[{"embeddable":true,"href":"https:\/\/www.europesays.com\/fi\/wp-json\/wp\/v2\/comments?post=115942"}],"version-history":[{"count":0,"href":"https:\/\/www.europesays.com\/fi\/wp-json\/wp\/v2\/posts\/115942\/revisions"}],"wp:featuredmedia":[{"embeddable":true,"href":"https:\/\/www.europesays.com\/fi\/wp-json\/wp\/v2\/media\/115943"}],"wp:attachment":[{"href":"https:\/\/www.europesays.com\/fi\/wp-json\/wp\/v2\/media?parent=115942"}],"wp:term":[{"taxonomy":"category","embeddable":true,"href":"https:\/\/www.europesays.com\/fi\/wp-json\/wp\/v2\/categories?post=115942"},{"taxonomy":"post_tag","embeddable":true,"href":"https:\/\/www.europesays.com\/fi\/wp-json\/wp\/v2\/tags?post=115942"}],"curies":[{"name":"wp","href":"https:\/\/api.w.org\/{rel}","templated":true}]}}