{"id":115948,"date":"2025-12-14T07:22:08","date_gmt":"2025-12-14T07:22:08","guid":{"rendered":"https:\/\/www.europesays.com\/fi\/115948\/"},"modified":"2025-12-14T07:22:08","modified_gmt":"2025-12-14T07:22:08","slug":"riikka-purra-puhuu-omilleen-suora-lahetys-kello-9-55","status":"publish","type":"post","link":"https:\/\/www.europesays.com\/fi\/115948\/","title":{"rendered":"Riikka Purra puhuu omilleen \u2013 suora l\u00e4hetys kello 9.55"},"content":{"rendered":"<p>Tiedotustilaisuus on vuorossa heti puheen j\u00e4lkeen.<\/p>\n<p class=\"article-body mb-nof-24 px-nof-16\">Mik\u00e4 on valtiovarainministeri<a class=\"article-personlink\" href=\"https:\/\/www.is.fi\/haku\/?query=%20Riikka%20Purran\" rel=\"nofollow noopener\" target=\"_blank\"> Riikka Purran<\/a> (ps) viesti omilleen?<\/p>\n<p class=\"article-body mb-nof-24 px-nof-16\">Se selvi\u00e4\u00e4 sunnuntaina kello 10, kun Purra pit\u00e4\u00e4 puheen perussuomalaisten puoluevaltuuston kokouksessa Pikkuparlamentissa.<\/p>\n<p class=\"article-body mb-nof-24 px-nof-16\">IS n\u00e4ytt\u00e4\u00e4 Purran puheen ja heti puheen j\u00e4lkeen pidett\u00e4v\u00e4n tiedotustilaisuuden suorana l\u00e4hetyksen\u00e4.<\/p>\n<p class=\"article-body mb-nof-24 px-nof-16\">Purra osallistui loppuviikosta Brysseliss\u00e4 euroryhm\u00e4n ja EU:n talous- ja rahoitusasioiden neuvoston kokouksiin.<\/p>\n<p class=\"article-body mb-nof-24 px-nof-16\">Purra kirjoitti viestipalvelu X:ss\u00e4 torstaina, ett\u00e4 \u201dajat muuttuvat, ja ylpeys on katoavaista.\u201d<\/p>\n<p class=\"article-body mb-nof-24 px-nof-16\">Purra jatkoi, ett\u00e4 Kreikka toipui talouskriisist\u00e4 ja nousi euroryhm\u00e4n puheenjohtajaksi.<\/p>\n<p class=\"article-body mb-nof-24 px-nof-16\">\u2013 Suomi sen sijaan pilasi vuosikaudet haihattelemalla ja kuvittelemalla itsest\u00e4\u00e4n liikoja \u2013 ja l\u00e4htee nyt liiallisen alij\u00e4\u00e4m\u00e4n menettelyyn, ja hallituksen ponnisteluista huolimatta siis maksaa menneest\u00e4 haihattelusta.<\/p>\n<p class=\"article-body mb-nof-24 px-nof-16\">\u2013 Ainoa tie ulos: jatka samaa [kuin t\u00e4m\u00e4 hallitus], sopeuta, uudista, \u00e4l\u00e4 v\u00e4lit\u00e4 kritiikist\u00e4, Purra kirjoitti.<\/p>\n","protected":false},"excerpt":{"rendered":"Tiedotustilaisuus on vuorossa heti puheen j\u00e4lkeen. Mik\u00e4 on valtiovarainministeri Riikka Purran (ps) viesti omilleen? Se selvi\u00e4\u00e4 sunnuntaina kello&hellip;\n","protected":false},"author":2,"featured_media":115949,"comment_status":"","ping_status":"","sticky":false,"template":"","format":"standard","meta":{"footnotes":""},"categories":[136],"tags":[407,137,33,31,30,34,408,32,109],"class_list":{"0":"post-115948","1":"post","2":"type-post","3":"status-publish","4":"format-standard","5":"has-post-thumbnail","7":"category-julkkikset","8":"tag-celebrities","9":"tag-entertainment","10":"tag-fi","11":"tag-finland","12":"tag-finnish","13":"tag-ilta-sanomat","14":"tag-julkkikset","15":"tag-suomi","16":"tag-viihde"},"share_on_mastodon":{"url":"https:\/\/pubeurope.com\/@fi\/115716721425406894","error":""},"_links":{"self":[{"href":"https:\/\/www.europesays.com\/fi\/wp-json\/wp\/v2\/posts\/115948","targetHints":{"allow":["GET"]}}],"collection":[{"href":"https:\/\/www.europesays.com\/fi\/wp-json\/wp\/v2\/posts"}],"about":[{"href":"https:\/\/www.europesays.com\/fi\/wp-json\/wp\/v2\/types\/post"}],"author":[{"embeddable":true,"href":"https:\/\/www.europesays.com\/fi\/wp-json\/wp\/v2\/users\/2"}],"replies":[{"embeddable":true,"href":"https:\/\/www.europesays.com\/fi\/wp-json\/wp\/v2\/comments?post=115948"}],"version-history":[{"count":0,"href":"https:\/\/www.europesays.com\/fi\/wp-json\/wp\/v2\/posts\/115948\/revisions"}],"wp:featuredmedia":[{"embeddable":true,"href":"https:\/\/www.europesays.com\/fi\/wp-json\/wp\/v2\/media\/115949"}],"wp:attachment":[{"href":"https:\/\/www.europesays.com\/fi\/wp-json\/wp\/v2\/media?parent=115948"}],"wp:term":[{"taxonomy":"category","embeddable":true,"href":"https:\/\/www.europesays.com\/fi\/wp-json\/wp\/v2\/categories?post=115948"},{"taxonomy":"post_tag","embeddable":true,"href":"https:\/\/www.europesays.com\/fi\/wp-json\/wp\/v2\/tags?post=115948"}],"curies":[{"name":"wp","href":"https:\/\/api.w.org\/{rel}","templated":true}]}}