{"id":115956,"date":"2025-12-14T07:30:07","date_gmt":"2025-12-14T07:30:07","guid":{"rendered":"https:\/\/www.europesays.com\/fi\/115956\/"},"modified":"2025-12-14T07:30:07","modified_gmt":"2025-12-14T07:30:07","slug":"sympaattinen-ciao-rakas-sarja-kulkee-napolista-saamenmaalle","status":"publish","type":"post","link":"https:\/\/www.europesays.com\/fi\/115956\/","title":{"rendered":"Sympaattinen Ciao rakas! -sarja kulkee Napolista Saamenmaalle"},"content":{"rendered":"<p>\n  Rikosta ja rakkautta yhdist\u00e4v\u00e4 Ciao rakas! ei sorru eksotisoimaan saamelaisia.<\/p>\n<p>Marraskuussa suomalaisn\u00e4yttelij\u00e4t ratsastelivat Islannin komeissa maisemissa Ylen ja paikallisen yleisradioyhti\u00f6n R\u00d9V:n yhteistuotannossa<a href=\"https:\/\/seura.fi\/tv\/rakkautta-islannissa-kaikki-rakastavat-hevosia\/\" rel=\"nofollow noopener\" target=\"_blank\"> Kaikki rakastavat hevosia.<\/a> Seuraavaksi Yle tuo ruutuun yhteisty\u00f6ss\u00e4 Italian RAI:n kanssa tehdyn sarjan Ciao rakas!, jossa piipahdetaan Napolin kujilla ja siirryt\u00e4\u00e4n sitten Saamenmaalle.<\/p>\n<p><strong>Ken Are Bongon<\/strong> ohjaamassa sympaattisessa sarjassa yhdistyv\u00e4t perinteinen Romeo ja Julia -rakkaustarina ja kevyt rikosjuoni, joka ottaa hieman kierroksia loppua kohti. Omaper\u00e4iseksi asetelman tekee se, ettei p\u00e4\u00e4henkil\u00f6rakastavaisilla ole yhteist\u00e4 kielt\u00e4. Toinen puhuu italiaa, toinen pohjoissaamea, ja n\u00e4it\u00e4 kieli\u00e4 k\u00e4ytt\u00e4v\u00e4t my\u00f6s muut sarjan hahmot. Vain muutama repliikki lausutaan englanniksi.<\/p>\n<p>Parasta neliosaisessa Ciao rakkaassa! on se, ett\u00e4 saamelaisia tai Saamenmaata ei eksotisoida. Pohjoiset maisemat ovat kyll\u00e4 t\u00e4ss\u00e4kin sarjassa kauniita ja <strong>Sissi Jomppasen<\/strong> n\u00e4yttelem\u00e4 Maren Elle el\u00e4\u00e4 vahvasti saamelaiskulttuurissa, mutta se kulttuuri n\u00e4ytt\u00e4ytyy el\u00e4v\u00e4n\u00e4 osana arkea.<\/p>\n<p>Napolilaisen Carminen (<strong>Erasmo \u00adGenzini<\/strong>) ja h\u00e4nen kavereidensa t\u00f6rm\u00e4ily vierailla mailla rakentuu enemm\u00e4n italialaiskliseiden varaan, mutta heit\u00e4kin sarja katsoo pohjimmiltaan lempe\u00e4sti.<\/p>\n<p>Ciao rakas!, sunnuntai 14.12. klo 21.00, <a href=\"https:\/\/areena.yle.fi\/1-73943984\" target=\"_blank\" rel=\"noreferrer noopener nofollow\">TV1<\/a><\/p>\n","protected":false},"excerpt":{"rendered":"Rikosta ja rakkautta yhdist\u00e4v\u00e4 Ciao rakas! ei sorru eksotisoimaan saamelaisia. Marraskuussa suomalaisn\u00e4yttelij\u00e4t ratsastelivat Islannin komeissa maisemissa Ylen ja&hellip;\n","protected":false},"author":2,"featured_media":115957,"comment_status":"","ping_status":"","sticky":false,"template":"","format":"standard","meta":{"footnotes":""},"categories":[130],"tags":[1192,137,33,31,30,199,21204,2718,2930,32,109],"class_list":{"0":"post-115956","1":"post","2":"type-post","3":"status-publish","4":"format-standard","5":"has-post-thumbnail","7":"category-viihde","8":"tag-draamasarja","9":"tag-entertainment","10":"tag-fi","11":"tag-finland","12":"tag-finnish","13":"tag-italia","14":"tag-rikossarjat","15":"tag-romantiikka","16":"tag-saamelaiset","17":"tag-suomi","18":"tag-viihde"},"share_on_mastodon":{"url":"https:\/\/pubeurope.com\/@fi\/115716752896229880","error":""},"_links":{"self":[{"href":"https:\/\/www.europesays.com\/fi\/wp-json\/wp\/v2\/posts\/115956","targetHints":{"allow":["GET"]}}],"collection":[{"href":"https:\/\/www.europesays.com\/fi\/wp-json\/wp\/v2\/posts"}],"about":[{"href":"https:\/\/www.europesays.com\/fi\/wp-json\/wp\/v2\/types\/post"}],"author":[{"embeddable":true,"href":"https:\/\/www.europesays.com\/fi\/wp-json\/wp\/v2\/users\/2"}],"replies":[{"embeddable":true,"href":"https:\/\/www.europesays.com\/fi\/wp-json\/wp\/v2\/comments?post=115956"}],"version-history":[{"count":0,"href":"https:\/\/www.europesays.com\/fi\/wp-json\/wp\/v2\/posts\/115956\/revisions"}],"wp:featuredmedia":[{"embeddable":true,"href":"https:\/\/www.europesays.com\/fi\/wp-json\/wp\/v2\/media\/115957"}],"wp:attachment":[{"href":"https:\/\/www.europesays.com\/fi\/wp-json\/wp\/v2\/media?parent=115956"}],"wp:term":[{"taxonomy":"category","embeddable":true,"href":"https:\/\/www.europesays.com\/fi\/wp-json\/wp\/v2\/categories?post=115956"},{"taxonomy":"post_tag","embeddable":true,"href":"https:\/\/www.europesays.com\/fi\/wp-json\/wp\/v2\/tags?post=115956"}],"curies":[{"name":"wp","href":"https:\/\/api.w.org\/{rel}","templated":true}]}}