{"id":115958,"date":"2025-12-14T07:33:14","date_gmt":"2025-12-14T07:33:14","guid":{"rendered":"https:\/\/www.europesays.com\/fi\/115958\/"},"modified":"2025-12-14T07:33:14","modified_gmt":"2025-12-14T07:33:14","slug":"nissan-pyyhkii-poytaa-monella-kilpailijalla-2","status":"publish","type":"post","link":"https:\/\/www.europesays.com\/fi\/115958\/","title":{"rendered":"Nissan pyyhkii p\u00f6yt\u00e4\u00e4 monella kilpailijalla"},"content":{"rendered":"<p>                                  Kotimaa<\/p>\n<p class=\"ew-preamble\" itemprop=\"description\">Ariya Nismo -s\u00e4hk\u00f6auto on vaikuttava kokonaisuus varsinkin tien p\u00e4\u00e4ll\u00e4. Hinta j\u00e4\u00e4 kymppitonnin Audi-hybridin alle.<\/p>\n<p>                <img loading=\"lazy\" decoding=\"async\" itemprop=\"contentUrl\" class=\"figure-img img-fluid\"  src=\"https:\/\/www.europesays.com\/fi\/wp-content\/uploads\/2025\/12\/1765697594_549_imengine.public.prod.hil.infomaker.io\" width=\"4000\" height=\"3008\"  alt=\"\"\/><\/p>\n<p>                                    Nissan Ariya Nismon kori erottuu mallin muista versioista helmalevikkeill\u00e4, ilmanohjaimilla ja spoilereilla.<br \/>\n                                                    Kuva:<br \/>\n                    Kari Pitk\u00e4nen<\/p>\n<dl class=\"authorbox__creator--dl authorbox__creator--dl--top\">\n<dt class=\"authorbox__creator--name\">\n      Kari Pitk\u00e4nen\n    <\/dt>\n<dd class=\"authorbox__creator--description\">Kainuun Sanomat<\/dd>\n<\/dl>\n<p>      MAINOS &#8211; juttu jatkuu mainoksen j\u00e4lkeen<\/p>\n<p>      MAINOS &#8211; mainos p\u00e4\u00e4ttyy<\/p>\n<p class=\"ew-body\">Odotukseni olivat nollassa, kun Nissan Ariya Nismon koeajo alkoi. Se ei johtunut Nissanista, vaan itsest\u00e4ni. En tiennyt Ariya-s\u00e4hk\u00f6autosta t\u00e4t\u00e4 ennen juuri mit\u00e4\u00e4n.<\/p>\n<p class=\"ew-body\">Mieli k\u00e4\u00e4ntyi viikossa v\u00e4hint\u00e4\u00e4n 180 astetta. Auto osoittautui ensikoeajolla vakuuttavaksi paketiksi, jossa kaikki tuntui olevan kohdilla<\/p>\n<p>  <a class=\"btn btn-secondary btn-icon-left\" href=\"#coral_thread\"><br \/>\n    <img decoding=\"async\" src=\"https:\/\/www.kainuunsanomat.fi\/wp-content\/themes\/hilla-theme\/assets\/img\/icon_comments.svg\" alt=\"\"\/><br \/>\n    Kommentoi<br \/>\n    \u00a0(0)<br \/>\n  <\/a><\/p>\n<p>  <a class=\"btn btn-secondary btn-icon-left mailto_web\" href=\"mailto:toimitus@kainuunsanomat.fi?subject=Ilmoita%20asiavirheest%C3%A4&amp;body=Otsikko%3A%20Nissan%20pyyhkii%20p%C3%B6yt%C3%A4%C3%A4%20monella%20kilpailijalla%0AUuid%3A%20f8584362-e196-461b-bbaf-3ec8ccc887a8%0AUrl%3A%20https%3A%2F%2Fwww.kainuunsanomat.fi%2Fartikkeli%2Fnissan-pyyhkii-poytaa-monella-kilpailijalla\"><br \/>\n    <img decoding=\"async\" src=\"https:\/\/www.kainuunsanomat.fi\/wp-content\/themes\/hilla-theme\/assets\/img\/icon_feedback.svg\" alt=\"\"\/><br \/>\n    Ilmoita asiavirheest\u00e4<br \/>\n  <\/a><\/p>\n","protected":false},"excerpt":{"rendered":"Kotimaa Ariya Nismo -s\u00e4hk\u00f6auto on vaikuttava kokonaisuus varsinkin tien p\u00e4\u00e4ll\u00e4. Hinta j\u00e4\u00e4 kymppitonnin Audi-hybridin alle. Nissan Ariya Nismon&hellip;\n","protected":false},"author":2,"featured_media":115922,"comment_status":"","ping_status":"","sticky":false,"template":"","format":"standard","meta":{"footnotes":""},"categories":[76],"tags":[79,77,33,31,30,32,78],"class_list":{"0":"post-115958","1":"post","2":"type-post","3":"status-publish","4":"format-standard","5":"has-post-thumbnail","7":"category-talous","8":"tag-business","9":"tag-economy","10":"tag-fi","11":"tag-finland","12":"tag-finnish","13":"tag-suomi","14":"tag-talous"},"share_on_mastodon":{"url":"https:\/\/pubeurope.com\/@fi\/115716765652548383","error":""},"_links":{"self":[{"href":"https:\/\/www.europesays.com\/fi\/wp-json\/wp\/v2\/posts\/115958","targetHints":{"allow":["GET"]}}],"collection":[{"href":"https:\/\/www.europesays.com\/fi\/wp-json\/wp\/v2\/posts"}],"about":[{"href":"https:\/\/www.europesays.com\/fi\/wp-json\/wp\/v2\/types\/post"}],"author":[{"embeddable":true,"href":"https:\/\/www.europesays.com\/fi\/wp-json\/wp\/v2\/users\/2"}],"replies":[{"embeddable":true,"href":"https:\/\/www.europesays.com\/fi\/wp-json\/wp\/v2\/comments?post=115958"}],"version-history":[{"count":0,"href":"https:\/\/www.europesays.com\/fi\/wp-json\/wp\/v2\/posts\/115958\/revisions"}],"wp:featuredmedia":[{"embeddable":true,"href":"https:\/\/www.europesays.com\/fi\/wp-json\/wp\/v2\/media\/115922"}],"wp:attachment":[{"href":"https:\/\/www.europesays.com\/fi\/wp-json\/wp\/v2\/media?parent=115958"}],"wp:term":[{"taxonomy":"category","embeddable":true,"href":"https:\/\/www.europesays.com\/fi\/wp-json\/wp\/v2\/categories?post=115958"},{"taxonomy":"post_tag","embeddable":true,"href":"https:\/\/www.europesays.com\/fi\/wp-json\/wp\/v2\/tags?post=115958"}],"curies":[{"name":"wp","href":"https:\/\/api.w.org\/{rel}","templated":true}]}}