{"id":115965,"date":"2025-12-14T07:48:12","date_gmt":"2025-12-14T07:48:12","guid":{"rendered":"https:\/\/www.europesays.com\/fi\/115965\/"},"modified":"2025-12-14T07:48:12","modified_gmt":"2025-12-14T07:48:12","slug":"ice-cage-tahti-roger-karimus-avautuu-hurjasta-elamastaan","status":"publish","type":"post","link":"https:\/\/www.europesays.com\/fi\/115965\/","title":{"rendered":"Ice Cage -t\u00e4hti Roger Karimus avautuu hurjasta el\u00e4m\u00e4st\u00e4\u00e4n"},"content":{"rendered":"<p>Ice Cage -promootion j\u00e4rk\u00e4lem\u00e4inen turvamies Roger Karimus on yksi seuraavan illan t\u00e4hdist\u00e4. Lastenkodissa ja kasvattiperheiss\u00e4 varttunut Karimus on n\u00e4hnyt el\u00e4m\u00e4n nurjaa puolta, mutta urheilu ja 9-vuotiaana tehty p\u00e4\u00e4t\u00f6s ovat vieneet h\u00e4net eri suuntaan kuin monet kaverit.<\/p>\n<p>Lue tiivistelm\u00e4<\/p>\n<p>Tiivistelm\u00e4 on teko\u00e4lyn tekem\u00e4 ja ihmisen tarkistama.<\/p>\n<p class=\"article-body mb-nof-24 px-nof-16 sndp-summary-bullet-point-font\">Ice Cage -promootion turvamies Roger Karimus, 43, ottelee tapaninp\u00e4iv\u00e4n\u00e4 Matias Nieme\u00e4 vastaan.<\/p>\n<p class=\"article-body mb-nof-24 px-nof-16 sndp-summary-bullet-point-font\">Lastenkodissa ja kasvattiperheiss\u00e4 kasvanut Karimus koki lapsena \u00e4\u00e4rimm\u00e4ist\u00e4 v\u00e4kivaltaa ja p\u00e4\u00e4tti 9-vuotiaana, ettei koskaan k\u00e4yt\u00e4 p\u00e4ihteit\u00e4.<\/p>\n<p class=\"article-body mb-nof-24 px-nof-16 sndp-summary-bullet-point-font\">Urheilu ja p\u00e4\u00e4t\u00f6s pysy\u00e4 erossa p\u00e4ihteist\u00e4 veiv\u00e4t Karimuksen eri suuntaan kuin monet h\u00e4nen nuoruudenkaverinsa.<\/p>\n<p class=\"article-body mb-nof-24 px-nof-16 sndp-summary-bullet-point-font\">Karimus haluaa olla roolimalli nuorille.<\/p>\n<p class=\"article-body mb-nof-24 px-nof-16\">Ly\u00f6nnit paukkuvat pistehanskoihin kova\u00e4\u00e4nisesti. Kookkaaksi mieheksi <a class=\"article-personlink\" href=\"https:\/\/www.is.fi\/haku\/?query=Roger%20Karimus\" rel=\"nofollow noopener\" target=\"_blank\">Roger Karimus<\/a>, 43, ly\u00f6 yll\u00e4tt\u00e4v\u00e4n nopeasti. Iskusarjojen j\u00e4lkeen valmentaja <a class=\"article-personlink\" href=\"https:\/\/www.is.fi\/haku\/?query=Antti%20Parhiala\" rel=\"nofollow noopener\" target=\"_blank\">Antti Parhiala <\/a>toteaa, ett\u00e4 toivottavasti vastustajalla on suojaus kunnossa.<\/p>\n<p class=\"article-body mb-nof-24 px-nof-16\">Mahtaakohan sek\u00e4\u00e4n auttaa, kun iskuja tarjoilee 150-kiloinen kamppailutaitoinen entinen voimamies?<\/p>\n<p class=\"article-body mb-nof-24 px-nof-16\">Karimus on ollut iso aina, maailmaankin h\u00e4n tuli kuusikiloisena. El\u00e4m\u00e4ns\u00e4 ensimm\u00e4iset viisi vuotta Karimus eli Tammirinteen lastenkodissa Vantaalla.<\/p>\n<p class=\"article-body mb-nof-24 px-nof-16\">\u2013 Vauvakuvat ovat mielenkiintoisia, kun ne on otettu hoitajien ja t\u00e4mm\u00f6isten kanssa.<\/p>\n<p class=\"article-body mb-nof-24 px-nof-16\">Sen j\u00e4lkeen Karimuksen lapsuus meni muutamassa kasvattiperheess\u00e4 ja koulukodissa. Kasvattiperheiss\u00e4 maatiloilla tehtiin kovaa t\u00f6it\u00e4, voimakin tarttui.<\/p>\n<p class=\"article-body mb-nof-24 px-nof-16\">\u2013 Tein kes\u00e4t peltot\u00f6it\u00e4, kannoin kivi\u00e4 ja hoidin h\u00e4rki\u00e4. Joka kev\u00e4t veimme h\u00e4r\u00e4t mets\u00e4n l\u00e4pi laitumelle. Kasvatti-is\u00e4 sanoi, ett\u00e4 pit\u00e4\u00e4 ottaa johtajaa sarvista kiinni, irti ei saa p\u00e4\u00e4st\u00e4\u00e4 tai l\u00e4htee henki. Siin\u00e4 sitten roikuin sen sarvissa. Osaan kaataa niskalenkill\u00e4 sonnin, siihen ei moni pysty.<\/p>\n<p class=\"article-body mb-nof-24 px-nof-16\">Kamppailulajien pariin Karimus hakeutui nuorena heti kun se oli mahdollista. H\u00e4n n\u00e4ki ja koki lapsena \u00e4\u00e4rimm\u00e4ist\u00e4 v\u00e4kivaltaa ja halusi tietenkin oppia puolustamaan itse\u00e4\u00e4n.<\/p>\n<p class=\"article-body mb-nof-24 px-nof-16\">\u2013 Ei ole kiva tulla ry\u00f6stetyksi poikakodissa. Heti kun tajusin, ett\u00e4 voin kehitt\u00e4\u00e4 itse\u00e4ni, halusin tulla mahdollisimman vahvaksi ja hyv\u00e4ksi tappelemaan.<\/p>\n<blockquote class=\"citation\">\n<p>\u201d<\/p>\n<p>Osaan kaataa niskalenkill\u00e4 sonnin, siihen ei moni pysty.<\/p>\n<\/blockquote>\n<p><img decoding=\"async\" src=\"https:\/\/www.europesays.com\/fi\/wp-content\/uploads\/2025\/12\/1765698490_272_978.jpg\" alt=\"Roger Karimus ei olisi sama ihminen ilman kaikkea kokemaansa.\" class=\"_Img_1rerz_1\" style=\"aspect-ratio:0.6666666666666666\" loading=\"eager\"\/><\/p>\n<p class=\"article-picture-caption\">Roger Karimus ei olisi sama ihminen ilman kaikkea kokemaansa. Kuva:\u00a0Petteri Kivim\u00e4ki<\/p>\n<p class=\"article-body mb-nof-24 px-nof-16\">Lapsuuteen ja nuoruuteen kuuluivat my\u00f6s kokemukset eriarvoisuudesta. Ne aiheuttivat katkeruutta, joka purkautui huonona k\u00e4yt\u00f6ksen\u00e4.<\/p>\n<p class=\"article-body mb-nof-24 px-nof-16\">Ihan pienen\u00e4 Karimus ei tiennyt olevansa romanitaustainen. Kaupassa h\u00e4n ihmetteli romaninaisia ja ajatteli heid\u00e4n olevan prinsessoja.<\/p>\n<p class=\"article-body mb-nof-24 px-nof-16\">Kasvattiperheess\u00e4 ja koulussa h\u00e4n sai kuulla mannettelua. Se oli 1990-luvun alkua ja Pulttibois-ohjelman kulta-aikaa.<\/p>\n<p class=\"article-body mb-nof-24 px-nof-16\">\u2013 Se vaikutti, koin olevani jollain lailla huonompi kuin muut. Kun lasta haukutaan, h\u00e4n rupeaa lopulta syytt\u00e4m\u00e4\u00e4n itse\u00e4\u00e4n. H\u00e4pesin taustaani. Hoitopaikoissa pelk\u00e4sin, ett\u00e4 kaikki saavat selville, ett\u00e4 olen mustalainen. Tuli kauhea paine piilotella sit\u00e4.<\/p>\n<p class=\"article-body mb-nof-24 px-nof-16\">Nyt Karimus ei piilottele juuriaan. Tosin ei h\u00e4n ihan t\u00e4ysin romanikulttuurissakaan el\u00e4, vaan \u201cjossain v\u00e4limaastossa\u201d.<\/p>\n<p class=\"article-body mb-nof-24 px-nof-16\">Nuoreksi aikuiseksi Karimus varttui koulukodista ja erityisluokilta tuttujen kaverien seurassa.<\/p>\n<p class=\"article-body mb-nof-24 px-nof-16\">\u2013 Monesta tuli laitapuolen kulkijoita, mutta silloin sit\u00e4 vain mietti, ett\u00e4 t\u00e4m\u00e4 on normaalia. En ollenkaan tajunnut, ett\u00e4 ehk\u00e4 t\u00e4m\u00e4 kuitenkin on v\u00e4h\u00e4n ep\u00e4normaalia.<\/p>\n<p class=\"article-body mb-nof-24 px-nof-16\">Karimus p\u00e4\u00e4tyi rikolliseen seuraan. H\u00e4n kuului my\u00f6s liivijengiin.<\/p>\n<p class=\"article-body mb-nof-24 px-nof-16\">\u2013 Kaikenmaailman h\u00f6lm\u00f6ilyiss\u00e4 olen ollut mukana: tappeluissa ja jengitoiminnassa. Ne ovat oppirahoja, joita olen maksanut.<\/p>\n<blockquote class=\"citation\">\n<p>\u201d<\/p>\n<p>Kaikenmaailman h\u00f6lm\u00f6ilyiss\u00e4 olen ollut mukana.<\/p>\n<\/blockquote>\n<p><img decoding=\"async\" src=\"https:\/\/www.europesays.com\/fi\/wp-content\/uploads\/2025\/12\/1765698490_341_978.jpg\" alt=\"Roger Karimuksella on pitk\u00e4 kamppailulajitausta.\" class=\"_Img_1rerz_1\" style=\"aspect-ratio:1.4296351451973195\" loading=\"eager\"\/><\/p>\n<p class=\"article-picture-caption\">Roger Karimuksella on pitk\u00e4 kamppailulajitausta. Kuva:\u00a0Petteri Kivim\u00e4ki<\/p>\n<p><img decoding=\"async\" src=\"https:\/\/www.europesays.com\/fi\/wp-content\/uploads\/2025\/12\/1765698490_263_978.jpg\" alt=\"Roger Karimus ei voi siet\u00e4\u00e4 humalaisia. My\u00f6s Ice Cage -nokkamies Max Hynninen on puhunut p\u00e4ihteiden vaaroista. Karimuksen mukaan nuorella promoottorilla on arvot kohdallaan.\" class=\"_Img_1rerz_1\" style=\"aspect-ratio:1.5\" loading=\"eager\"\/><\/p>\n<p class=\"article-picture-caption\">Roger Karimus ei voi siet\u00e4\u00e4 humalaisia. My\u00f6s Ice Cage -nokkamies Max Hynninen on puhunut p\u00e4ihteiden vaaroista. Karimuksen mukaan nuorella promoottorilla on arvot kohdallaan. Kuva:\u00a0Petteri Kivim\u00e4ki<\/p>\n<p class=\"article-body mb-nof-24 px-nof-16\">Vankilassa Karimus on aikoinaan istunut pahoinpitelyst\u00e4. Karimuksen mukaan tuomion taustalla oli tilanne, jossa h\u00e4n meni raiskauksen v\u00e4liin.<\/p>\n<p class=\"article-body mb-nof-24 px-nof-16\">Siin\u00e4 miss\u00e4 miehet ovat aiheuttaneet Karimukselle ongelmia, pelkoa ja turvattomuutta, ovat naiset pit\u00e4neet h\u00e4nen puoliaan. Parhaat kaveritkin ovat aina olleet naisia.<\/p>\n<p class=\"article-body mb-nof-24 px-nof-16\">\u2013 Lapsuudessa naiset ovat auttaneet ja pelastaneet minut tilanteista, miehet ajaneet perikatoon. Jos joku \u00e4rsytt\u00e4\u00e4, niin lasten ja naisten kaltoinkohtelu. Sit\u00e4 en kest\u00e4, menee kuppi nurin. Minulle on kasvanut korkea moraali, lapsuuden trauma puskee esiin.<\/p>\n<p class=\"article-body mb-nof-24 px-nof-16\">Sovinismia Karimus ei voi siet\u00e4\u00e4, se on \u201cjunttien juttu\u201d. Lapsuuden kokemukset vahvoista naisista ovat tehneet Karimuksesta tasa-arvon kannattajan.<\/p>\n<p class=\"article-body mb-nof-24 px-nof-16\">H\u00e4n on pohtinut menneisyytt\u00e4\u00e4n eik\u00e4 vaihtaisi siit\u00e4 p\u00e4iv\u00e4\u00e4k\u00e4\u00e4n pois. Jos eletty el\u00e4m\u00e4 olisi erilaista, niin olisi mieskin.<\/p>\n<p class=\"article-body mb-nof-24 px-nof-16\">\u2013 Jos olisin kasvanut rakastavassa ydinperheess\u00e4, niin tied\u00e4 vaikka olisin sovinisti, kun ei olisi n\u00e4it\u00e4 positiivisia kokemuksia naisista. Olen tyytyv\u00e4inen, ett\u00e4 olen juuri t\u00e4llainen.<\/p>\n<blockquote class=\"citation\">\n<p>\u201d<\/p>\n<p>Olen tyytyv\u00e4inen, ett\u00e4 olen juuri t\u00e4llainen.<\/p>\n<\/blockquote>\n<p><img decoding=\"async\" src=\"https:\/\/www.europesays.com\/fi\/wp-content\/uploads\/2025\/12\/1765698491_70_978.jpg\" alt=\"Roger Karimus ly\u00f6 pistareita valmentaja Antti Parhialan kanssa.\" class=\"_Img_1rerz_1\" style=\"aspect-ratio:1.3963636363636365\" loading=\"eager\"\/><\/p>\n<p class=\"article-picture-caption\">Roger Karimus ly\u00f6 pistareita valmentaja Antti Parhialan kanssa. Kuva:\u00a0Petteri Kivim\u00e4ki<\/p>\n<p><img decoding=\"async\" src=\"https:\/\/www.europesays.com\/fi\/wp-content\/uploads\/2025\/12\/1765698491_585_978.jpg\" alt=\"Roger Karimus ei voi siet\u00e4\u00e4 ep\u00e4tasa-arvoista kohtelua, eik\u00e4 pelk\u00e4\u00e4 n\u00e4ytt\u00e4\u00e4 sit\u00e4. \u201dKatson miten ihminen kohtelee lapsia ja el\u00e4imi\u00e4, se kertoo ihan tarpeeksi ihmisest\u00e4.\u201d\" class=\"_Img_1rerz_1\" style=\"aspect-ratio:1.5\" loading=\"eager\"\/><\/p>\n<p class=\"article-picture-caption\">Roger Karimus ei voi siet\u00e4\u00e4 ep\u00e4tasa-arvoista kohtelua, eik\u00e4 pelk\u00e4\u00e4 n\u00e4ytt\u00e4\u00e4 sit\u00e4. \u201dKatson miten ihminen kohtelee lapsia ja el\u00e4imi\u00e4, se kertoo ihan tarpeeksi ihmisest\u00e4.\u201d Kuva:\u00a0Petteri Kivim\u00e4ki<\/p>\n<p class=\"article-body mb-nof-24 px-nof-16\">Urheilu on aina ollut Karimukselle luontaista, vaikka kasvuymp\u00e4rist\u00f6ss\u00e4 ei rohkaistu liikuntaharrastuksiin. Nuorena Karimus treenasi painia ja karatea, my\u00f6hemmin thainyrkkeily\u00e4 ja nyrkkeily\u00e4. Sitten h\u00e4n innostui voimailusta.<\/p>\n<p class=\"article-body mb-nof-24 px-nof-16\">\u2013 K\u00e4vin salilla ja huomasin, ett\u00e4 olen viel\u00e4 paljon lahjakkaampi voimailussa kuin kamppailulajeissa.<\/p>\n<p class=\"article-body mb-nof-24 px-nof-16\">Mit\u00e4\u00e4n opastusta salitouhuihin h\u00e4n ei saanut, mutta tuloksia tuli nopeasti. 18-vuotiaana 200 kiloa nousi penkist\u00e4 jo kolmesti ja viiden kuukauden maastavetotreenin j\u00e4lkeen tangossa oli jo 300 kiloa painoa.<\/p>\n<p class=\"article-body mb-nof-24 px-nof-16\">Urheilu on yksi merkitt\u00e4v\u00e4 tekij\u00e4 siin\u00e4, ett\u00e4 Karimuksen el\u00e4m\u00e4 meni toiseen suuntaan kuin monen nuoruudenkaverin. Toinen merkitt\u00e4v\u00e4 asia on se, ettei h\u00e4n koskaan innostunut p\u00e4ihteist\u00e4.<\/p>\n<p class=\"article-body mb-nof-24 px-nof-16\">Monilla kavereilla ne hallitsivat el\u00e4m\u00e4\u00e4, mutta Karimus sai niist\u00e4 tarpeekseen jo lapsena. Yh\u00e4 t\u00e4n\u00e4kin p\u00e4iv\u00e4n\u00e4 humalaiset ihmiset saavat Karimuksen karvat pystyyn.<\/p>\n<p class=\"article-body mb-nof-24 px-nof-16\">\u2013 Olen lapsena n\u00e4hnyt aikuisia, jotka olivat \u201dei niin turvallisia\u201d juotuaan viinaa. Touhusivat kaikenn\u00e4k\u00f6ist\u00e4, ik\u00e4vi\u00e4kin juttuja. 9-vuotiaana p\u00e4\u00e4tin, ettei musta tule ikin\u00e4 tuommoista.<\/p>\n<p class=\"article-body mb-nof-24 px-nof-16\">Lapsuudessaan Karimus on kokenut traumaattisia asioita, mutta niille h\u00e4n ei voi itse mit\u00e4\u00e4n. Sille voi, ettei jaa niit\u00e4 eteenp\u00e4in.<\/p>\n<p class=\"article-body mb-nof-24 px-nof-16\">\u2013 Trauman jakaminen pit\u00e4\u00e4 lopettaa tai se ei lopu koskaan. Kaikista katkeruuksista pit\u00e4\u00e4 p\u00e4\u00e4st\u00e4\u00e4 irti, se on painava taakka kantaa.<\/p>\n<p class=\"article-body mb-nof-24 px-nof-16\">Karimus alleviivaa sit\u00e4, ettei h\u00e4n halua edustaa kokemuksiaan. H\u00e4n ei halua, ett\u00e4 ihmiset pelk\u00e4\u00e4v\u00e4t h\u00e4nt\u00e4.<\/p>\n<p class=\"article-body mb-nof-24 px-nof-16\">\u2013 Haluaisin olla roolimalli nuorisolle, eik\u00e4 niin ett\u00e4 he kokisivat minut pelottavaksi, ett\u00e4 mit\u00e4 tuo set\u00e4 on touhunnut. Haluaisin antaa esimerkki\u00e4, ett\u00e4 on muitakin vaihtoehtoja kuin h\u00f6lm\u00f6ily. Viikonloppuna jos tekee mieli baariin, niin voisikin menn\u00e4 sen sijaan sparreihin.<\/p>\n<blockquote class=\"citation\">\n<p>\u201d<\/p>\n<p>Katsoin, ett\u00e4 valo n\u00e4kyy l\u00e4pi.<\/p>\n<\/blockquote>\n<p><img decoding=\"async\" src=\"https:\/\/www.europesays.com\/fi\/wp-content\/uploads\/2025\/12\/1765698491_46_978.jpg\" alt=\"Arpi k\u00e4mmeness\u00e4 muistuttaa luodista.\" class=\"_Img_1rerz_1\" style=\"aspect-ratio:1\" loading=\"eager\"\/><\/p>\n<p class=\"article-picture-caption\">Arpi k\u00e4mmeness\u00e4 muistuttaa luodista. Kuva:\u00a0Petteri Kivim\u00e4ki<\/p>\n<p class=\"article-body mb-nof-24 px-nof-16\">Urheilun ohella Karimus on tehnyt ty\u00f6uraa turvallisuusalalla. H\u00e4n on toiminut esimerkiksi monien suomalaisartistien turvamiehen\u00e4.<\/p>\n<p class=\"article-body mb-nof-24 px-nof-16\">V\u00e4lill\u00e4 ty\u00f6nkuvaan on kuulunut hakea sukkahousut kaupasta, joskus her\u00e4tell\u00e4 takahuoneeseen sammunut artisti ja saatella h\u00e4net lavalle. V\u00e4lill\u00e4 taas ravintolan turvamiehen\u00e4 on pit\u00e4nyt est\u00e4\u00e4 aseellinen hy\u00f6kk\u00e4ys ravintolaan.<\/p>\n<p class=\"article-body mb-nof-24 px-nof-16\">Turvamiehen ty\u00f6 vaatii j\u00e4m\u00e4kk\u00e4\u00e4 luonnetta. Karimus kertoo, ett\u00e4 h\u00e4nell\u00e4 pysyy p\u00e4\u00e4 kylm\u00e4n\u00e4 kuumottavissakin tilanteissa.<\/p>\n<p class=\"article-body mb-nof-24 px-nof-16\">\u2013 On minua aseella osoiteltu monta kertaa. Jo lapsena olen siihen tottunut, en ole paukkuarka.<\/p>\n<p class=\"article-body mb-nof-24 px-nof-16\">Kerran ty\u00f6hommissa osoittelijan ase laukesi, kun Karimus tarrasi piipusta. Siit\u00e4 on muistona luodinreik\u00e4 k\u00e4mmeness\u00e4.<\/p>\n<p class=\"article-body mb-nof-24 px-nof-16\">\u2013\u2009Katsoin, ett\u00e4 valo n\u00e4kyy l\u00e4pi. V\u00e4h\u00e4n oli tuuria, ett\u00e4 luoti tuli niin sivusta ulos. Jos olisi osunut luuhun, olisi k\u00e4den joutunut osin amputoimaan.<\/p>\n<p><img decoding=\"async\" src=\"https:\/\/www.europesays.com\/fi\/wp-content\/uploads\/2025\/12\/1765698491_863_978.jpg\" alt=\"\" class=\"_Img_1rerz_1\" style=\"aspect-ratio:1\" loading=\"eager\"\/><\/p>\n<p class=\"article-body mb-nof-24 px-nof-16\">Ottaa nyrkkeilyottelun Ice Cage 6 -illassa 26. joulukuuta.<\/p>\n<p class=\"article-body mb-nof-24 px-nof-16\">150-kiloinen ja 196 senttinen entinen voimamies.<\/p>\n<p class=\"article-body mb-nof-24 px-nof-16\">Voimanoston MM-hopeaa vuonna 2013, Suomen vahvin mies -kilpailun pronssia 2016.<\/p>\n<p class=\"article-body mb-nof-24 px-nof-16\">Ty\u00f6skentelee turvallisuusalalla, asuu ja harjoittelee Jyv\u00e4skyl\u00e4ss\u00e4.<\/p>\n<p class=\"article-body mb-nof-24 px-nof-16\">My\u00f6s Ice Cagessa Karimus on ollut alunperin turvamiehen\u00e4. Moni on toivonut n\u00e4kev\u00e4ns\u00e4 h\u00e4net ottelemassa, ja tapaninp\u00e4iv\u00e4n\u00e4 se toive toteutuu.<\/p>\n<p class=\"article-body mb-nof-24 px-nof-16\">Testotimo joutui j\u00e4\u00e4m\u00e4\u00e4n pois ottelusta loukkaantumisen takia, mutta tilalle tulee ex-kehonrakentaja, <a class=\"article-personlink\" href=\"https:\/\/www.is.fi\/haku\/?query=Jere%20Karalahden\" rel=\"nofollow noopener\" target=\"_blank\">Jere Karalahden<\/a> syyskuussa voittanut <a class=\"article-personlink\" href=\"https:\/\/www.is.fi\/haku\/?query=Matias%20Niemi\" rel=\"nofollow noopener\" target=\"_blank\">Matias Niemi<\/a>.<\/p>\n<p class=\"article-body mb-nof-24 px-nof-16\">\u2013\u2009Tulee kuka tulee, sama se. Ihan kunnolla nyrkkeill\u00e4\u00e4n, lastua p\u00e4\u00e4st\u00e4, Karimus toteaa.<\/p>\n<p class=\"article-body mb-nof-24 px-nof-16\">Kamppailulajeissa Karimus on tosissaan. Tulevaisuudessa h\u00e4n haluaisi otella vapaaottelussa, ja mielell\u00e4\u00e4n jonkun oman kokoisen kanssa.<\/p>\n<p class=\"article-body mb-nof-24 px-nof-16\">Karimus on nostanut yleiskuntoaan ja harjoitellut keh\u00e4ss\u00e4 oloa niin ettei uuvuta itse\u00e4\u00e4n liikaa. Tuleva ottelu ison yleis\u00f6n edess\u00e4 j\u00e4nnitt\u00e4\u00e4.<\/p>\n<p class=\"article-body mb-nof-24 px-nof-16\">\u2013\u2009Ei kovin moni ole otellut noin isoissa kehiss\u00e4. T\u00e4ytyy muistaa hengitt\u00e4\u00e4, ei mit\u00e4\u00e4n hirveit\u00e4 kombinaatioita ilman happea. Rauhallisuutta pit\u00e4\u00e4 hakea.<\/p>\n<p class=\"article-body mb-nof-24 px-nof-16\">H\u00e4n saa h\u00e4kkiin nousemisesta palkan, tarjoaa show\u2019ta yleis\u00f6lle ja voi vihdoin testata taitojaan ottelussa. Mutta Karimus haluaa my\u00f6s n\u00e4ytt\u00e4\u00e4 nuorille, ett\u00e4 vaikka el\u00e4m\u00e4ss\u00e4 l\u00e4ht\u00f6kohdat olisivat millaiset hyv\u00e4ns\u00e4, kaiken voi k\u00e4\u00e4nt\u00e4\u00e4 hyv\u00e4ksi.<\/p>\n<p class=\"article-body mb-nof-24 px-nof-16\">\u2013\u2009El\u00e4m\u00e4 on kasvutarina, sille pit\u00e4\u00e4 antaa mahdollisuus.<\/p>\n<p><img decoding=\"async\" src=\"https:\/\/www.europesays.com\/fi\/wp-content\/uploads\/2025\/12\/1765698492_797_978.jpg\" alt=\"Roger Karimus ja Testotimo Ice Agen esittelytilaisuudessa lokakuussa. Testotimo joutui j\u00e4\u00e4m\u00e4\u00e4n pois ottelusta loukkaantumisen takia.\" class=\"_Img_1rerz_1\" style=\"aspect-ratio:1\" loading=\"eager\"\/><\/p>\n<p class=\"article-picture-caption\">Roger Karimus ja Testotimo Ice Agen esittelytilaisuudessa lokakuussa. Testotimo joutui j\u00e4\u00e4m\u00e4\u00e4n pois ottelusta loukkaantumisen takia. Kuva:\u00a0Tommi Koivunen<\/p>\n<p><img decoding=\"async\" src=\"https:\/\/www.europesays.com\/fi\/wp-content\/uploads\/2025\/12\/1765698492_493_978.jpg\" alt=\"Testotimon tilalle Karimusta vastaan tulee ex-kehonrakentaja, Jere Karalahden syyskuussa voittanut Matias Niemi (kuvassa vasemmalla)\" class=\"_Img_1rerz_1\" style=\"aspect-ratio:1\" loading=\"eager\"\/><\/p>\n<p class=\"article-picture-caption\">Testotimon tilalle Karimusta vastaan tulee ex-kehonrakentaja, Jere Karalahden syyskuussa voittanut Matias Niemi (kuvassa vasemmalla) Kuva:\u00a0Lassi Rinne<\/p>\n","protected":false},"excerpt":{"rendered":"Ice Cage -promootion j\u00e4rk\u00e4lem\u00e4inen turvamies Roger Karimus on yksi seuraavan illan t\u00e4hdist\u00e4. Lastenkodissa ja kasvattiperheiss\u00e4 varttunut Karimus on&hellip;\n","protected":false},"author":2,"featured_media":115966,"comment_status":"","ping_status":"","sticky":false,"template":"","format":"standard","meta":{"footnotes":""},"categories":[136],"tags":[407,137,33,31,30,34,408,32,109],"class_list":{"0":"post-115965","1":"post","2":"type-post","3":"status-publish","4":"format-standard","5":"has-post-thumbnail","7":"category-julkkikset","8":"tag-celebrities","9":"tag-entertainment","10":"tag-fi","11":"tag-finland","12":"tag-finnish","13":"tag-ilta-sanomat","14":"tag-julkkikset","15":"tag-suomi","16":"tag-viihde"},"share_on_mastodon":{"url":"https:\/\/pubeurope.com\/@fi\/115716823968736581","error":""},"_links":{"self":[{"href":"https:\/\/www.europesays.com\/fi\/wp-json\/wp\/v2\/posts\/115965","targetHints":{"allow":["GET"]}}],"collection":[{"href":"https:\/\/www.europesays.com\/fi\/wp-json\/wp\/v2\/posts"}],"about":[{"href":"https:\/\/www.europesays.com\/fi\/wp-json\/wp\/v2\/types\/post"}],"author":[{"embeddable":true,"href":"https:\/\/www.europesays.com\/fi\/wp-json\/wp\/v2\/users\/2"}],"replies":[{"embeddable":true,"href":"https:\/\/www.europesays.com\/fi\/wp-json\/wp\/v2\/comments?post=115965"}],"version-history":[{"count":0,"href":"https:\/\/www.europesays.com\/fi\/wp-json\/wp\/v2\/posts\/115965\/revisions"}],"wp:featuredmedia":[{"embeddable":true,"href":"https:\/\/www.europesays.com\/fi\/wp-json\/wp\/v2\/media\/115966"}],"wp:attachment":[{"href":"https:\/\/www.europesays.com\/fi\/wp-json\/wp\/v2\/media?parent=115965"}],"wp:term":[{"taxonomy":"category","embeddable":true,"href":"https:\/\/www.europesays.com\/fi\/wp-json\/wp\/v2\/categories?post=115965"},{"taxonomy":"post_tag","embeddable":true,"href":"https:\/\/www.europesays.com\/fi\/wp-json\/wp\/v2\/tags?post=115965"}],"curies":[{"name":"wp","href":"https:\/\/api.w.org\/{rel}","templated":true}]}}