{"id":11597,"date":"2025-08-20T23:11:07","date_gmt":"2025-08-20T23:11:07","guid":{"rendered":"https:\/\/www.europesays.com\/fi\/11597\/"},"modified":"2025-08-20T23:11:07","modified_gmt":"2025-08-20T23:11:07","slug":"gojira-keulakuva-sai-kuulla-ozzyn-kuolemasta-varsin-epasuotuisassa-tilanteessa-olin-etta-mita-helvettia","status":"publish","type":"post","link":"https:\/\/www.europesays.com\/fi\/11597\/","title":{"rendered":"Gojira-keulakuva sai kuulla Ozzyn kuolemasta varsin ep\u00e4suotuisassa tilanteessa &#8211; &#8221;Olin, ett\u00e4 &#8217;mit\u00e4 helvetti\u00e4?&#8221;"},"content":{"rendered":"<p>Gojira-keulakuva Joe Duplantier kertoo <a href=\"https:\/\/www.guitarworld.com\/artists\/guitarists\/joe-duplantier-gojira-20-years-of-from-mars-to-sirius\" target=\"_blank\" rel=\"noreferrer noopener nofollow\">Guitar Worldin<\/a> haastattelussa kuulleensa Ozzy Osbournen kuolemasta sangen ep\u00e4tavallisissa olosuhteissa.<\/p>\n<p>\u201dEsiinnyimme juuri Istanbulissa\u201d, Duplantier sanoo. \u201dKolmen kappaleen j\u00e4lkeen fani nosti puhelimensa ilmaan kun soitimme Backbonea. Siin\u00e4 luki \u2019RIP Ozzy\u2019. Olin, ett\u00e4 \u2019mit\u00e4 helvetti\u00e4? \u00c4l\u00e4 tee t\u00e4t\u00e4 nyt \u2013 olen t\u00f6iss\u00e4!&#8217;\u201d<\/p>\n<p>Duplantier pyrki saamaan vahvistuksen uutiseen mahdollisimman nopeasti.<\/p>\n<p>\u201dMietin oliko se totta\u201d, Duplantier muistelee. \u201dRynt\u00e4sin lavan sivuun heti sopivan tilaisuuden tullen ja managerini vahvisti sen pit\u00e4v\u00e4n paikkansa.\u201d<\/p>\n<p>Duplantier puhutteli t\u00e4m\u00e4n j\u00e4lkeen yleis\u00f6\u00e4.<\/p>\n<p>\u201dKerroin yleis\u00f6lle asiasta aika suoraan. En halunnut tehd\u00e4 siit\u00e4 mit\u00e4\u00e4n numeroa\u201d, Duplantier selvitt\u00e4\u00e4. \u201dReaktio oli ihan hullu: kukaan ei sanonut sanaakaan. Soitimme Flying Whalesin Ozzylle ja kaikki heiluttivat valoja ilmassa. N\u00e4in ihmisten itkev\u00e4n.\u201d<\/p>\n<p>Gojira oli valmistautunut nostamaan hattua Pimeyden prinssille jo ennen suru-uutisia.<\/p>\n<p>\u201dEmme koskaan soita covereita \u2013 mutta olimme suunnitelleet soittavamme Black Sabbathia my\u00f6hemmin setiss\u00e4\u201d, Duplantier sanoo. \u201dIhan hullu yhteensattuma. Se oli todella v\u00e4kev\u00e4 kokemus.\u201d<\/p>\n<p>Duplantier on sittemmin itsekin syventynyt uudelleen Ozzyn ja Black Sabbathin tuotantoon.<\/p>\n<p>\u201dOlen kokenut uuden her\u00e4tyksen kaikkia klassikoita kuunnellessani. Ozzy oli melkoinen hahmo. Menen pian Birminghamiin imem\u00e4\u00e4n kaiken sen energian itseeni. Haluan ostaa sielt\u00e4 my\u00f6s mustan SG:n.\u201d<\/p>\n<p>Lue my\u00f6s: <a href=\"https:\/\/www.soundi.fi\/uutiset\/ozzy-osbournen-kotikaupungissa-tehtiin-kunniaa-pimeyden-prinssille-jalkapallojoukkueet-marssivat-kentalle-klassikon-soidessa\/\" title=\"Ozzy Osbournen kotikaupungissa tehtiin kunniaa pimeyden prinssille \u2013 jalkapallojoukkueet marssivat kent\u00e4lle klassikon soidessa\" class=\"underline-custom !font-montserrat !font-bold !underline-offset-4 !decoration-4 !decoration-tilt-light\" rel=\"nofollow noopener\" target=\"_blank\">Ozzy Osbournen kotikaupungissa tehtiin kunniaa pimeyden prinssille \u2013 jalkapallojoukkueet marssivat kent\u00e4lle klassikon soidessa<\/a><\/p>\n<p>Lue my\u00f6s: <a href=\"https:\/\/www.soundi.fi\/uutiset\/venom-omisti-ozzylle-osuuden-hellsinki-metal-festival-keikallaan-nain-aarimetallipioneerilta-irtosivat-black-sabbath-klassikot\/\" title=\"Venom omisti Ozzylle osuuden Hellsinki Metal Festival -keikallaan \u2013 n\u00e4in \u00e4\u00e4rimetallipioneerilta irtosivat Black Sabbath -klassikot\" class=\"underline-custom !font-montserrat !font-bold !underline-offset-4 !decoration-4 !decoration-tilt-light\" rel=\"nofollow noopener\" target=\"_blank\">Venom omisti Ozzylle osuuden Hellsinki Metal Festival -keikallaan \u2013 n\u00e4in \u00e4\u00e4rimetallipioneerilta irtosivat Black Sabbath -klassikot<\/a><\/p>\n","protected":false},"excerpt":{"rendered":"Gojira-keulakuva Joe Duplantier kertoo Guitar Worldin haastattelussa kuulleensa Ozzy Osbournen kuolemasta sangen ep\u00e4tavallisissa olosuhteissa. \u201dEsiinnyimme juuri Istanbulissa\u201d, Duplantier&hellip;\n","protected":false},"author":2,"featured_media":11598,"comment_status":"","ping_status":"","sticky":false,"template":"","format":"standard","meta":{"footnotes":""},"categories":[132],"tags":[137,33,31,30,195,47,32,109],"class_list":{"0":"post-11597","1":"post","2":"type-post","3":"status-publish","4":"format-standard","5":"has-post-thumbnail","7":"category-musiikki","8":"tag-entertainment","9":"tag-fi","10":"tag-finland","11":"tag-finnish","12":"tag-music","13":"tag-musiikki","14":"tag-suomi","15":"tag-viihde"},"share_on_mastodon":{"url":"","error":""},"_links":{"self":[{"href":"https:\/\/www.europesays.com\/fi\/wp-json\/wp\/v2\/posts\/11597","targetHints":{"allow":["GET"]}}],"collection":[{"href":"https:\/\/www.europesays.com\/fi\/wp-json\/wp\/v2\/posts"}],"about":[{"href":"https:\/\/www.europesays.com\/fi\/wp-json\/wp\/v2\/types\/post"}],"author":[{"embeddable":true,"href":"https:\/\/www.europesays.com\/fi\/wp-json\/wp\/v2\/users\/2"}],"replies":[{"embeddable":true,"href":"https:\/\/www.europesays.com\/fi\/wp-json\/wp\/v2\/comments?post=11597"}],"version-history":[{"count":0,"href":"https:\/\/www.europesays.com\/fi\/wp-json\/wp\/v2\/posts\/11597\/revisions"}],"wp:featuredmedia":[{"embeddable":true,"href":"https:\/\/www.europesays.com\/fi\/wp-json\/wp\/v2\/media\/11598"}],"wp:attachment":[{"href":"https:\/\/www.europesays.com\/fi\/wp-json\/wp\/v2\/media?parent=11597"}],"wp:term":[{"taxonomy":"category","embeddable":true,"href":"https:\/\/www.europesays.com\/fi\/wp-json\/wp\/v2\/categories?post=11597"},{"taxonomy":"post_tag","embeddable":true,"href":"https:\/\/www.europesays.com\/fi\/wp-json\/wp\/v2\/tags?post=11597"}],"curies":[{"name":"wp","href":"https:\/\/api.w.org\/{rel}","templated":true}]}}