{"id":115971,"date":"2025-12-14T07:59:10","date_gmt":"2025-12-14T07:59:10","guid":{"rendered":"https:\/\/www.europesays.com\/fi\/115971\/"},"modified":"2025-12-14T07:59:10","modified_gmt":"2025-12-14T07:59:10","slug":"kimmon-ostamat-kuulokkeet-lidlista-eivat-toimineet","status":"publish","type":"post","link":"https:\/\/www.europesays.com\/fi\/115971\/","title":{"rendered":"Kimmon ostamat kuulokkeet Lidlist\u00e4 eiv\u00e4t toimineet"},"content":{"rendered":"<p>Kuulokkeet olivat kovassa alennuksessa.<\/p>\n<p class=\"article-body mb-nof-24 px-nof-16\">Helsinkil\u00e4inen <a class=\"article-personlink\" href=\"https:\/\/www.is.fi\/haku\/?query=Kimmo\" rel=\"nofollow noopener\" target=\"_blank\">Kimmo<\/a> t\u00f6rm\u00e4si Lidlin tarjouslehdess\u00e4 kovaan tarjoukseen. Xiaomin langattomia nappikuulokkeiden normaalihinnaksi kerrottiin 24,99 euroa, mutta Lidl Plus -sovelluksella tuotteen saisi 9,99 eurolla.<\/p>\n<p class=\"article-body mb-nof-24 px-nof-16\">Siis per\u00e4ti 60 prosentin alennuksella.<\/p>\n<p class=\"article-body mb-nof-24 px-nof-16\">Kimmo kertoo huomanneensa, ettei mainoksessa ollut tarkkaa mallimerkint\u00e4\u00e4.<\/p>\n<p class=\"article-body mb-nof-24 px-nof-16\">\u2013 H\u00e4lytyskellot soivat heti, Kimmo kertoo.<\/p>\n<p><img decoding=\"async\" src=\"https:\/\/www.europesays.com\/fi\/wp-content\/uploads\/2025\/12\/1765699149_712_468.jpg\" alt=\"Mainoksessa ei kerrottu tarkkaa mallia.\" class=\"_Img_1rerz_1\" style=\"aspect-ratio:2.17440543601359\" loading=\"eager\"\/><\/p>\n<p class=\"article-picture-caption\">Mainoksessa ei kerrottu tarkkaa mallia. Kuva:\u00a0Kuvakaappaus<\/p>\n<p class=\"article-body mb-nof-24 px-nof-16\">Teko\u00e4lyn avulla h\u00e4n kuitenkin selvitti, ett\u00e4 malli on Xiaomi Redmi Buds 3 Lite. Kimmo tiesi jo siin\u00e4 vaiheessa, ettei kyse ollut mist\u00e4\u00e4n tuoreimmasta mallista. H\u00e4n p\u00e4\u00e4tti silti testata kuulokkeita, sill\u00e4 hinta oli vain kympin.<\/p>\n<p class=\"article-body mb-nof-24 px-nof-16\">\u2013 Olisiko niist\u00e4 podcast-kuunteluun \u201drankempiin olosuhteisiin\u201d, ett\u00e4 ei olisi v\u00e4li\u00e4, jos ne hajoaisivat, mies kertoo ajatelleensa.<\/p>\n<p class=\"article-body mb-nof-24 px-nof-16\">Huippuhyv\u00e4\u00e4 \u00e4\u00e4nenlaatua ei siis ollut odotettavissa.<\/p>\n<p class=\"article-body mb-nof-24 px-nof-16\">Kimmo haki kuulokkeet l\u00e4hi-Lidlist\u00e4 ja sai ne kassoilta lukkojen takaa. H\u00e4n tarkasti nopeasti mallin ja osti tuotteen.<\/p>\n<p><img decoding=\"async\" src=\"https:\/\/www.europesays.com\/fi\/wp-content\/uploads\/2025\/12\/1765699149_945_468.jpg\" alt=\"Toinen kuuloke osoittautui vialliseksi.\" class=\"_Img_1rerz_1\" style=\"aspect-ratio:1.1888544891640866\" loading=\"eager\"\/><\/p>\n<p class=\"article-picture-caption\">Toinen kuuloke osoittautui vialliseksi. Kuva:\u00a0Kimmo<\/p>\n<p class=\"article-body mb-nof-24 px-nof-16\">Kotona h\u00e4n ensimm\u00e4isen\u00e4 latasi kuulokkeiden latauskotelon, ja sen j\u00e4lkeen kotelossa olleet kuulokkeet. Kuulokkeissa on merkkivalo, jonka sammuessa kuuloke on latautunut. Oikean napin lataus kesti 2 tuntia ja 56 minuuttia, mutta toisen napin valo ei sammunut \u2013 edes 19 tunnin j\u00e4lkeen.<\/p>\n<p class=\"article-body mb-nof-24 px-nof-16\">Kimmolle k\u00e4vi nopeasti selv\u00e4ksi, ett\u00e4 toinen kuuloke on t\u00e4ysin mykk\u00e4.<\/p>\n<p class=\"article-body mb-nof-24 px-nof-16\">\u2013 Jokainen tiet\u00e4\u00e4, ett\u00e4 tuohon hintaan ei voi odottaa hifi-laatua, mutta pit\u00e4\u00e4h\u00e4n laitteen toimia.<\/p>\n<p class=\"article-body mb-nof-24 px-nof-16\">Sitten h\u00e4n huomasi mielenkiintoisen yksityiskohdan: laite oli valmistettu jo syyskuussa 2022. Tutkailtuaan asiaa verkosta h\u00e4nelle syntyi ep\u00e4ilys, olisiko pitk\u00e4 s\u00e4ilytysaika voinut tappaa toisen kuulokkeen akun.<\/p>\n<p><img decoding=\"async\" src=\"https:\/\/www.europesays.com\/fi\/wp-content\/uploads\/2025\/12\/1765699150_675_468.jpg\" alt=\"Tuote ei ollut aivan tuore.\" class=\"_Img_1rerz_1\" style=\"aspect-ratio:1.30968622100955\" loading=\"eager\"\/><\/p>\n<p class=\"article-picture-caption\">Tuote ei ollut aivan tuore. Kuva:\u00a0Kimmo<\/p>\n<p class=\"article-body mb-nof-24 px-nof-16\">H\u00e4n tiedusteli asiaa my\u00f6s valmistaja Xiaomilta, jonka mukaan yhti\u00f6ll\u00e4 ei ole tietoa siit\u00e4, mik\u00e4 on laitteen maksimis\u00e4ilytysaika varastossa. P\u00e4ivitt\u00e4isess\u00e4 k\u00e4yt\u00f6ss\u00e4 yhti\u00f6 kuitenkin suositteli lataamaan laitteen joka toinen tai joka kolmas kuukausi, jotta akku pysyy kunnossa.<\/p>\n<p class=\"article-body mb-nof-24 px-nof-16\">Kimmo l\u00e4hestyi asiassa lis\u00e4ksi tuotteen myyj\u00e4\u00e4 Lidli\u00e4, joka antoi miehelle heti 15 euron lahjakortin.<\/p>\n<p class=\"article-body mb-nof-24 px-nof-16\">Kuluttajansuojalain mukaan myyj\u00e4n on ensisijaisesti korjattava tuote tai vaihdettava se vastaavaan virheett\u00f6m\u00e4\u00e4n tuotteeseen. Myyj\u00e4 ei kuitenkaan ole velvollinen oikaisemaan virhett\u00e4 ostajan vaatimalla tavalla ylivoimaisen esteen vuoksi.<\/p>\n<p class=\"article-body mb-nof-24 px-nof-16\">Lahjakortin j\u00e4lkeen Kimmo tiedusteli uudelleen asiasta. Lidl ilmoitti, ettei tuotetta ole saatavilla, ja sen vuoksi asia ratkaistiin lahjakortilla. T\u00e4m\u00e4n j\u00e4lkeen Kimmo viel\u00e4 huomautti, ett\u00e4 ostajalla on oikeus saada kaupan purussa kauppahinta rahana takaisin.<\/p>\n<p class=\"article-body mb-nof-24 px-nof-16\">Lidl my\u00f6ntyi ehdotukseen ja maksoi rahat takaisin.<\/p>\n<p><img decoding=\"async\" src=\"https:\/\/www.europesays.com\/fi\/wp-content\/uploads\/2025\/12\/1765699150_563_468.jpg\" alt=\"Lidlin mukaan kuulokkeista on tullut joitain palautuksia.\" class=\"_Img_1rerz_1\" style=\"aspect-ratio:1.3333333333333333\" loading=\"eager\"\/><\/p>\n<p class=\"article-picture-caption\">Lidlin mukaan kuulokkeista on tullut joitain palautuksia. Kuva:\u00a0Tiina Ellil\u00e4<\/p>\n<p class=\"article-body mb-nof-24 px-nof-16\">Mutta miksi Lidl myy niin vanhaa kuuloke-er\u00e4\u00e4?<\/p>\n<p class=\"article-body mb-nof-24 px-nof-16\">\u2013 Meill\u00e4 k\u00e4ytt\u00f6tavarat, kuten elektroniikka, on myynniss\u00e4 er\u00e4luontoisesti. Olemme tuoneet n\u00e4m\u00e4 kuulokkeet ensimm\u00e4isen kerran myyntiin vuonna 2023. Kuulokkeet ovat olleet meill\u00e4 muutamassa eri kampanjassa ja viimeisimp\u00e4n\u00e4 nyt marraskuussa, Lidlin viestinn\u00e4st\u00e4 kerrotaan.<\/p>\n<p class=\"article-body mb-nof-24 px-nof-16\">Lidlin mukaan kuulokkeista on tullut joitain palautuksia.<\/p>\n<p class=\"article-body mb-nof-24 px-nof-16\">\u2013 Palautusten syyt ovat olleet teknisi\u00e4.<\/p>\n<p class=\"article-body mb-nof-24 px-nof-16\">Lis\u00e4ksi tarjouksessa on kiinnitt\u00e4nyt huomiota kuulokkeiden valmistaja. Kiinalainen Xiaomi on nimitt\u00e4in ollut myrskyn silm\u00e4ss\u00e4 jo jonkin aikaa, sill\u00e4 Ukraina on nimennyt sen Ven\u00e4j\u00e4n sotaa tukevien yhti\u00f6iden listalle.<\/p>\n<p class=\"article-body mb-nof-24 px-nof-16\">Vuonna 2023 Xiaomi oli Ven\u00e4j\u00e4n myydyin puhelinmerkki per\u00e4ti 30 prosentin markkinaosuudella. Esimerkiksi Gigantti on lopettanut merkin puhelimien myynnin. Miksi Lidl myy viel\u00e4 yhti\u00f6n tuotteita?<\/p>\n<p class=\"article-body mb-nof-24 px-nof-16\">\u2013 Kuulokkeet on valmistettu Kiinassa. Emme myy Ven\u00e4j\u00e4ll\u00e4 valmistettuja tuotteita eik\u00e4 meill\u00e4 ole liikesuhteita Ven\u00e4j\u00e4lle. Tavarantoimittajien osalta seuraamme tilannetta ja tietenkin noudatamme lains\u00e4\u00e4d\u00e4nt\u00f6\u00e4, jos valmistajaan tai tuotteisiin kohdistuisi rajoitteita, Lidlin viestint\u00e4 vastaa.<\/p>\n","protected":false},"excerpt":{"rendered":"Kuulokkeet olivat kovassa alennuksessa. Helsinkil\u00e4inen Kimmo t\u00f6rm\u00e4si Lidlin tarjouslehdess\u00e4 kovaan tarjoukseen. Xiaomin langattomia nappikuulokkeiden normaalihinnaksi kerrottiin 24,99 euroa,&hellip;\n","protected":false},"author":2,"featured_media":115972,"comment_status":"","ping_status":"","sticky":false,"template":"","format":"standard","meta":{"footnotes":""},"categories":[76],"tags":[79,77,33,31,30,34,32,78],"class_list":{"0":"post-115971","1":"post","2":"type-post","3":"status-publish","4":"format-standard","5":"has-post-thumbnail","7":"category-talous","8":"tag-business","9":"tag-economy","10":"tag-fi","11":"tag-finland","12":"tag-finnish","13":"tag-ilta-sanomat","14":"tag-suomi","15":"tag-talous"},"share_on_mastodon":{"url":"https:\/\/pubeurope.com\/@fi\/115716867501744287","error":""},"_links":{"self":[{"href":"https:\/\/www.europesays.com\/fi\/wp-json\/wp\/v2\/posts\/115971","targetHints":{"allow":["GET"]}}],"collection":[{"href":"https:\/\/www.europesays.com\/fi\/wp-json\/wp\/v2\/posts"}],"about":[{"href":"https:\/\/www.europesays.com\/fi\/wp-json\/wp\/v2\/types\/post"}],"author":[{"embeddable":true,"href":"https:\/\/www.europesays.com\/fi\/wp-json\/wp\/v2\/users\/2"}],"replies":[{"embeddable":true,"href":"https:\/\/www.europesays.com\/fi\/wp-json\/wp\/v2\/comments?post=115971"}],"version-history":[{"count":0,"href":"https:\/\/www.europesays.com\/fi\/wp-json\/wp\/v2\/posts\/115971\/revisions"}],"wp:featuredmedia":[{"embeddable":true,"href":"https:\/\/www.europesays.com\/fi\/wp-json\/wp\/v2\/media\/115972"}],"wp:attachment":[{"href":"https:\/\/www.europesays.com\/fi\/wp-json\/wp\/v2\/media?parent=115971"}],"wp:term":[{"taxonomy":"category","embeddable":true,"href":"https:\/\/www.europesays.com\/fi\/wp-json\/wp\/v2\/categories?post=115971"},{"taxonomy":"post_tag","embeddable":true,"href":"https:\/\/www.europesays.com\/fi\/wp-json\/wp\/v2\/tags?post=115971"}],"curies":[{"name":"wp","href":"https:\/\/api.w.org\/{rel}","templated":true}]}}