{"id":115979,"date":"2025-12-14T08:03:08","date_gmt":"2025-12-14T08:03:08","guid":{"rendered":"https:\/\/www.europesays.com\/fi\/115979\/"},"modified":"2025-12-14T08:03:08","modified_gmt":"2025-12-14T08:03:08","slug":"laakari-islle-lapin-luonto-on-talvella-hengenvaarallinen","status":"publish","type":"post","link":"https:\/\/www.europesays.com\/fi\/115979\/","title":{"rendered":"L\u00e4\u00e4k\u00e4ri IS:lle: Lapin luonto on talvella hengenvaarallinen"},"content":{"rendered":"<p class=\"ai-optimize-6 ai-optimize-introduction\">L\u00e4\u00e4k\u00e4ri <strong>Teemu Taulavuori<\/strong> muistuttaa <a href=\"https:\/\/www.is.fi\/kotimaa\/art-2000011690213.html\" target=\"_blank\" rel=\"noopener nofollow\">Ilta-Sanomien<\/a> haastattelussa, ett\u00e4 Lapin luonto voi olla hengenvaarallinen.<\/p>\n<p class=\"ai-optimize-7\">Taulavuori kertoo toteavansa Lapissa vuosittain maastoon menehtyneit\u00e4 vainajan. H\u00e4nen mukaansa kaikki tapaukset olisivat olleet v\u00e4ltett\u00e4viss\u00e4.<\/p>\n<p class=\"ai-optimize-8\">Vaaratilanteisiin liittyy usein sosiaalinen media, johon matkailijat pyrkiv\u00e4t tuottamaan sis\u00e4lt\u00f6\u00e4. Matkailijat tulevat Lappiin usein itsen\u00e4isesti ja suurin odotuksin, mutta aliarvioiden vaaralliset olosuhteet.<\/p>\n<p class=\"ai-optimize-9\">\u2013 On olemassa ilmi\u00f6, jossa Lappiin tullaan omin nokkineen ja omin suunnitelmin. En tied\u00e4, mit\u00e4 tulijat ajattelevat. Odotukset olosuhteista ovat j\u00e4rjett\u00f6mi\u00e4. Budjetin ja vakuutusten puolesta matkailijoilla ei ole edes edellytyksi\u00e4 muuttaa suunnitelmia, Taulavuori sanoo IS:lle.<\/p>\n<p class=\"ai-optimize-10\">Pakkanen voi kiristy\u00e4 Lapissa eritt\u00e4in nopeasti ja et\u00e4isyydet ovat pitki\u00e4. Ongelmat eiv\u00e4t rajoitu vain talveen: my\u00f6s kes\u00e4isin matkailijat aliarvioivat et\u00e4isyydet, kylmyyden ja mittasuhteet.<\/p>\n<p class=\"ai-optimize-11\">Taulavuori toivoisi, ett\u00e4 lentokentill\u00e4 olisi kyltti, joka varoittaisi menem\u00e4st\u00e4 pakkasella maastoon omin p\u00e4in.<\/p>\n<p class=\"ai-optimize-12\">Taulavuori kannustaa k\u00e4\u00e4ntym\u00e4\u00e4n ammattioppaiden puoleen realistisen kuvan saamiseksi.<\/p>\n","protected":false},"excerpt":{"rendered":"L\u00e4\u00e4k\u00e4ri Teemu Taulavuori muistuttaa Ilta-Sanomien haastattelussa, ett\u00e4 Lapin luonto voi olla hengenvaarallinen. Taulavuori kertoo toteavansa Lapissa vuosittain maastoon&hellip;\n","protected":false},"author":2,"featured_media":115980,"comment_status":"","ping_status":"","sticky":false,"template":"","format":"standard","meta":{"footnotes":""},"categories":[117],"tags":[33,31,30,72,476,710,118,32,119,477],"class_list":{"0":"post-115979","1":"post","2":"type-post","3":"status-publish","4":"format-standard","5":"has-post-thumbnail","7":"category-luonto","8":"tag-fi","9":"tag-finland","10":"tag-finnish","11":"tag-luonto","12":"tag-nature","13":"tag-saa","14":"tag-science","15":"tag-suomi","16":"tag-tiede","17":"tag-wildlife"},"share_on_mastodon":{"url":"https:\/\/pubeurope.com\/@fi\/115716882587056508","error":""},"_links":{"self":[{"href":"https:\/\/www.europesays.com\/fi\/wp-json\/wp\/v2\/posts\/115979","targetHints":{"allow":["GET"]}}],"collection":[{"href":"https:\/\/www.europesays.com\/fi\/wp-json\/wp\/v2\/posts"}],"about":[{"href":"https:\/\/www.europesays.com\/fi\/wp-json\/wp\/v2\/types\/post"}],"author":[{"embeddable":true,"href":"https:\/\/www.europesays.com\/fi\/wp-json\/wp\/v2\/users\/2"}],"replies":[{"embeddable":true,"href":"https:\/\/www.europesays.com\/fi\/wp-json\/wp\/v2\/comments?post=115979"}],"version-history":[{"count":0,"href":"https:\/\/www.europesays.com\/fi\/wp-json\/wp\/v2\/posts\/115979\/revisions"}],"wp:featuredmedia":[{"embeddable":true,"href":"https:\/\/www.europesays.com\/fi\/wp-json\/wp\/v2\/media\/115980"}],"wp:attachment":[{"href":"https:\/\/www.europesays.com\/fi\/wp-json\/wp\/v2\/media?parent=115979"}],"wp:term":[{"taxonomy":"category","embeddable":true,"href":"https:\/\/www.europesays.com\/fi\/wp-json\/wp\/v2\/categories?post=115979"},{"taxonomy":"post_tag","embeddable":true,"href":"https:\/\/www.europesays.com\/fi\/wp-json\/wp\/v2\/tags?post=115979"}],"curies":[{"name":"wp","href":"https:\/\/api.w.org\/{rel}","templated":true}]}}