{"id":115981,"date":"2025-12-14T08:14:08","date_gmt":"2025-12-14T08:14:08","guid":{"rendered":"https:\/\/www.europesays.com\/fi\/115981\/"},"modified":"2025-12-14T08:14:08","modified_gmt":"2025-12-14T08:14:08","slug":"elina-knihtila-arkityylissa-askelsi-minna-parikka-merkin-kengissa","status":"publish","type":"post","link":"https:\/\/www.europesays.com\/fi\/115981\/","title":{"rendered":"Elina Knihtil\u00e4 arkityyliss\u00e4: askelsi Minna Parikka -merkin kengiss\u00e4"},"content":{"rendered":"<p class=\"article-content article-content-width !bg-background\">N\u00e4yttelij\u00e4 ja Teatterikorkeakoulun n\u00e4yttelij\u00e4ntaiteen professori <a alt=\"Haku\" class=\"text-primary-red font-extrabold\" href=\"https:\/\/www.seiska.fi\/haku?q=Elina Knihtil\u00e4\" rel=\"nofollow noopener\" target=\"_blank\">Elina Knihtil\u00e4<\/a>, 54, kiinnitti Seiskan lukijan huomion Helsingin S\u00f6rn\u00e4isiss\u00e4 keskiviikkona (10.12.).<\/p>\n<p class=\"font-weight-bold m-font-weight-bold article-content article-content-width !bg-background\">Video: MIt\u00e4 tulee mieleen sanasta sahti?<\/p>\n<p class=\"article-content article-content-width !bg-background\">Elina odotteli raitiovaunupys\u00e4kill\u00e4 kulkupeli\u00e4 saapuvaksi. H\u00e4n oli sonnustautunut l\u00e4mpim\u00e4sti sumunvihre\u00e4\u00e4n parkatakkiin ja mustiin ulkoiluhousuihin.<\/p>\n<p class=\"article-content article-content-width !bg-background\">Katseenvangitsijoina Elinan arkityyliss\u00e4 olivat leikkis\u00e4t maihinnousukeng\u00e4t. Mustia nahkakenki\u00e4 koristivat ulkoreunoilla kullanv\u00e4riset pupunkorvat.<\/p>\n<p>                <img decoding=\"async\" src=\"https:\/\/www.europesays.com\/fi\/wp-content\/uploads\/2025\/12\/2017750.webp\" width=\"576\" height=\"639\" title=\"Elina Knihtil\u00e4 taittoi matkaa raitiovaunulla l\u00e4mpim\u00e4sti pukeutuneena.\" alt=\"Elina Knihtil\u00e4 kuvattuna S\u00f6rn\u00e4isiss\u00e4.\" loading=\"lazy\" \/>            <\/p>\n<p>\n            Elina Knihtil\u00e4 taittoi matkaa raitiovaunulla l\u00e4mpim\u00e4sti pukeutuneena.<br \/>\n            Lukijan kuva\n        <\/p>\n<p class=\"article-content article-content-width !bg-background\">Kyseess\u00e4 ovat suomalaisen kenk\u00e4suunnittelija\u00a0<a alt=\"Haku\" class=\"text-primary-red font-extrabold\" href=\"https:\/\/www.seiska.fi\/haku?q=Minna Parikan\" rel=\"nofollow noopener\" target=\"_blank\">Minna Parikan<\/a> syksyn 2022 juhlamallistoon kuuluvat Blizzard black-gold -nilkkurit.<\/p>\n<p class=\"article-content article-content-width !bg-background\">Elina lienee tuunannut karvavuorisia kenki\u00e4\u00e4n, sill\u00e4 Parikan alkuper\u00e4isiss\u00e4 saman mallin kengiss\u00e4 on kirkkaanpunaiset nauhat. Elinan kengiss\u00e4 punaiset nauhat on korvattu mustilla nauhoilla.<\/p>\n<p class=\"article-content article-content-width !bg-background\"><a href=\"https:\/\/info.stockmann.com\/inspiroidu\/muoti\/tulossa-minna-parikan-erikoismallisto\/\" target=\"_blank\" rel=\"nofollow noopener\">Minna Parikan juhlamallisto oli myynniss\u00e4 vuoden 2022 ajan yksinoikeudella Stockmannilla<\/a>. Nyky\u00e4\u00e4n kyseist\u00e4 kenk\u00e4mallia l\u00f6yt\u00e4\u00e4 en\u00e4\u00e4 kirpputorisovelluksista. Mik\u00e4li haluaa samanlaiset keng\u00e4t kuin Elinalla, niiden hinta vaihtelee kirpputoreilla 150 eurosta aina reiluun 340 euroon.<\/p>\n<p>Yhden pys\u00e4kin taktiikalla<\/p>\n<p class=\"article-content article-content-width !bg-background\">Seiskan lukija asteli samaan raitiovaunuun Elinan kanssa. Kaikeksi yll\u00e4tykseksi konkarin\u00e4yttelij\u00e4 matkusti kulkupelill\u00e4 ainoastaan yhden pys\u00e4kinv\u00e4lin.<\/p>\n<p class=\"article-content article-content-width !bg-background\">\u2013 Elina nousi kyytiin S\u00f6rn\u00e4isist\u00e4 ja j\u00e4i kyydist\u00e4 Haapaniemen pys\u00e4kill\u00e4, joka on Teatterikorkeakoulua l\u00e4hin raitiovaunupys\u00e4kki. S\u00e4\u00e4stelik\u00f6h\u00e4n h\u00e4n design-kenkiens\u00e4 pohjia, kun matkusti raitiovaunulla noin 600 metrin matkan? Seiskalle \u00e4imistell\u00e4\u00e4n.<\/p>\n","protected":false},"excerpt":{"rendered":"N\u00e4yttelij\u00e4 ja Teatterikorkeakoulun n\u00e4yttelij\u00e4ntaiteen professori Elina Knihtil\u00e4, 54, kiinnitti Seiskan lukijan huomion Helsingin S\u00f6rn\u00e4isiss\u00e4 keskiviikkona (10.12.). Video: MIt\u00e4&hellip;\n","protected":false},"author":2,"featured_media":115982,"comment_status":"","ping_status":"","sticky":false,"template":"","format":"standard","meta":{"footnotes":""},"categories":[136],"tags":[407,6078,137,33,31,30,408,21205,106,7333,32,11307,109],"class_list":{"0":"post-115981","1":"post","2":"type-post","3":"status-publish","4":"format-standard","5":"has-post-thumbnail","7":"category-julkkikset","8":"tag-celebrities","9":"tag-elina-knihtila","10":"tag-entertainment","11":"tag-fi","12":"tag-finland","13":"tag-finnish","14":"tag-julkkikset","15":"tag-minna-parikka","16":"tag-muoti","17":"tag-sornainen","18":"tag-suomi","19":"tag-teatterikorkeakoulu","20":"tag-viihde"},"share_on_mastodon":{"url":"https:\/\/pubeurope.com\/@fi\/115716926166878659","error":""},"_links":{"self":[{"href":"https:\/\/www.europesays.com\/fi\/wp-json\/wp\/v2\/posts\/115981","targetHints":{"allow":["GET"]}}],"collection":[{"href":"https:\/\/www.europesays.com\/fi\/wp-json\/wp\/v2\/posts"}],"about":[{"href":"https:\/\/www.europesays.com\/fi\/wp-json\/wp\/v2\/types\/post"}],"author":[{"embeddable":true,"href":"https:\/\/www.europesays.com\/fi\/wp-json\/wp\/v2\/users\/2"}],"replies":[{"embeddable":true,"href":"https:\/\/www.europesays.com\/fi\/wp-json\/wp\/v2\/comments?post=115981"}],"version-history":[{"count":0,"href":"https:\/\/www.europesays.com\/fi\/wp-json\/wp\/v2\/posts\/115981\/revisions"}],"wp:featuredmedia":[{"embeddable":true,"href":"https:\/\/www.europesays.com\/fi\/wp-json\/wp\/v2\/media\/115982"}],"wp:attachment":[{"href":"https:\/\/www.europesays.com\/fi\/wp-json\/wp\/v2\/media?parent=115981"}],"wp:term":[{"taxonomy":"category","embeddable":true,"href":"https:\/\/www.europesays.com\/fi\/wp-json\/wp\/v2\/categories?post=115981"},{"taxonomy":"post_tag","embeddable":true,"href":"https:\/\/www.europesays.com\/fi\/wp-json\/wp\/v2\/tags?post=115981"}],"curies":[{"name":"wp","href":"https:\/\/api.w.org\/{rel}","templated":true}]}}