{"id":115989,"date":"2025-12-14T08:24:08","date_gmt":"2025-12-14T08:24:08","guid":{"rendered":"https:\/\/www.europesays.com\/fi\/115989\/"},"modified":"2025-12-14T08:24:08","modified_gmt":"2025-12-14T08:24:08","slug":"djin-kuvauskopteria-voi-nyt-lentaa-apple-watchin-avulla","status":"publish","type":"post","link":"https:\/\/www.europesays.com\/fi\/115989\/","title":{"rendered":"DJI:n kuvauskopteria voi nyt lent\u00e4\u00e4 Apple Watchin avulla"},"content":{"rendered":"<p>DJI Neo 2:ta voi nyt ohjata suoraan Apple Watch -\u00e4lykellosta.<\/p>\n<p><a href=\"https:\/\/muropaketti.com\/avainsana\/dji\/\" rel=\"nofollow noopener\" target=\"_blank\">DJI<\/a> Neo 2 -drooniin on julkaistu uusi p\u00e4ivitys, jonka my\u00f6t\u00e4 sen ohjaus onnistuu nyt kokonaan Apple Watchilla. T\u00e4m\u00e4 toimii Apple Watch Series 8:lla ja uudemmilla, sek\u00e4 Apple Watch Ultra 2:lla ja Ultra 3:lla, <a href=\"https:\/\/dronedj.com\/2025\/12\/10\/apple-watch-dji-neo-drone\/\" target=\"_blank\" rel=\"noreferrer noopener nofollow\">kertoo DroneDJ<\/a>.<\/p>\n<p>Uusi firmwareversio yhdess\u00e4 DJI Fly -sovelluksen uusimman version (v1.19.4) kanssa mahdollistaa laitteen hallinnan ranteesta k\u00e4sin. K\u00e4ytt\u00e4j\u00e4 voi n\u00e4hd\u00e4 live-kameran\u00e4kym\u00e4n kellosta ja k\u00e4ytt\u00e4\u00e4 my\u00f6s \u00e4\u00e4ni-ohjausta. Lis\u00e4ksi kello voi toimia mikrofonina, jolla voi tallentaa \u00e4\u00e4nt\u00e4 kuvan p\u00e4\u00e4lle.<\/p>\n<p>DJI nostaa esiin, ett\u00e4 t\u00e4m\u00e4 ominaisuus on erityisen hy\u00f6dyllinen urheilutilanteissa, kuten py\u00f6r\u00e4illess\u00e4 ja juostessa, kun puhelimen tai perinteisen ohjaimen k\u00e4ytt\u00e4minen on hankalaa.<\/p>\n","protected":false},"excerpt":{"rendered":"DJI Neo 2:ta voi nyt ohjata suoraan Apple Watch -\u00e4lykellosta. DJI Neo 2 -drooniin on julkaistu uusi p\u00e4ivitys,&hellip;\n","protected":false},"author":2,"featured_media":115990,"comment_status":"","ping_status":"","sticky":false,"template":"","format":"standard","meta":{"footnotes":""},"categories":[84],"tags":[18094,20497,33,31,30,32,91,92],"class_list":{"0":"post-115989","1":"post","2":"type-post","3":"status-publish","4":"format-standard","5":"has-post-thumbnail","7":"category-teknologia","8":"tag-apple-watch","9":"tag-dji","10":"tag-fi","11":"tag-finland","12":"tag-finnish","13":"tag-suomi","14":"tag-technology","15":"tag-teknologia"},"share_on_mastodon":{"url":"https:\/\/pubeurope.com\/@fi\/115716965315687350","error":""},"_links":{"self":[{"href":"https:\/\/www.europesays.com\/fi\/wp-json\/wp\/v2\/posts\/115989","targetHints":{"allow":["GET"]}}],"collection":[{"href":"https:\/\/www.europesays.com\/fi\/wp-json\/wp\/v2\/posts"}],"about":[{"href":"https:\/\/www.europesays.com\/fi\/wp-json\/wp\/v2\/types\/post"}],"author":[{"embeddable":true,"href":"https:\/\/www.europesays.com\/fi\/wp-json\/wp\/v2\/users\/2"}],"replies":[{"embeddable":true,"href":"https:\/\/www.europesays.com\/fi\/wp-json\/wp\/v2\/comments?post=115989"}],"version-history":[{"count":0,"href":"https:\/\/www.europesays.com\/fi\/wp-json\/wp\/v2\/posts\/115989\/revisions"}],"wp:featuredmedia":[{"embeddable":true,"href":"https:\/\/www.europesays.com\/fi\/wp-json\/wp\/v2\/media\/115990"}],"wp:attachment":[{"href":"https:\/\/www.europesays.com\/fi\/wp-json\/wp\/v2\/media?parent=115989"}],"wp:term":[{"taxonomy":"category","embeddable":true,"href":"https:\/\/www.europesays.com\/fi\/wp-json\/wp\/v2\/categories?post=115989"},{"taxonomy":"post_tag","embeddable":true,"href":"https:\/\/www.europesays.com\/fi\/wp-json\/wp\/v2\/tags?post=115989"}],"curies":[{"name":"wp","href":"https:\/\/api.w.org\/{rel}","templated":true}]}}