{"id":115999,"date":"2025-12-14T08:35:08","date_gmt":"2025-12-14T08:35:08","guid":{"rendered":"https:\/\/www.europesays.com\/fi\/115999\/"},"modified":"2025-12-14T08:35:08","modified_gmt":"2025-12-14T08:35:08","slug":"saako-tekoaly-paattaa-sodassa-elamasta-ja-kuolemasta-teknogurulta-kohulausunto","status":"publish","type":"post","link":"https:\/\/www.europesays.com\/fi\/115999\/","title":{"rendered":"Saako teko\u00e4ly p\u00e4\u00e4tt\u00e4\u00e4 sodassa el\u00e4m\u00e4st\u00e4 ja kuolemasta? Teknogurulta kohulausunto"},"content":{"rendered":"<p>Yleinen mielipide on ainakin viel\u00e4 sellaista teko\u00e4lyn toimintaa vastaan, jolla p\u00e4\u00e4tett\u00e4isiin kuka el\u00e4\u00e4 ja kuka ei.<\/p>\n<p>Oculuksen <a href=\"https:\/\/www.techspot.com\/news\/110518-palmer-luckey-ai-allowed-decide-who-lives-dies.html\" target=\"_blank\" rel=\"noreferrer noopener nofollow\">ja<\/a> puolustusalan yrityksen Andurilin perustajalta Palmer Luckeylta on kuultu aiemminkin keskustelua her\u00e4tt\u00e4vi\u00e4 mielipiteit\u00e4. H\u00e4n sanoi nyt Fox Newsille, ettei n\u00e4e mit\u00e4\u00e4n ongelmaa siin\u00e4, ett\u00e4 teko\u00e4lylle annettaisiin valta tehd\u00e4 tappavia p\u00e4\u00e4t\u00f6ksi\u00e4 sodassa.<\/p>\n<p>\u2013 Kun puhutaan el\u00e4m\u00e4st\u00e4 ja kuolemasta, alue on niin moraalisesti latautunut ja niin kriittinen, ett\u00e4 k\u00e4yt\u00f6ss\u00e4 pit\u00e4isi olla paras mahdollinen teknologia, oli se millaista tahansa, Luckey sanoi.<\/p>\n<p>\u2013 Minun mielest\u00e4ni huonomman teknologian k\u00e4ytt\u00f6 ei takaa moraalista ylemmyytt\u00e4, vaikka se antaisi mahdollisuuden sanoa: \u201dEmme koskaan anna robotin p\u00e4\u00e4tt\u00e4\u00e4, kuka el\u00e4\u00e4 ja kuka kuolee.\u201d<\/p>\n<p>Luckey n\u00e4kee kuitenkin, ett\u00e4 ihmisten tappamista koskevissa p\u00e4\u00e4t\u00f6ksiss\u00e4 pit\u00e4\u00e4 minimoida sivulliset uhrit.<\/p>\n<p>\u2013 Oli kyse teko\u00e4lyst\u00e4, kvanttilaskennasta tai mist\u00e4 tahansa muusta. Jos puhutaan ihmisten tappamisesta, sivullisille aiheutuva vahinko pit\u00e4\u00e4 minimoida, ja kaikessa mit\u00e4 teet, pit\u00e4\u00e4 pyrki\u00e4 mahdollisimman suureen varmuuteen.<\/p>\n<p>Luckeyn lausuntoon saattaa vaikuttaa, ett\u00e4 Anduril kehitt\u00e4\u00e4 drooneja, maaj\u00e4rjestelmi\u00e4, sensoreita ja muuta sotateknologiaa, jonka ytimess\u00e4 on teko\u00e4ly\u00e4 hy\u00f6dynt\u00e4v\u00e4 Lattice-alusta. Yritys on jo esitellyt teko\u00e4lyll\u00e4 toimivia itsemurhadroneja ja muita autonomisia asej\u00e4rjestelmi\u00e4.<\/p>\n","protected":false},"excerpt":{"rendered":"Yleinen mielipide on ainakin viel\u00e4 sellaista teko\u00e4lyn toimintaa vastaan, jolla p\u00e4\u00e4tett\u00e4isiin kuka el\u00e4\u00e4 ja kuka ei. Oculuksen ja&hellip;\n","protected":false},"author":2,"featured_media":116000,"comment_status":"","ping_status":"","sticky":false,"template":"","format":"standard","meta":{"footnotes":""},"categories":[89],"tags":[432,431,33,31,30,805,32,91,92,433],"class_list":{"0":"post-115999","1":"post","2":"type-post","3":"status-publish","4":"format-standard","5":"has-post-thumbnail","7":"category-tekoaly","8":"tag-ai","9":"tag-artificial-intelligence","10":"tag-fi","11":"tag-finland","12":"tag-finnish","13":"tag-sota","14":"tag-suomi","15":"tag-technology","16":"tag-teknologia","17":"tag-tekoaly"},"share_on_mastodon":{"url":"https:\/\/pubeurope.com\/@fi\/115717008464011809","error":""},"_links":{"self":[{"href":"https:\/\/www.europesays.com\/fi\/wp-json\/wp\/v2\/posts\/115999","targetHints":{"allow":["GET"]}}],"collection":[{"href":"https:\/\/www.europesays.com\/fi\/wp-json\/wp\/v2\/posts"}],"about":[{"href":"https:\/\/www.europesays.com\/fi\/wp-json\/wp\/v2\/types\/post"}],"author":[{"embeddable":true,"href":"https:\/\/www.europesays.com\/fi\/wp-json\/wp\/v2\/users\/2"}],"replies":[{"embeddable":true,"href":"https:\/\/www.europesays.com\/fi\/wp-json\/wp\/v2\/comments?post=115999"}],"version-history":[{"count":0,"href":"https:\/\/www.europesays.com\/fi\/wp-json\/wp\/v2\/posts\/115999\/revisions"}],"wp:featuredmedia":[{"embeddable":true,"href":"https:\/\/www.europesays.com\/fi\/wp-json\/wp\/v2\/media\/116000"}],"wp:attachment":[{"href":"https:\/\/www.europesays.com\/fi\/wp-json\/wp\/v2\/media?parent=115999"}],"wp:term":[{"taxonomy":"category","embeddable":true,"href":"https:\/\/www.europesays.com\/fi\/wp-json\/wp\/v2\/categories?post=115999"},{"taxonomy":"post_tag","embeddable":true,"href":"https:\/\/www.europesays.com\/fi\/wp-json\/wp\/v2\/tags?post=115999"}],"curies":[{"name":"wp","href":"https:\/\/api.w.org\/{rel}","templated":true}]}}