{"id":116001,"date":"2025-12-14T08:37:24","date_gmt":"2025-12-14T08:37:24","guid":{"rendered":"https:\/\/www.europesays.com\/fi\/116001\/"},"modified":"2025-12-14T08:37:24","modified_gmt":"2025-12-14T08:37:24","slug":"milloin-internet-keksittiin-indeksonline-net","status":"publish","type":"post","link":"https:\/\/www.europesays.com\/fi\/116001\/","title":{"rendered":"Milloin internet keksittiin? \u2013 Indeksonline. Net"},"content":{"rendered":"<p>17:29 \/ torstai, 22. maaliskuuta 2018 \/ indeksADMonline<\/p>\n<p>Vuonna 2018 jotkut meist\u00e4 vannovat, ett\u00e4 ruoan, veden ja hapen lis\u00e4ksi emme voisi el\u00e4\u00e4 ilman interneti\u00e4. Suhteellisen lyhyess\u00e4 ajassa t\u00e4m\u00e4 n\u00e4kym\u00e4t\u00f6n olento on mullistanut useimpien ihmisten el\u00e4m\u00e4ntavan.<\/p>\n<p>Mutta miksi internet keksittiin ja kuka sen keksi? Kuinka vanha se on?<\/p>\n<p>Vaikka suuri osa ihmisist\u00e4 muistaa yh\u00e4 ajan ennen interneti\u00e4, on mahdollista, ett\u00e4 se on ollut olemassa pidemp\u00e4\u00e4n kuin sin\u00e4.<\/p>\n<p>Internetin historia alkoi s\u00e4hk\u00f6postista. Internetin ensimm\u00e4inen julkinen kaupallinen k\u00e4ytt\u00f6 tapahtui s\u00e4hk\u00f6postin kautta vuonna 1989.<\/p>\n<p>T\u00e4ll\u00f6in MCI Mail ja Compuserve julkaisivat s\u00e4hk\u00f6postipalvelimensa, jotka yhdistiv\u00e4t noin 500,000 XNUMX k\u00e4ytt\u00e4j\u00e4\u00e4.<\/p>\n<p>Samana vuonna Tim Berners-Lee ja h\u00e4nen CERN-tiimins\u00e4 keksiv\u00e4t World Wide Webin, jota k\u00e4yt\u00e4mme edelleen t\u00e4n\u00e4kin p\u00e4iv\u00e4n\u00e4 joka kerta, kun k\u00e4ynnist\u00e4mme verkkoselaimen.<\/p>\n<p>Internetin todellinen synty tapahtui kuitenkin vuoden 1983 alussa. \/Indeksonline\/<\/p>\n<p><img decoding=\"async\" loading=\"lazy\" class=\"alignnone size-full wp-image-257118\" src=\"https:\/\/www.europesays.com\/fi\/wp-content\/uploads\/2025\/12\/512136509.jpg\" alt=\"\" width=\"683\" height=\"512\"\/><\/p>\n","protected":false},"excerpt":{"rendered":"17:29 \/ torstai, 22. maaliskuuta 2018 \/ indeksADMonline Vuonna 2018 jotkut meist\u00e4 vannovat, ett\u00e4 ruoan, veden ja hapen&hellip;\n","protected":false},"author":2,"featured_media":116002,"comment_status":"","ping_status":"","sticky":false,"template":"","format":"standard","meta":{"footnotes":""},"categories":[87],"tags":[33,31,30,148,32,91,92],"class_list":{"0":"post-116001","1":"post","2":"type-post","3":"status-publish","4":"format-standard","5":"has-post-thumbnail","7":"category-internet","8":"tag-fi","9":"tag-finland","10":"tag-finnish","11":"tag-internet","12":"tag-suomi","13":"tag-technology","14":"tag-teknologia"},"share_on_mastodon":{"url":"https:\/\/pubeurope.com\/@fi\/115717016530954627","error":""},"_links":{"self":[{"href":"https:\/\/www.europesays.com\/fi\/wp-json\/wp\/v2\/posts\/116001","targetHints":{"allow":["GET"]}}],"collection":[{"href":"https:\/\/www.europesays.com\/fi\/wp-json\/wp\/v2\/posts"}],"about":[{"href":"https:\/\/www.europesays.com\/fi\/wp-json\/wp\/v2\/types\/post"}],"author":[{"embeddable":true,"href":"https:\/\/www.europesays.com\/fi\/wp-json\/wp\/v2\/users\/2"}],"replies":[{"embeddable":true,"href":"https:\/\/www.europesays.com\/fi\/wp-json\/wp\/v2\/comments?post=116001"}],"version-history":[{"count":0,"href":"https:\/\/www.europesays.com\/fi\/wp-json\/wp\/v2\/posts\/116001\/revisions"}],"wp:featuredmedia":[{"embeddable":true,"href":"https:\/\/www.europesays.com\/fi\/wp-json\/wp\/v2\/media\/116002"}],"wp:attachment":[{"href":"https:\/\/www.europesays.com\/fi\/wp-json\/wp\/v2\/media?parent=116001"}],"wp:term":[{"taxonomy":"category","embeddable":true,"href":"https:\/\/www.europesays.com\/fi\/wp-json\/wp\/v2\/categories?post=116001"},{"taxonomy":"post_tag","embeddable":true,"href":"https:\/\/www.europesays.com\/fi\/wp-json\/wp\/v2\/tags?post=116001"}],"curies":[{"name":"wp","href":"https:\/\/api.w.org\/{rel}","templated":true}]}}