{"id":116009,"date":"2025-12-14T08:48:08","date_gmt":"2025-12-14T08:48:08","guid":{"rendered":"https:\/\/www.europesays.com\/fi\/116009\/"},"modified":"2025-12-14T08:48:08","modified_gmt":"2025-12-14T08:48:08","slug":"alma-hatonen-jatti-ruokavaliostaan-pois-kahvin","status":"publish","type":"post","link":"https:\/\/www.europesays.com\/fi\/116009\/","title":{"rendered":"Alma H\u00e4t\u00f6nen j\u00e4tti ruokavaliostaan pois kahvin"},"content":{"rendered":"<p>Alma H\u00e4t\u00f6nen on tehnyt el\u00e4m\u00e4ntapamuutoksen.<\/p>\n<p class=\"article-body mb-nof-24 px-nof-16\">Juontaja <a class=\"article-personlink\" href=\"https:\/\/www.is.fi\/haku\/?query=Alma%20H%C3%A4t%C3%B6nen\" rel=\"nofollow noopener\" target=\"_blank\">Alma H\u00e4t\u00f6nen<\/a> on lopettanut kahvin juomisen.<\/p>\n<p class=\"article-body mb-nof-24 px-nof-16\">H\u00e4n kertoo Instagram-julkaisussaan, ett\u00e4 p\u00e4\u00e4t\u00f6ksen taustalla vaikuttivat nukahtamisvaikeudet ja nyt h\u00e4n nukahtaa ilman kofeiinia nopeammin.<\/p>\n<p class=\"article-body mb-nof-24 px-nof-16\">Aluksi keho reagoi kahvittomuuteen kuitenkin vahvasti. H\u00e4t\u00f6nen nimitt\u00e4in kertoo, ett\u00e4 lopetti kahvinjuonnin kuin sein\u00e4\u00e4n, sill\u00e4 ajatteli, ett\u00e4 useat kahvikupilliset p\u00e4iv\u00e4ss\u00e4 eiv\u00e4t tee hyv\u00e4\u00e4.<\/p>\n<p class=\"article-body mb-nof-24 px-nof-16\">Ensimm\u00e4iset pari viikkoa h\u00e4n k\u00e4rsi kovasta p\u00e4\u00e4ns\u00e4ryst\u00e4 sek\u00e4 lihas- ja nivels\u00e4ryst\u00e4, jotka tuntuivat h\u00e4nest\u00e4 samalta kuin olisi ollut kovassa kuumeessa.<\/p>\n<p class=\"article-body mb-nof-24 px-nof-16\">\u2013 Lopetin kahvinjuonnin kokonaan ja se oli kamalaa, H\u00e4t\u00f6nen my\u00f6nt\u00e4\u00e4 julkaisussa.<\/p>\n<p class=\"article-body mb-nof-24 px-nof-16\">H\u00e4t\u00f6nen oli luullut, ettei ole riippuvainen kahvista, mutta yll\u00e4ttyi.<\/p>\n<p class=\"article-body mb-nof-24 px-nof-16\">\u2013 Ensimm\u00e4inen viikko ilman kahvia veti mut kyll\u00e4 polvilleen. En ollut koskaan ajatellut, ett\u00e4 mulla olisi varsinaisesti riippuvuutta. \u201dM\u00e4 vaan tykk\u00e4\u00e4n kahvin mausta.\u201d Little did I know!<\/p>\n<p class=\"article-body mb-nof-24 px-nof-16\">Vaikka H\u00e4t\u00f6nen kertoo nukahtavansa nyt nopeammin, h\u00e4n her\u00e4ilee edelleen \u00f6isin.<\/p>\n<p class=\"article-body mb-nof-24 px-nof-16\">\u2013 Hermoston rauhoittaminen ei tapahdu n\u00e4k\u00f6j\u00e4\u00e4n pelk\u00e4st\u00e4\u00e4n kahvin lopettamisella, mutta on ollut mulle toimiva eka askel. Oon vaihtanut kahvin kurkumalatteen ja rauhoittavaan yrttiteehen. Askel kerrallaan.<\/p>\n<p class=\"article-body mb-nof-24 px-nof-16\">Lue lis\u00e4\u00e4: <a class=\"article-genericlink\" href=\"https:\/\/www.is.fi\/terveys\/art-2000011615711.html\" rel=\"nofollow noopener\" target=\"_blank\">\u00c4l\u00e4 juo t\u00e4t\u00e4 viimeiseksi illalla \u2013 voi tuhota unet<\/a><\/p>\n<p class=\"article-body mb-nof-24 px-nof-16\">Useat H\u00e4t\u00f6sen seuraajat ovat jakaneet kommenttikent\u00e4ss\u00e4 kokemuksiaan kahvin j\u00e4tt\u00e4misest\u00e4.<\/p>\n<p class=\"article-body mb-nof-24 px-nof-16\">\u2013 Oon kans v\u00e4hent\u00e4nyt kahvin juontia tietoisesti, nyt oon pisteess\u00e4 ett\u00e4 juon yhden kupin aamulla, muuten teet\u00e4! Sen verran eroa oon huomannut, ettei tee mieli kahvia p\u00e4ivisin.<\/p>\n<p class=\"article-body mb-nof-24 px-nof-16\">\u2013 M\u00e4 juon nyky\u00e4\u00e4n yrttiteet\u00e4 ja kuumaa kaakaota kahvin sijaan, itse oli pakko lopettaa kahvin juominen hermoston ylikuormittuneisuuden takia \u2013 eik\u00e4 se ollu kyll\u00e4 kauheen helppoa.<\/p>\n<p class=\"article-body mb-nof-24 px-nof-16\">\u2013 Hatunnosto sinulle&#8230;.ei varmaan kovin helppoa, kun kujilla tuoksuu espresso, yksi kirjoittaa viitaten ilmeisesti H\u00e4t\u00f6sen uuteen asuinpaikkaan. H\u00e4t\u00f6nen asuu nyky\u00e4\u00e4n Italiassa.<\/p>\n<p class=\"article-body mb-nof-24 px-nof-16\">H\u00e4t\u00f6nen kertoi <a class=\"article-genericlink\" href=\"https:\/\/www.is.fi\/viihde\/art-2000011448804.html\" rel=\"nofollow noopener\" target=\"_blank\">IS:lle<\/a> syyskuussa, ett\u00e4 muuttaa puolisonsa ty\u00f6n takia Roomaan.<\/p>\n<p class=\"article-body mb-nof-24 px-nof-16\">My\u00f6hemmin selvisi, ett\u00e4 H\u00e4t\u00f6sen n\u00e4yttelij\u00e4puoliso <a class=\"article-personlink\" href=\"https:\/\/www.is.fi\/haku\/?query=Jaakko%20Ohtonen\" rel=\"nofollow noopener\" target=\"_blank\">Jaakko Ohtonen<\/a> on valittu p\u00e4\u00e4rooliin Hollywood-t\u00e4hti <a class=\"article-personlink\" href=\"https:\/\/www.is.fi\/haku\/?query=Mel%20Gibsonin\" rel=\"nofollow noopener\" target=\"_blank\">Mel Gibsonin<\/a> uuteen The Resurrection of the Christ -elokuvaan. Ohtonen n\u00e4yttelee elokuvassa Jeesusta. Elokuvan on tarkoitus ilmesty\u00e4 kahdessa osassa vuonna 2027.<\/p>\n<p class=\"article-body mb-nof-24 px-nof-16\">Elokuvat ovat jatkoa Gibsonin vuoden 2004 elokuvalle The Passion of the Christ.<\/p>\n<p class=\"article-body mb-nof-24 px-nof-16\"><a class=\"article-genericlink\" href=\"https:\/\/variety.com\/2025\/film\/global\/mel-gibson-resurrection-of-the-christ-new-jesus-mary-magdalene-1236552209\/\" rel=\"nofollow noopener\" target=\"_blank\">Variety-lehden<\/a> mukaan kuvaukset k\u00e4ynnistyiv\u00e4t lokakuun alussa Roomassa.<\/p>\n","protected":false},"excerpt":{"rendered":"Alma H\u00e4t\u00f6nen on tehnyt el\u00e4m\u00e4ntapamuutoksen. Juontaja Alma H\u00e4t\u00f6nen on lopettanut kahvin juomisen. H\u00e4n kertoo Instagram-julkaisussaan, ett\u00e4 p\u00e4\u00e4t\u00f6ksen taustalla&hellip;\n","protected":false},"author":2,"featured_media":116010,"comment_status":"","ping_status":"","sticky":false,"template":"","format":"standard","meta":{"footnotes":""},"categories":[130],"tags":[137,33,31,30,34,32,109],"class_list":{"0":"post-116009","1":"post","2":"type-post","3":"status-publish","4":"format-standard","5":"has-post-thumbnail","7":"category-viihde","8":"tag-entertainment","9":"tag-fi","10":"tag-finland","11":"tag-finnish","12":"tag-ilta-sanomat","13":"tag-suomi","14":"tag-viihde"},"share_on_mastodon":{"url":"https:\/\/pubeurope.com\/@fi\/115717059857038451","error":""},"_links":{"self":[{"href":"https:\/\/www.europesays.com\/fi\/wp-json\/wp\/v2\/posts\/116009","targetHints":{"allow":["GET"]}}],"collection":[{"href":"https:\/\/www.europesays.com\/fi\/wp-json\/wp\/v2\/posts"}],"about":[{"href":"https:\/\/www.europesays.com\/fi\/wp-json\/wp\/v2\/types\/post"}],"author":[{"embeddable":true,"href":"https:\/\/www.europesays.com\/fi\/wp-json\/wp\/v2\/users\/2"}],"replies":[{"embeddable":true,"href":"https:\/\/www.europesays.com\/fi\/wp-json\/wp\/v2\/comments?post=116009"}],"version-history":[{"count":0,"href":"https:\/\/www.europesays.com\/fi\/wp-json\/wp\/v2\/posts\/116009\/revisions"}],"wp:featuredmedia":[{"embeddable":true,"href":"https:\/\/www.europesays.com\/fi\/wp-json\/wp\/v2\/media\/116010"}],"wp:attachment":[{"href":"https:\/\/www.europesays.com\/fi\/wp-json\/wp\/v2\/media?parent=116009"}],"wp:term":[{"taxonomy":"category","embeddable":true,"href":"https:\/\/www.europesays.com\/fi\/wp-json\/wp\/v2\/categories?post=116009"},{"taxonomy":"post_tag","embeddable":true,"href":"https:\/\/www.europesays.com\/fi\/wp-json\/wp\/v2\/tags?post=116009"}],"curies":[{"name":"wp","href":"https:\/\/api.w.org\/{rel}","templated":true}]}}