{"id":116021,"date":"2025-12-14T08:54:07","date_gmt":"2025-12-14T08:54:07","guid":{"rendered":"https:\/\/www.europesays.com\/fi\/116021\/"},"modified":"2025-12-14T08:54:07","modified_gmt":"2025-12-14T08:54:07","slug":"iida-on-ollut-kahdeksan-vuotta-kotiaiti-ajatellaan-etta-elan-mieheni-rahoilla","status":"publish","type":"post","link":"https:\/\/www.europesays.com\/fi\/116021\/","title":{"rendered":"Iida on ollut kahdeksan vuotta koti\u00e4iti \u2013 \u201dAjatellaan, ett\u00e4 el\u00e4n mieheni rahoilla\u201d"},"content":{"rendered":"<p>28-vuotias Iida Mero on koti\u00e4iti. Nelj\u00e4n lapsen \u00e4iti vastaa kodinhoidosta, kun taas puoliso raha-asioista. Monilla on j\u00e4rjestelyst\u00e4 ennakkoluuloja, Iida kertoo.<\/p>\n<p class=\"paragraph\">Kun <strong>Iida Mero<\/strong> sai reilu seitsem\u00e4n vuotta sitten esikoisensa, h\u00e4n ei ajatellut j\u00e4\u00e4v\u00e4ns\u00e4 kotiin vuosiksi.<\/p>\n<p class=\"paragraph\">Toisin k\u00e4vi. Nyt 28-vuotiaalla Iidalla on nelj\u00e4 lasta, ja h\u00e4n on koti\u00e4iti. Ajatus koti\u00e4itiydest\u00e4 syntyi hiljalleen.<\/p>\n<p class=\"paragraph\">Ennen ensimm\u00e4ist\u00e4 vanhempainvapaataan Iida ty\u00f6skenteli kauneusalalla. H\u00e4n halusi luoda uraa ja suunnitteli menev\u00e4ns\u00e4 opiskelemaan ammattikorkeakouluun. N\u00e4in tekiv\u00e4t h\u00e4nen yst\u00e4v\u00e4ns\u00e4kin.<\/p>\n<p class=\"paragraph\">\u2013 Mutta t\u00e4ss\u00e4 vuosien aikana olen tajunnut, etteiv\u00e4t ne olleet v\u00e4ltt\u00e4m\u00e4tt\u00e4 asioita, joita olen itse aidosti halunnut, vaan oletuksia, mit\u00e4 kaikkien pit\u00e4isi tehd\u00e4.<\/p>\n<p class=\"paragraph\">Erityisesti korona-aika oli Iidalle k\u00e4\u00e4nteentekev\u00e4. H\u00e4n alkoi mietti\u00e4 omia arvojaan, tapaansa el\u00e4\u00e4 ja sit\u00e4, millaisia asioita ylip\u00e4\u00e4t\u00e4\u00e4n pit\u00e4\u00e4 merkityksellisin\u00e4.<\/p>\n<p class=\"paragraph\">Sen my\u00f6t\u00e4 kirkastui ajatus suuresta perheest\u00e4 ja kotona pysymisest\u00e4.<\/p>\n<p class=\"paragraph\">\u2013 Oikeastaan kolmannen lapsen j\u00e4lkeen olinkin jo aika lailla tehnyt sen valinnan, ett\u00e4 lapset saavat olla kotona niin pitk\u00e4\u00e4n kuin se on mahdollista. En edes yrit\u00e4 t\u00e4hd\u00e4t\u00e4 siihen, ett\u00e4 he menisiv\u00e4t p\u00e4iv\u00e4kotiin jonkin tietyn i\u00e4n j\u00e4lkeen.<\/p>\n<p>T\u00e4llaista koti\u00e4itiys on<\/p>\n<p class=\"paragraph\">Iida arvelee, ett\u00e4 monilla on virheellinen k\u00e4sitys koti\u00e4itiydest\u00e4.<\/p>\n<p class=\"paragraph\">\u2013 Ajatellaan, ett\u00e4 koti\u00e4iti vain chillailee p\u00e4iv\u00e4t pitk\u00e4t. Siell\u00e4 on kuitenkin todella paljon n\u00e4kym\u00e4t\u00f6nt\u00e4 ty\u00f6t\u00e4, joka ei v\u00e4ltt\u00e4m\u00e4tt\u00e4 toteutuisi ilman \u00e4iti\u00e4.<\/p>\n<p class=\"paragraph\">Iidan lapsista vanhin k\u00e4y koulua, mutta p\u00e4\u00e4asiassa lapset ovat Iidan kanssa p\u00e4iv\u00e4st\u00e4 toiseen. Arki t\u00e4yttyy monipuolisesta touhuamisesta: kerhossa ja puistossa k\u00e4ymisest\u00e4, ajanvietosta yst\u00e4vien kanssa tai esimerkiksi neuvolak\u00e4ynneist\u00e4.<\/p>\n<p class=\"paragraph\">T\u00e4m\u00e4n lis\u00e4ksi Iidan vastuulla on kodinhoito, kun taas puoliso vastaa perheen taloudellisesta puolesta.<\/p>\n<p class=\"paragraph\">\u2013 T\u00e4m\u00e4 on ollut meille selke\u00e4 yhteinen ratkaisu, eik\u00e4 t\u00e4st\u00e4 ole koskaan jouduttu meill\u00e4 v\u00e4\u00e4nt\u00e4m\u00e4\u00e4n tai edes oikeastaan mitenk\u00e4\u00e4n keskustelemaan, kertoo Iida.<\/p>\n<p>\u201dAjatellaan, ett\u00e4 el\u00e4n mieheni rahoilla\u201d<\/p>\n<p class=\"paragraph\">Juuri rahapuoli on asia, josta Iida saa eniten ulkopuolisilta palautetta. Iida jakaa perhearkeaan Instagram-tilill\u00e4\u00e4n Kaaoksesta kauniiksi.<\/p>\n<p class=\"paragraph\">Osa pohtii, miten Iida p\u00e4rj\u00e4isi taloudellisesti eron j\u00e4lkeen. Tai ent\u00e4 jos puoliso kuolee yll\u00e4tt\u00e4en?<\/p>\n<p class=\"paragraph\">\u2013 On tullut paljon muka huolestuneita kommentteja. Ne voivat olla tosi ik\u00e4vi\u00e4kin v\u00e4lill\u00e4, h\u00e4n sanoo.<\/p>\n<p>Vuodet pienten lasten kanssa menev\u00e4t nopeasti, kertoo Iida. Iida Meron kotialbumi<\/p>\n<p class=\"paragraph\">\u2013 Ajatellaan, ett\u00e4 el\u00e4n mieheni rahoilla. Uskon, ett\u00e4 osaltaan se voi varmasti olla tiet\u00e4m\u00e4tt\u00f6myytt\u00e4, mutta my\u00f6s jonkinlaista kateutta. Varsinkin, jos itsell\u00e4 olisi halu olla kotona, mutta ei pysty jonkin syyn takia.<\/p>\n<p class=\"paragraph\">Iidan mielest\u00e4 aiheeseen liittyy paljon katastrofiajattelua. H\u00e4n sanoo tiedostavansa, ett\u00e4 el\u00e4m\u00e4ss\u00e4 voi tapahtua kamalia asioita, mutta siihen h\u00e4n ei usko, ett\u00e4 h\u00e4n j\u00e4isi puille paljaille. Perheess\u00e4 on aina ollut yhteiset rahat.<\/p>\n<p class=\"paragraph\">\u2013 Meill\u00e4 on yhteisi\u00e4 sek\u00e4 pieni\u00e4 omia s\u00e4\u00e4st\u00f6j\u00e4 molemmilla, joita sitten hy\u00f6dynnett\u00e4isiin, jos jotain tapahtuisi. Sanon my\u00f6s aina, ett\u00e4 jos minulle tulisi pakkotarve menn\u00e4 t\u00f6ihin, niin sitten pit\u00e4isi menn\u00e4 t\u00f6ihin ja ruveta tienaamaan jollain tavalla.<\/p>\n<p class=\"paragraph\">Sen sijaan siit\u00e4 Iida on varma, ettei pariskunta eroa.<\/p>\n<p class=\"paragraph\">\u2013 Olemme olleet puolisoni kanssa nyt 11 vuotta yhdess\u00e4, joista puolet olemme olleet naimisissa. T\u00e4t\u00e4 on vaikea selitt\u00e4\u00e4, mutta tied\u00e4n, ett\u00e4 olemme yhdess\u00e4 emmek\u00e4 joudu koskaan v\u00e4\u00e4nt\u00e4m\u00e4\u00e4n t\u00e4llaisista asioista ainakaan eron vuoksi, h\u00e4n painottaa.<\/p>\n<p>Yhteinen p\u00e4\u00e4t\u00f6s<\/p>\n<p class=\"paragraph\">Kaiken kaikkiaan Iida sanoo olevansa onnekas, sill\u00e4 h\u00e4nen puolisollaan on hyv\u00e4 ty\u00f6paikka ja perhe p\u00e4rj\u00e4\u00e4 yhdell\u00e4 palkalla. Tilanne on kuitenkin vaatinut pys\u00e4htymist\u00e4 talouden \u00e4\u00e4relle: perhe suunnittelee tarkasti esimerkiksi ruokaostokset ja muut hankinnat.<\/p>\n<p class=\"paragraph\">J\u00e4rjestely edellytt\u00e4\u00e4 Iidan mielest\u00e4 sitoutumista toiseen ihmiseen ja perhe-el\u00e4m\u00e4\u00e4n. Siihen eiv\u00e4t kaikki pysty nykyp\u00e4iv\u00e4n\u00e4, h\u00e4n ajattelee.<\/p>\n<p class=\"paragraph\">\u2013 Mielest\u00e4ni se on ehk\u00e4 v\u00e4h\u00e4n surullista. Meill\u00e4 on ollut selke\u00e4 ajatus siit\u00e4, ett\u00e4 olemme yhdess\u00e4. Vaikka v\u00e4lill\u00e4 on haasteita, sill\u00e4 parisuhteemme ei ole aina ruusuilla tanssimista ja arki voi olla kuormittavaa, olemme p\u00e4\u00e4tt\u00e4neet, ett\u00e4 valitsemme t\u00e4m\u00e4n, mit\u00e4 meill\u00e4 on.<\/p>\n<p class=\"paragraph\">\u2013 Sit\u00e4 se mielest\u00e4ni vaatiikin. En olisi jaksanut olla t\u00e4llaista aikaa lastemme kanssa kotona, jos olisin joutunut t\u00e4ss\u00e4 sivussa huolehtimaan niist\u00e4 asioista, joista puolisoni huolehtii.<\/p>\n<p>Onni l\u00f6ytyy arjesta<\/p>\n<p class=\"paragraph\">Iida kokee, ettei \u00e4itiytt\u00e4 arvosteta yhteiskunnassa tarpeeksi. Se n\u00e4kyy esimerkiksi \u00e4ideille asetetuissa odotuksissa.<\/p>\n<p class=\"paragraph\">\u2013 \u00c4ideille luodaan kova paine siihen, ett\u00e4 pit\u00e4isi palata ty\u00f6el\u00e4m\u00e4\u00e4n ja ett\u00e4 pit\u00e4isi \u00e4itiyden lis\u00e4ksi pysty\u00e4 olemaan todella tuottelias.<\/p>\n<p>Iida toivoo, ett\u00e4 \u00e4itiytt\u00e4 arvostettaisiin enemm\u00e4n. Iida Meron kotialbumi<\/p>\n<p class=\"paragraph\">Ylip\u00e4\u00e4t\u00e4\u00e4n puhe vanhemmuudesta keskittyy h\u00e4nen mielest\u00e4\u00e4n liikaa kielteisiin puoliin.<\/p>\n<p class=\"paragraph\">\u2013 Paljon puhutaan siit\u00e4, miten se on vain selviytymist\u00e4, uupumista ja itsens\u00e4 menett\u00e4mist\u00e4, mit\u00e4 en taas aina allekirjoita. Siin\u00e4 on paljon hyv\u00e4\u00e4, ja siihen voisi keskitty\u00e4 enemm\u00e4n.<\/p>\n<p class=\"paragraph\">Iida itse on oppinut koti\u00e4itiyden aikana arvostamaan tavallista arkea.<\/p>\n<p class=\"paragraph\">\u2013 Olen l\u00f6yt\u00e4nyt onnen ihan tavallisesta arjesta ja ylip\u00e4\u00e4t\u00e4\u00e4n tehnyt siit\u00e4 sellaista, etten vain odota sit\u00e4 seuraavaa viikonloppua, lomaa tai jotain muuta isoa juttua.<\/p>\n<p class=\"paragraph\">Vaikka juuri nyt Iida keskittyy perhe-el\u00e4m\u00e4\u00e4n, tulevaisuuden haaveissa siint\u00e4\u00e4 ajatus yritt\u00e4jyydest\u00e4.<\/p>\n<p class=\"paragraph\">\u2013 N\u00e4en, ett\u00e4 tulevaisuuteni olisi yritt\u00e4j\u00e4n\u00e4 omien aikataulujeni mukaan ja sellaisen ty\u00f6n parissa, joka olisi merkityksellist\u00e4 ja antaisi ihmisille jotain. Tietysti intohimoni olla lasten ja muiden \u00e4itien kanssa voisi olla esimerkiksi sellainen asia, jonka voisin yhdist\u00e4\u00e4 omaan ty\u00f6h\u00f6ni, h\u00e4n pohtii.<\/p>\n","protected":false},"excerpt":{"rendered":"28-vuotias Iida Mero on koti\u00e4iti. Nelj\u00e4n lapsen \u00e4iti vastaa kodinhoidosta, kun taas puoliso raha-asioista. Monilla on j\u00e4rjestelyst\u00e4 ennakkoluuloja,&hellip;\n","protected":false},"author":2,"featured_media":116022,"comment_status":"","ping_status":"","sticky":false,"template":"","format":"standard","meta":{"footnotes":""},"categories":[5],"tags":[22,23,26,27,33,31,30,17,101,1390,99,100,24,25,28,29,15,18,21,98,32,19,20,16,102],"class_list":{"0":"post-116021","1":"post","2":"type-post","3":"status-publish","4":"format-standard","5":"has-post-thumbnail","7":"category-otsikot","8":"tag-breaking-news","9":"tag-breakingnews","10":"tag-featured-news","11":"tag-featurednews","12":"tag-fi","13":"tag-finland","14":"tag-finnish","15":"tag-headlines","16":"tag-ihmissuhteet","17":"tag-kuukausi","18":"tag-lapset","19":"tag-lapset-ja-nuoret","20":"tag-latest-news","21":"tag-latestnews","22":"tag-main-news","23":"tag-mainnews","24":"tag-news","25":"tag-otsikot","26":"tag-paauutiset","27":"tag-perhe","28":"tag-suomi","29":"tag-top-stories","30":"tag-topstories","31":"tag-uutiset","32":"tag-vanhemmat"},"share_on_mastodon":{"url":"https:\/\/pubeurope.com\/@fi\/115717083192375893","error":""},"_links":{"self":[{"href":"https:\/\/www.europesays.com\/fi\/wp-json\/wp\/v2\/posts\/116021","targetHints":{"allow":["GET"]}}],"collection":[{"href":"https:\/\/www.europesays.com\/fi\/wp-json\/wp\/v2\/posts"}],"about":[{"href":"https:\/\/www.europesays.com\/fi\/wp-json\/wp\/v2\/types\/post"}],"author":[{"embeddable":true,"href":"https:\/\/www.europesays.com\/fi\/wp-json\/wp\/v2\/users\/2"}],"replies":[{"embeddable":true,"href":"https:\/\/www.europesays.com\/fi\/wp-json\/wp\/v2\/comments?post=116021"}],"version-history":[{"count":0,"href":"https:\/\/www.europesays.com\/fi\/wp-json\/wp\/v2\/posts\/116021\/revisions"}],"wp:featuredmedia":[{"embeddable":true,"href":"https:\/\/www.europesays.com\/fi\/wp-json\/wp\/v2\/media\/116022"}],"wp:attachment":[{"href":"https:\/\/www.europesays.com\/fi\/wp-json\/wp\/v2\/media?parent=116021"}],"wp:term":[{"taxonomy":"category","embeddable":true,"href":"https:\/\/www.europesays.com\/fi\/wp-json\/wp\/v2\/categories?post=116021"},{"taxonomy":"post_tag","embeddable":true,"href":"https:\/\/www.europesays.com\/fi\/wp-json\/wp\/v2\/tags?post=116021"}],"curies":[{"name":"wp","href":"https:\/\/api.w.org\/{rel}","templated":true}]}}