{"id":116023,"date":"2025-12-14T09:06:08","date_gmt":"2025-12-14T09:06:08","guid":{"rendered":"https:\/\/www.europesays.com\/fi\/116023\/"},"modified":"2025-12-14T09:06:08","modified_gmt":"2025-12-14T09:06:08","slug":"savonlinnan-povipommi-pasha-pozdniakova-keilaamassa-kolme-yhta-suurta-palloa-stara-fi","status":"publish","type":"post","link":"https:\/\/www.europesays.com\/fi\/116023\/","title":{"rendered":"Savonlinnan povipommi Pasha Pozdniakova keilaamassa \u2013 kolme yht\u00e4 suurta palloa \u2013 Stara.fi"},"content":{"rendered":"<p>Savonlinnassa taannoin asunut ja siell\u00e4 my\u00f6s vaaleissa ehdokkaana ollut Pasha Pozdniakova on ker\u00e4nnyt sosiaalisessa mediassa itselleen valtavan suosion ja miljoonia seuraajia. Per\u00e4ti 2,5 miljoonaa ihmist\u00e4 seuraa h\u00e4nt\u00e4 jo yksin Instagramissa, joten suosiota riitt\u00e4\u00e4.<\/p>\n<p>MAINOS ALKAAMAINOS LOPPUU<\/p>\n<p>Nyt Pasha on viett\u00e4nyt iltaa hohtokeilaamalla Helsingiss\u00e4. H\u00e4n oli pukeutunut pelisessioon ohueen valkoiseen paitaan ja vaaleanruskeisiin housuihin. Neitokainen kysyy p\u00e4ivityksess\u00e4\u00e4n kuka haluaisi h\u00e4nen kanssaan pelaamaan, ja todenn\u00e4k\u00f6isesti tulijoita olisi ollut melkoisesti.<\/p>\n<p>Keilapallot hakivat vertaistaan<\/p>\n<p>Samalla Pozdniakova esitteli kameralle punaista keilapalloaan, joka osoittautui lopulta saman kokoisiksi kuin h\u00e4nen kaksi omaa palloaan rintakeh\u00e4n etupuolella. Keilailua poikkeuksellinen kurvikkuus ei kuitenkaan h\u00e4iritse.<\/p>\n<p>MAINOS ALKAAMAINOS LOPPUU<\/p>\n<p>\u00c4skett\u00e4in Pasha yll\u00e4tt\u00e4i seuraajansa toden teolla, kun h\u00e4n esitteli poikkeuksellista notkeuttaan. H\u00e4net oli kuvattu tekem\u00e4ss\u00e4 spagaatia lattialla. Neitokainen itse toteasi, ett\u00e4 notkeus auttaa el\u00e4m\u00e4ss\u00e4.<\/p>\n<p>Taannoin Pasha laajensi toimenkuvaansa my\u00f6s artistiksi, jossa h\u00e4nen artistinimens\u00e4 on Pashulia. H\u00e4n on julkaissut jo useita kappaleita ja my\u00f6s musiikkivideoita, joille riitt\u00e4nee jatkossakin varsin hyvin kysynt\u00e4\u00e4.<\/p>\n<p>MAINOS ALKAAMAINOS LOPPUU<\/p>\n<blockquote class=\"instagram-media\" data-instgrm-captioned=\"\" data-instgrm-permalink=\"https:\/\/www.instagram.com\/p\/DSN-jYKjnfT\/?utm_source=ig_embed&amp;utm_campaign=loading\" data-instgrm-version=\"14\" style=\" background:#FFF; border:0; border-radius:3px; box-shadow:0 0 1px 0 rgba(0,0,0,0.5),0 1px 10px 0 rgba(0,0,0,0.15); margin: 1px; max-width:540px; min-width:326px; padding:0; width:99.375%; width:-webkit-calc(100% - 2px); width:calc(100% - 2px);\">\n<\/blockquote>\n<p>\n\t\t\t\tVoit lukea Starassa my\u00f6s lis\u00e4\u00e4 t\u00e4h\u00e4n kyseiseen artikkeliin liittyvist\u00e4 aiheista, kuten <a href=\"https:\/\/www.stara.fi\/asiasanat\/pasha-pozdnyakova\/\" rel=\"tag nofollow noopener\" target=\"_blank\">Pasha Pozdnyakova<\/a> tai laajemmin aihealueesta <a href=\"https:\/\/www.stara.fi\/category\/viihdeuutiset\/\" rel=\"category tag nofollow noopener\" target=\"_blank\">Viihdeuutiset<\/a>.\n\t\t\t<\/p>\n<p>\t\t\t\t\t<script async src=\"\/\/www.instagram.com\/embed.js\"><\/script><\/p>\n","protected":false},"excerpt":{"rendered":"Savonlinnassa taannoin asunut ja siell\u00e4 my\u00f6s vaaleissa ehdokkaana ollut Pasha Pozdniakova on ker\u00e4nnyt sosiaalisessa mediassa itselleen valtavan suosion&hellip;\n","protected":false},"author":2,"featured_media":23899,"comment_status":"","ping_status":"","sticky":false,"template":"","format":"standard","meta":{"footnotes":""},"categories":[136],"tags":[407,137,33,31,30,408,32,109],"class_list":{"0":"post-116023","1":"post","2":"type-post","3":"status-publish","4":"format-standard","5":"has-post-thumbnail","7":"category-julkkikset","8":"tag-celebrities","9":"tag-entertainment","10":"tag-fi","11":"tag-finland","12":"tag-finnish","13":"tag-julkkikset","14":"tag-suomi","15":"tag-viihde"},"share_on_mastodon":{"url":"https:\/\/pubeurope.com\/@fi\/115717130575273445","error":""},"_links":{"self":[{"href":"https:\/\/www.europesays.com\/fi\/wp-json\/wp\/v2\/posts\/116023","targetHints":{"allow":["GET"]}}],"collection":[{"href":"https:\/\/www.europesays.com\/fi\/wp-json\/wp\/v2\/posts"}],"about":[{"href":"https:\/\/www.europesays.com\/fi\/wp-json\/wp\/v2\/types\/post"}],"author":[{"embeddable":true,"href":"https:\/\/www.europesays.com\/fi\/wp-json\/wp\/v2\/users\/2"}],"replies":[{"embeddable":true,"href":"https:\/\/www.europesays.com\/fi\/wp-json\/wp\/v2\/comments?post=116023"}],"version-history":[{"count":0,"href":"https:\/\/www.europesays.com\/fi\/wp-json\/wp\/v2\/posts\/116023\/revisions"}],"wp:featuredmedia":[{"embeddable":true,"href":"https:\/\/www.europesays.com\/fi\/wp-json\/wp\/v2\/media\/23899"}],"wp:attachment":[{"href":"https:\/\/www.europesays.com\/fi\/wp-json\/wp\/v2\/media?parent=116023"}],"wp:term":[{"taxonomy":"category","embeddable":true,"href":"https:\/\/www.europesays.com\/fi\/wp-json\/wp\/v2\/categories?post=116023"},{"taxonomy":"post_tag","embeddable":true,"href":"https:\/\/www.europesays.com\/fi\/wp-json\/wp\/v2\/tags?post=116023"}],"curies":[{"name":"wp","href":"https:\/\/api.w.org\/{rel}","templated":true}]}}