{"id":116030,"date":"2025-12-14T09:17:08","date_gmt":"2025-12-14T09:17:08","guid":{"rendered":"https:\/\/www.europesays.com\/fi\/116030\/"},"modified":"2025-12-14T09:17:08","modified_gmt":"2025-12-14T09:17:08","slug":"fed-teki-odotetun-paatoksen-sumussa-korko-olisi-voinut-jaada-paikalleen","status":"publish","type":"post","link":"https:\/\/www.europesays.com\/fi\/116030\/","title":{"rendered":"Fed teki odotetun p\u00e4\u00e4t\u00f6ksen sumussa: &#8221;Korko olisi voinut j\u00e4\u00e4d\u00e4 paikalleen&#8221;"},"content":{"rendered":"<p class=\"ai-optimize-6 ai-optimize-introduction\">Keskiviikon uutiset eiv\u00e4t tarjonneet yll\u00e4tyksi\u00e4. Yhdysvaltain keskuspankki, Federal reserve eli Fed laski odotetusti ohjauskorkoaan 0,25 prosenttiyksik\u00f6ll\u00e4. Ohjauskorko on nyt 3,5-3,75 prosenttia.<\/p>\n<p class=\"ai-optimize-7\">N\u00e4in siit\u00e4 huolimatta, ett\u00e4 inflaatio on ison meren takana ollut nousussa. Kaikki keskuspankin j\u00e4senet eiv\u00e4t olleet Fedin tuoreimmasta rahapoliittisesta p\u00e4\u00e4t\u00f6ksest\u00e4 samaa mielt\u00e4. 12 j\u00e4senest\u00e4 kolme \u00e4\u00e4nesti p\u00e4\u00e4t\u00f6st\u00e4 vastaan. Kaksi Fedin j\u00e4sent\u00e4, <strong>Austan Golsbee<\/strong> ja<strong> Jeffrey Schmid<\/strong> olisivat halunneet j\u00e4tt\u00e4\u00e4 koron ennalleen, <strong>Stephen Miran<\/strong> olisi halunnut laskea ohjauskorkoa nyt n\u00e4hty\u00e4 enemm\u00e4n.<\/p>\n<p class=\"ai-optimize-8\">Keskuspankkiirit ja markkinat ennakoivat, ett\u00e4 ohjauskorko ei tule todenn\u00e4k\u00f6isesti liikkumaan ensi vuoden aikana suuresti. Ennusteiden mukaan pienehk\u00f6 laskua voi olla todenn\u00e4k\u00f6isempi.<\/p>\n<p class=\"ai-optimize-9\">\u2013 Korkea inflaatio huomioiden korko olisi voinut j\u00e4\u00e4d\u00e4 paikalleenkin, mutta Yhdysvaltain keskuspankki eroaa eurooppalaisista keskuspankeista. Fedill\u00e4 on kaksoismandaatti. Sen pit\u00e4\u00e4 huolehtia my\u00f6s Yhdysvaltain ty\u00f6llisyysluvuista, Suomen Pankin vanhempi ekonomisti <strong>Sanna Kurronen<\/strong> sanoo Verkkouutisille.<\/p>\n<p class=\"ai-optimize-10\">\u2013 Inflaatio on Yhdysvalloissa valmiiksi liian korkealla tasolla. Inflaatiossa on ik\u00e4v\u00e4\u00e4 sitkeytt\u00e4 ja sit\u00e4 on hyvin vaikea saada takaisin kahden prosentin tavoitteeseen. Kaikki markkinatoimijat ovat tottuneet siihen, ja siit\u00e4 on vaikea p\u00e4\u00e4st\u00e4 eroon. Pid\u00e4n sen takia inflaatiota varsin vaarallisena.<\/p>\n<p class=\"ai-optimize-11\">Yhdysvaltain hallinnon sulun takia Fed oli hankalassa tilanteessa tehdess\u00e4\u00e4n korkop\u00e4\u00e4t\u00f6st\u00e4. Sill\u00e4 ei ollut k\u00e4yt\u00f6ss\u00e4 viimeisimpi\u00e4 talouslukuja. Kurrosen mukaan keskuspankin n\u00e4kym\u00e4 talouteen oli sen takia tavallista sumuisempi. Viimeisint\u00e4 koronlaskua perusteltiin, sill\u00e4 ett\u00e4 Fed oli huolissaan ty\u00f6llisyyskehityksest\u00e4.<\/p>\n<p class=\"ai-optimize-12\">\u2013 Ty\u00f6llisyysluvut aiheuttavat huolta. Samaan aikaan Fedin j\u00e4senet eiv\u00e4t odota ennusteissaan ty\u00f6llisyyden kasvavan.<\/p>\n<p class=\"ai-optimize-13\">Ennusteiden mukaan ensi vuonna Yhdysvaltain ty\u00f6tt\u00f6myys tulee olemaan 4,4 prosenttia ja vuonna 2027 4,2 prosenttia. Keskuspankin mukaan Yhdysvaltain talouskehitys on muutenkin vahvaa.<\/p>\n<p class=\"ai-optimize-14\">\u2013 Ennusteiden perusteella ei voi p\u00e4\u00e4tell\u00e4, ett\u00e4 taustalla olisi vakava huoli ty\u00f6tt\u00f6myyden noususta. Kaksoismandaatista johtuen Fed joutuu tasapainoilemaan inflaation ja ty\u00f6llisyyden v\u00e4lill\u00e4. Osa j\u00e4senist\u00e4 voi ajatella, ett\u00e4 lasku mahdollistaa sen, ett\u00e4 ty\u00f6tt\u00f6myys pysyy matalalla, Kurronen sanoo.<\/p>\n<p>\u201dEn usko keskuspankkiireiden taipuvan Trumpin painostuksen alla\u201d<\/p>\n<p class=\"ai-optimize-16\">Yhdysvaltain presidentti<strong> Donald Trump<\/strong> on kyseenalaistanut moneen otteeseen keskuspankin viimeaikaisia p\u00e4\u00e4t\u00f6ksi\u00e4. Se on aiheuttanut huolta keskuspankin itsen\u00e4isyydest\u00e4.<\/p>\n<p class=\"ai-optimize-17\">Keskiviikon \u00e4\u00e4nestyksess\u00e4 Stephen Miran olisi ollut elvytt\u00e4v\u00e4mm\u00e4n rahapolitiikan kannalla. Miran on Trumpin nimitys johtokuntaan. Miran olisi laskenut korkoa 0,5 prosenttiyksik\u00f6ll\u00e4.<\/p>\n<p class=\"ai-optimize-18\">Fedin nykyisen p\u00e4\u00e4johtajan<strong> Jerome Powellin<\/strong> kausi keskuspankin johdossa p\u00e4\u00e4ttyy toukokuun lopussa. Trump valitsi Powellin teht\u00e4v\u00e4\u00e4ns\u00e4 ensimm\u00e4isell\u00e4 kaudellaan. H\u00e4n ei kuitenkaan ole ollut tyytyv\u00e4inen keskuspankkiirinsa toimiin Fedin johdossa. Keskuspankin rahapolitiikka on ollut presidentin makuun liian kire\u00e4\u00e4.<\/p>\n<p class=\"ai-optimize-19\">Suomen Pankin Kurronen ei ole huolissaan siit\u00e4, ett\u00e4 keskuspankin itsen\u00e4isyys olisi tulevaisuudessakaan uhattuna. H\u00e4nen mukaansa Mirania lukuun ottamatta Trumpin p\u00e4\u00e4t\u00f6s ei n\u00e4kynyt nyt tehdyss\u00e4 p\u00e4\u00e4t\u00f6ksess\u00e4.<\/p>\n<p>Poimintoja videosis\u00e4ll\u00f6ist\u00e4mme<\/p>\n<p class=\"ai-optimize-20\">\u2013 En usko keskuspankkiireiden taipuvan Trumpin painostuksen alla. He tuntevat vastuunsa ja tekev\u00e4t parhaita mahdollisia rahapoliittisia p\u00e4\u00e4t\u00f6ksi\u00e4 v\u00e4litt\u00e4m\u00e4tt\u00e4 presidentin painostuksesta, Kurronen sanoo.<\/p>\n<p class=\"ai-optimize-21\">Powellin seuraajaksi on ollut vahvimmin ehdolla Yhdysvaltain talousneuvonantajien puhemies <strong>Kevin Hassett<\/strong>. Hasset oli mukana my\u00f6s Trumpin ensimm\u00e4isen kauden hallinnossa. Kurronen ei ole huolissaan siit\u00e4, mihin suuntaan Hassett Fedi\u00e4 veisi.<\/p>\n<p class=\"ai-optimize-22\">\u2013 Seuraisin t\u00e4ss\u00e4 kohtaa markkinareaktioita. Ne ovat olleet toistaiseksi hyvin rauhallisia. Markkinoilla ei uskota, ett\u00e4 Trump tekisi p\u00e4\u00e4t\u00f6ksi\u00e4, jotka riskeeraisivat keskuspankin itsen\u00e4isyyden, Kurronen sanoo.<\/p>\n","protected":false},"excerpt":{"rendered":"Keskiviikon uutiset eiv\u00e4t tarjonneet yll\u00e4tyksi\u00e4. Yhdysvaltain keskuspankki, Federal reserve eli Fed laski odotetusti ohjauskorkoaan 0,25 prosenttiyksik\u00f6ll\u00e4. Ohjauskorko on&hellip;\n","protected":false},"author":2,"featured_media":116031,"comment_status":"","ping_status":"","sticky":false,"template":"","format":"standard","meta":{"footnotes":""},"categories":[76],"tags":[79,77,33,31,30,5156,32,78,4125],"class_list":{"0":"post-116030","1":"post","2":"type-post","3":"status-publish","4":"format-standard","5":"has-post-thumbnail","7":"category-talous","8":"tag-business","9":"tag-economy","10":"tag-fi","11":"tag-finland","12":"tag-finnish","13":"tag-korot","14":"tag-suomi","15":"tag-talous","16":"tag-usa"},"share_on_mastodon":{"url":"https:\/\/pubeurope.com\/@fi\/115717173835486987","error":""},"_links":{"self":[{"href":"https:\/\/www.europesays.com\/fi\/wp-json\/wp\/v2\/posts\/116030","targetHints":{"allow":["GET"]}}],"collection":[{"href":"https:\/\/www.europesays.com\/fi\/wp-json\/wp\/v2\/posts"}],"about":[{"href":"https:\/\/www.europesays.com\/fi\/wp-json\/wp\/v2\/types\/post"}],"author":[{"embeddable":true,"href":"https:\/\/www.europesays.com\/fi\/wp-json\/wp\/v2\/users\/2"}],"replies":[{"embeddable":true,"href":"https:\/\/www.europesays.com\/fi\/wp-json\/wp\/v2\/comments?post=116030"}],"version-history":[{"count":0,"href":"https:\/\/www.europesays.com\/fi\/wp-json\/wp\/v2\/posts\/116030\/revisions"}],"wp:featuredmedia":[{"embeddable":true,"href":"https:\/\/www.europesays.com\/fi\/wp-json\/wp\/v2\/media\/116031"}],"wp:attachment":[{"href":"https:\/\/www.europesays.com\/fi\/wp-json\/wp\/v2\/media?parent=116030"}],"wp:term":[{"taxonomy":"category","embeddable":true,"href":"https:\/\/www.europesays.com\/fi\/wp-json\/wp\/v2\/categories?post=116030"},{"taxonomy":"post_tag","embeddable":true,"href":"https:\/\/www.europesays.com\/fi\/wp-json\/wp\/v2\/tags?post=116030"}],"curies":[{"name":"wp","href":"https:\/\/api.w.org\/{rel}","templated":true}]}}