{"id":116043,"date":"2025-12-14T09:43:08","date_gmt":"2025-12-14T09:43:08","guid":{"rendered":"https:\/\/www.europesays.com\/fi\/116043\/"},"modified":"2025-12-14T09:43:08","modified_gmt":"2025-12-14T09:43:08","slug":"testasimme-peugeotin-nelionmuotoista-hypersquare-ohjainta","status":"publish","type":"post","link":"https:\/\/www.europesays.com\/fi\/116043\/","title":{"rendered":"Testasimme Peugeotin neli\u00f6nmuotoista Hypersquare-ohjainta"},"content":{"rendered":"<p class=\"is-style-dropcap\">P\u00e4\u00e4simme koeajamaan Peugeotin s\u00e4hk\u00f6ohjauksen prototyyppi\u00e4 sek\u00e4 koeajoradalla ett\u00e4 lyhyesti my\u00f6s normaalissa liikenteess\u00e4. J\u00e4rjestelm\u00e4 oli asennettu normaaliin E-2008-malliin. Peugeotilla s\u00e4hk\u00f6ohjauksen olennaisena osana on Hypersquare-ohjauspy\u00f6r\u00e4, jollainen on jo n\u00e4hty koemalleissa.<\/p>\n<p>K\u00e4\u00e4nt\u00f6kulma on 170 astetta molempiin suuntiin, joka vastaa Mercedeksen ja Toyotan valitsemia lukemia. My\u00f6s Peugeot kertoo lis\u00e4nneens\u00e4 kulmaa jo kehitysprojektin alkuvaiheessa, sill\u00e4 pienell\u00e4 k\u00e4\u00e4nt\u00f6kulmalla oli vaikea p\u00e4\u00e4st\u00e4 eroon hermostuneisuudesta, joka tuntui varsinkin matkustajista ep\u00e4mukavalta.<\/p>\n<p><img loading=\"lazy\" decoding=\"async\" width=\"1536\" height=\"1024\"  src=\"https:\/\/www.europesays.com\/fi\/wp-content\/uploads\/2025\/12\/Peugeot_2008_SBW_0081-1536x1024.webp.webp\" alt=\"\" class=\"wp-image-2058827 js-photoswipe-image\"\/>Ulkoisesti s\u00e4hk\u00f6ohjauksella varustettu prototyyppi ei poikkea normaalista E-2008:sta.<\/p>\n<p>Hypersquare-ohjain sopii melko luontevasti k\u00e4teen ja mittaristo n\u00e4kyy hyvin, toisin kuin joissain i-Cockpit-Peugeoteissa. Peukalot osuvat aukkojen reunoilla oleviin fyysisiin painikkeisiin vaivattomasti, vaikka sujuva k\u00e4ytt\u00f6 vaatineekin oman totuttelunsa. Viiksikytkimet ovat perinteist\u00e4 mallia.<\/p>\n<p>Ohjausv\u00e4litys riippuu ajotilasta siten, ett\u00e4 normaalitilassa se vaihtelee suunnilleen v\u00e4lill\u00e4 5\u201321 ja Sport-tilassa v\u00e4lill\u00e4 5\u201314. Toisin sanoen pys\u00e4k\u00f6intivauhdeissa v\u00e4litys on yht\u00e4 suuri, mutta Sport-tilassa se on maantiell\u00e4 paljon nopeampi.<\/p>\n<p>Tilaa Tekniikan Maailma ja saat jutun heti luettavaksesi.<\/p>\n","protected":false},"excerpt":{"rendered":"P\u00e4\u00e4simme koeajamaan Peugeotin s\u00e4hk\u00f6ohjauksen prototyyppi\u00e4 sek\u00e4 koeajoradalla ett\u00e4 lyhyesti my\u00f6s normaalissa liikenteess\u00e4. J\u00e4rjestelm\u00e4 oli asennettu normaaliin E-2008-malliin. Peugeotilla&hellip;\n","protected":false},"author":2,"featured_media":116044,"comment_status":"","ping_status":"","sticky":false,"template":"","format":"standard","meta":{"footnotes":""},"categories":[76],"tags":[79,77,33,31,30,32,78],"class_list":{"0":"post-116043","1":"post","2":"type-post","3":"status-publish","4":"format-standard","5":"has-post-thumbnail","7":"category-talous","8":"tag-business","9":"tag-economy","10":"tag-fi","11":"tag-finland","12":"tag-finnish","13":"tag-suomi","14":"tag-talous"},"share_on_mastodon":{"url":"https:\/\/pubeurope.com\/@fi\/115717276336656133","error":""},"_links":{"self":[{"href":"https:\/\/www.europesays.com\/fi\/wp-json\/wp\/v2\/posts\/116043","targetHints":{"allow":["GET"]}}],"collection":[{"href":"https:\/\/www.europesays.com\/fi\/wp-json\/wp\/v2\/posts"}],"about":[{"href":"https:\/\/www.europesays.com\/fi\/wp-json\/wp\/v2\/types\/post"}],"author":[{"embeddable":true,"href":"https:\/\/www.europesays.com\/fi\/wp-json\/wp\/v2\/users\/2"}],"replies":[{"embeddable":true,"href":"https:\/\/www.europesays.com\/fi\/wp-json\/wp\/v2\/comments?post=116043"}],"version-history":[{"count":0,"href":"https:\/\/www.europesays.com\/fi\/wp-json\/wp\/v2\/posts\/116043\/revisions"}],"wp:featuredmedia":[{"embeddable":true,"href":"https:\/\/www.europesays.com\/fi\/wp-json\/wp\/v2\/media\/116044"}],"wp:attachment":[{"href":"https:\/\/www.europesays.com\/fi\/wp-json\/wp\/v2\/media?parent=116043"}],"wp:term":[{"taxonomy":"category","embeddable":true,"href":"https:\/\/www.europesays.com\/fi\/wp-json\/wp\/v2\/categories?post=116043"},{"taxonomy":"post_tag","embeddable":true,"href":"https:\/\/www.europesays.com\/fi\/wp-json\/wp\/v2\/tags?post=116043"}],"curies":[{"name":"wp","href":"https:\/\/api.w.org\/{rel}","templated":true}]}}