{"id":116057,"date":"2025-12-14T10:09:08","date_gmt":"2025-12-14T10:09:08","guid":{"rendered":"https:\/\/www.europesays.com\/fi\/116057\/"},"modified":"2025-12-14T10:09:08","modified_gmt":"2025-12-14T10:09:08","slug":"vahvasti-vientiin-nojaava-sastamalalaisyritys-tekee-puolen-miljoonan-euron-laajennuksen","status":"publish","type":"post","link":"https:\/\/www.europesays.com\/fi\/116057\/","title":{"rendered":"Vahvasti vientiin nojaava sastamalalaisyritys tekee puolen miljoonan euron laajennuksen"},"content":{"rendered":"<p>Vienti vet\u00e4\u00e4 niin hyvin, ett\u00e4 Saappalan teollisuusalueelle tarvitaan nopeasti lis\u00e4\u00e4 hallitilaa. Laajennus lis\u00e4\u00e4 my\u00f6s ty\u00f6paikkoja.<\/p>\n<p class=\"article-body mb-nof-24 px-nof-16\">Keiky\u00e4l\u00e4inen HT Hi Tech Polymers Oy aikoo tehd\u00e4 merkitt\u00e4v\u00e4n laajennuksen nykyisen tehtaansa jatkoksi Saappalan teollisuusalueella. Yrityksen p\u00e4\u00e4omistaja <a class=\"article-personlink\" href=\"https:\/\/www.tyrvaansanomat.fi\/haku\/?query=Aulis%20Kulmala\" rel=\"nofollow noopener\" target=\"_blank\">Aulis Kulmala<\/a> kertoo, ett\u00e4 laajennuksen suunnittelu on jo menossa, ja valmista on m\u00e4\u00e4r\u00e4 olla ensi kes\u00e4n\u00e4.<\/p>\n","protected":false},"excerpt":{"rendered":"Vienti vet\u00e4\u00e4 niin hyvin, ett\u00e4 Saappalan teollisuusalueelle tarvitaan nopeasti lis\u00e4\u00e4 hallitilaa. Laajennus lis\u00e4\u00e4 my\u00f6s ty\u00f6paikkoja. Keiky\u00e4l\u00e4inen HT Hi&hellip;\n","protected":false},"author":2,"featured_media":116058,"comment_status":"","ping_status":"","sticky":false,"template":"","format":"standard","meta":{"footnotes":""},"categories":[76],"tags":[79,77,33,31,30,32,78,3885],"class_list":{"0":"post-116057","1":"post","2":"type-post","3":"status-publish","4":"format-standard","5":"has-post-thumbnail","7":"category-talous","8":"tag-business","9":"tag-economy","10":"tag-fi","11":"tag-finland","12":"tag-finnish","13":"tag-suomi","14":"tag-talous","15":"tag-tyrvaan-sanomat"},"share_on_mastodon":{"url":"https:\/\/pubeurope.com\/@fi\/115717378192999047","error":""},"_links":{"self":[{"href":"https:\/\/www.europesays.com\/fi\/wp-json\/wp\/v2\/posts\/116057","targetHints":{"allow":["GET"]}}],"collection":[{"href":"https:\/\/www.europesays.com\/fi\/wp-json\/wp\/v2\/posts"}],"about":[{"href":"https:\/\/www.europesays.com\/fi\/wp-json\/wp\/v2\/types\/post"}],"author":[{"embeddable":true,"href":"https:\/\/www.europesays.com\/fi\/wp-json\/wp\/v2\/users\/2"}],"replies":[{"embeddable":true,"href":"https:\/\/www.europesays.com\/fi\/wp-json\/wp\/v2\/comments?post=116057"}],"version-history":[{"count":0,"href":"https:\/\/www.europesays.com\/fi\/wp-json\/wp\/v2\/posts\/116057\/revisions"}],"wp:featuredmedia":[{"embeddable":true,"href":"https:\/\/www.europesays.com\/fi\/wp-json\/wp\/v2\/media\/116058"}],"wp:attachment":[{"href":"https:\/\/www.europesays.com\/fi\/wp-json\/wp\/v2\/media?parent=116057"}],"wp:term":[{"taxonomy":"category","embeddable":true,"href":"https:\/\/www.europesays.com\/fi\/wp-json\/wp\/v2\/categories?post=116057"},{"taxonomy":"post_tag","embeddable":true,"href":"https:\/\/www.europesays.com\/fi\/wp-json\/wp\/v2\/tags?post=116057"}],"curies":[{"name":"wp","href":"https:\/\/api.w.org\/{rel}","templated":true}]}}