{"id":116066,"date":"2025-12-14T10:29:07","date_gmt":"2025-12-14T10:29:07","guid":{"rendered":"https:\/\/www.europesays.com\/fi\/116066\/"},"modified":"2025-12-14T10:29:07","modified_gmt":"2025-12-14T10:29:07","slug":"uutta-avataria-ei-nahda-hong-kongissa-taustalla-traaginen-tulipalo","status":"publish","type":"post","link":"https:\/\/www.europesays.com\/fi\/116066\/","title":{"rendered":"Uutta Avataria ei n\u00e4hd\u00e4 Hong Kongissa \u2013 taustalla traaginen tulipalo"},"content":{"rendered":"<p>Avatar: Fire And Ash\u00a0-elokuvan ensi-iltaa on lyk\u00e4tty Hong Kongissa vuoteen 2026. Syyn\u00e4 on viime kuun loppupuolella tapahtunut tuhoisa tulipalokatastrofi.<\/p>\n<p>Elokuvan nimi tullaan my\u00f6s vaihtamaan Hong Kongin markkinoilla muotoon Avatar 3. Alkuper\u00e4isen nimen suora k\u00e4\u00e4nn\u00f6s on \u201dAvatar: Tulta ja tuhkaa\u201d. Elokuvassa esiintyy runsaasti tuleen liittyv\u00e4\u00e4 kuvastoa.<\/p>\n<p>Tulipalo syttyi 26. marraskuuta Tai Pon kaupunginosassa sijaitsevassa tihe\u00e4sti asutussa asuinkompleksissa. Onnettomuudessa kuoli viranomaisten mukaan v\u00e4hint\u00e4\u00e4n 160 ihmist\u00e4. Kyseess\u00e4 on Hong Kongin vakavin tulipalo useisiin vuosikymmeniin. <\/p>\n<p>Elokuvastudio 20th Century Studios kertoo p\u00e4\u00e4t\u00f6ksen syyksi paikallisen yhteis\u00f6n kunnioittamisen. Uusi ensi-iltap\u00e4iv\u00e4 tarkentuu my\u00f6hemmin.<\/p>\n<p>Avatar: Fire and Ash saa ensi-iltansa Suomessa 17. joulukuuta.<\/p>\n<p>L\u00e4hde: <a href=\"https:\/\/www.screendaily.com\/news\/another-world-rules-hong-kong-box-office-as-avatar-3-release-pushed-after-fire-tragedy\/5211935.article\" rel=\"nofollow noopener\" target=\"_blank\"><strong>Screen Daily<\/strong><\/a><\/p>\n<p>Lue my\u00f6s: <a href=\"https:\/\/www.episodi.fi\/uutiskirje\/?uutiskirjemainos=tekstilinkkimainos\" title=\"Tilaa Episodin uutiskirje ja voit voittaa leffalippuja! Nappaa tv-vinkit suoraan s\u00e4hk\u00f6postiin t\u00e4st\u00e4.\" class=\"underline-custom !font-montserrat !font-bold !underline-offset-4 !decoration-4 !decoration-episodi-blue !text-md\" rel=\"nofollow noopener\" target=\"_blank\">Tilaa Episodin uutiskirje ja voit voittaa leffalippuja! Nappaa katseluvinkit suoraan s\u00e4hk\u00f6postiin t\u00e4st\u00e4.<\/a><\/p>\n","protected":false},"excerpt":{"rendered":"Avatar: Fire And Ash\u00a0-elokuvan ensi-iltaa on lyk\u00e4tty Hong Kongissa vuoteen 2026. Syyn\u00e4 on viime kuun loppupuolella tapahtunut tuhoisa&hellip;\n","protected":false},"author":2,"featured_media":116067,"comment_status":"","ping_status":"","sticky":false,"template":"","format":"standard","meta":{"footnotes":""},"categories":[131],"tags":[1093,155,137,33,173,31,30,21213,172,1178,32,109],"class_list":{"0":"post-116066","1":"post","2":"type-post","3":"status-publish","4":"format-standard","5":"has-post-thumbnail","7":"category-elokuvat","8":"tag-avatar-fire-and-ash","9":"tag-elokuvat","10":"tag-entertainment","11":"tag-fi","12":"tag-film","13":"tag-finland","14":"tag-finnish","15":"tag-hong-kong","16":"tag-movies","17":"tag-onnettomuus","18":"tag-suomi","19":"tag-viihde"},"share_on_mastodon":{"url":"https:\/\/pubeurope.com\/@fi\/115717456758903609","error":""},"_links":{"self":[{"href":"https:\/\/www.europesays.com\/fi\/wp-json\/wp\/v2\/posts\/116066","targetHints":{"allow":["GET"]}}],"collection":[{"href":"https:\/\/www.europesays.com\/fi\/wp-json\/wp\/v2\/posts"}],"about":[{"href":"https:\/\/www.europesays.com\/fi\/wp-json\/wp\/v2\/types\/post"}],"author":[{"embeddable":true,"href":"https:\/\/www.europesays.com\/fi\/wp-json\/wp\/v2\/users\/2"}],"replies":[{"embeddable":true,"href":"https:\/\/www.europesays.com\/fi\/wp-json\/wp\/v2\/comments?post=116066"}],"version-history":[{"count":0,"href":"https:\/\/www.europesays.com\/fi\/wp-json\/wp\/v2\/posts\/116066\/revisions"}],"wp:featuredmedia":[{"embeddable":true,"href":"https:\/\/www.europesays.com\/fi\/wp-json\/wp\/v2\/media\/116067"}],"wp:attachment":[{"href":"https:\/\/www.europesays.com\/fi\/wp-json\/wp\/v2\/media?parent=116066"}],"wp:term":[{"taxonomy":"category","embeddable":true,"href":"https:\/\/www.europesays.com\/fi\/wp-json\/wp\/v2\/categories?post=116066"},{"taxonomy":"post_tag","embeddable":true,"href":"https:\/\/www.europesays.com\/fi\/wp-json\/wp\/v2\/tags?post=116066"}],"curies":[{"name":"wp","href":"https:\/\/api.w.org\/{rel}","templated":true}]}}