{"id":116068,"date":"2025-12-14T10:30:11","date_gmt":"2025-12-14T10:30:11","guid":{"rendered":"https:\/\/www.europesays.com\/fi\/116068\/"},"modified":"2025-12-14T10:30:11","modified_gmt":"2025-12-14T10:30:11","slug":"influenssa-jyllaa-pirkanmaa-pirha-rokote-kannattaa-edelleen-ottaa-uutiset","status":"publish","type":"post","link":"https:\/\/www.europesays.com\/fi\/116068\/","title":{"rendered":"Influenssa jyll\u00e4\u00e4 Pirkanmaa \u2013 Pirha: Rokote kannattaa edelleen ottaa &#8211; Uutiset"},"content":{"rendered":"<p>T\u00e4m\u00e4n vuoden influenssakausi on k\u00e4ynnistynyt Suomessa. My\u00f6s Pirkanmaalla virus levi\u00e4\u00e4 jo voimakkaasti ja epidemia on alkanut. Pirkanmaan hyvinvointialue kertoo asiasta tiedotteessa.<\/p>\n<p>Influenssaa on todettu eri puolilla Suomea ja kaiken ik\u00e4isill\u00e4. Pirkanmaalla nousua tartuntam\u00e4\u00e4riss\u00e4 havaittiin heti joulukuun alussa viikolla 49.<\/p>\n<p>Rokotus kannattaa edelleen ottaa, tiedotteessa kirjoitetaan.<\/p>\n<p>\u2013 Pirkanmaalla influenssarokotuskattavuus on varsin hyv\u00e4 verrattuna aikaisempiin vuosiin. Ik\u00e4ihmisten osalta tulemme todenn\u00e4k\u00f6isesti p\u00e4\u00e4sem\u00e4\u00e4n samaan rokotuskattavuuteen kuin kaudella 2024\u20132025, apulaisylil\u00e4\u00e4k\u00e4ri <strong>Tero Harjuntausta<\/strong> sanoo tiedotteessa ja jatkaa:<\/p>\n<p>\u2013 Lasten osalta influenssarokotteita on otettu aikaisempaa enemm\u00e4n, kun taas ty\u00f6ik\u00e4isten rokotusaktiivisuus on ollut viime vuoteen verrattuna hiukan huonompaa.<\/p>\n<p>\u2013 Rokote on paras tapa suojautua influenssalta ja suosittelemme rokotteen ottamista. Vaikka influenssakausi on jo k\u00e4ynnistynyt, rokote kannattaa edelleen ottaa, Harjuntausta sanoo.<\/p>\n<p>Rokotesuoja kehittyy kahdessa viikossa. Rokotusajan voi varata digitaalisesti OmaPirhassa tai soittamalla sote-asemasi rokotusajanvarausnumeroon. Lis\u00e4\u00e4 tietoa influenssarokotuksista l\u00f6ytyy verkkosivulta pirha.fi\/influenssarokotukset.<\/p>\n<p>Hyvinvointialue muistuttaa my\u00f6s k\u00e4sihygienian t\u00e4rkeydest\u00e4. Influenssa tarttuu erityisesti yskiess\u00e4, niist\u00e4ess\u00e4 tai aivastaessa syntyvien pisaroiden v\u00e4lityksell\u00e4 tai kosketuksen kautta. Tauti levi\u00e4\u00e4 helposti ahtaissa tiloissa.<\/p>\n<p>Tartunnan saanut voi levitt\u00e4\u00e4 tautia eteenp\u00e4in jo p\u00e4iv\u00e4\u00e4 ennen oireiden alkua. Tartuttavuus on suurinta 1\u20134 ensimm\u00e4isen sairausp\u00e4iv\u00e4n ajan ja kest\u00e4\u00e4 noin viikon verran.<\/p>\n","protected":false},"excerpt":{"rendered":"T\u00e4m\u00e4n vuoden influenssakausi on k\u00e4ynnistynyt Suomessa. My\u00f6s Pirkanmaalla virus levi\u00e4\u00e4 jo voimakkaasti ja epidemia on alkanut. Pirkanmaan hyvinvointialue&hellip;\n","protected":false},"author":2,"featured_media":116069,"comment_status":"","ping_status":"","sticky":false,"template":"","format":"standard","meta":{"footnotes":""},"categories":[165],"tags":[33,31,30,166,14844,11006,32,767,167],"class_list":{"0":"post-116068","1":"post","2":"type-post","3":"status-publish","4":"format-standard","5":"has-post-thumbnail","7":"category-terveys","8":"tag-fi","9":"tag-finland","10":"tag-finnish","11":"tag-health","12":"tag-pirkanmaan-hyvinvointialue","13":"tag-rokotukset","14":"tag-suomi","15":"tag-tartuntataudit","16":"tag-terveys"},"share_on_mastodon":{"url":"https:\/\/pubeurope.com\/@fi\/115717460880330683","error":""},"_links":{"self":[{"href":"https:\/\/www.europesays.com\/fi\/wp-json\/wp\/v2\/posts\/116068","targetHints":{"allow":["GET"]}}],"collection":[{"href":"https:\/\/www.europesays.com\/fi\/wp-json\/wp\/v2\/posts"}],"about":[{"href":"https:\/\/www.europesays.com\/fi\/wp-json\/wp\/v2\/types\/post"}],"author":[{"embeddable":true,"href":"https:\/\/www.europesays.com\/fi\/wp-json\/wp\/v2\/users\/2"}],"replies":[{"embeddable":true,"href":"https:\/\/www.europesays.com\/fi\/wp-json\/wp\/v2\/comments?post=116068"}],"version-history":[{"count":0,"href":"https:\/\/www.europesays.com\/fi\/wp-json\/wp\/v2\/posts\/116068\/revisions"}],"wp:featuredmedia":[{"embeddable":true,"href":"https:\/\/www.europesays.com\/fi\/wp-json\/wp\/v2\/media\/116069"}],"wp:attachment":[{"href":"https:\/\/www.europesays.com\/fi\/wp-json\/wp\/v2\/media?parent=116068"}],"wp:term":[{"taxonomy":"category","embeddable":true,"href":"https:\/\/www.europesays.com\/fi\/wp-json\/wp\/v2\/categories?post=116068"},{"taxonomy":"post_tag","embeddable":true,"href":"https:\/\/www.europesays.com\/fi\/wp-json\/wp\/v2\/tags?post=116068"}],"curies":[{"name":"wp","href":"https:\/\/api.w.org\/{rel}","templated":true}]}}