{"id":116070,"date":"2025-12-14T10:31:08","date_gmt":"2025-12-14T10:31:08","guid":{"rendered":"https:\/\/www.europesays.com\/fi\/116070\/"},"modified":"2025-12-14T10:31:08","modified_gmt":"2025-12-14T10:31:08","slug":"nhl-huhumylly-pyorii-matias-maccellin-ymparilla","status":"publish","type":"post","link":"https:\/\/www.europesays.com\/fi\/116070\/","title":{"rendered":"NHL: Huhumylly py\u00f6rii Matias Maccellin ymp\u00e4rill\u00e4"},"content":{"rendered":"<p>Matias Maccellin aika Torontossa on sujunut mollivoittoisesti.<\/p>\n<p class=\"article-body mb-nof-24 px-nof-16\">Hy\u00f6kk\u00e4\u00e4j\u00e4 <a class=\"article-personlink\" href=\"https:\/\/www.is.fi\/haku\/?query=Matias%20Maccelli\" rel=\"nofollow noopener\" target=\"_blank\">Matias Maccelli <\/a>yritt\u00e4\u00e4 yh\u00e4 l\u00f6yt\u00e4\u00e4 parasta virett\u00e4\u00e4n uudessa seurassaan Toronto Maple Leafsissa. 25-vuotias TPS:n kasvatti kaupattiin kes\u00e4ll\u00e4 Utahista Torontoon. Odotukset olivat kovia, tulokset toistaiseksi laihoja.<\/p>\n<p class=\"article-body mb-nof-24 px-nof-16\">Maccelli on tehnyt 22 ottelussa tehot 4+5. Toronto vaihtoi ehdollisen kolmannen kierroksen varausvuoron Utahiin saadakseen Maccellin. Toive oli, ett\u00e4 suomalainen l\u00f6yt\u00e4isi samanlaisen vireen kuin 2023\u201324. Tuolloin h\u00e4n teki 57 tehopistett\u00e4. Viime kausi oli vaisu, ja nyt kulkee samaa rataa.<\/p>\n<p class=\"article-body mb-nof-24 px-nof-16\">Maccelli on ollut terveen\u00e4 katsomon puolella kahdeksassa ottelussa t\u00e4ll\u00e4 kaudella, nyt kuusi kertaa putkeen.<\/p>\n<p class=\"article-body mb-nof-24 px-nof-16\">Nyt Sportsnetin sis\u00e4piiritoimittaja <a class=\"article-personlink\" href=\"https:\/\/www.is.fi\/haku\/?query=Elliotte%20Friedman\" rel=\"nofollow noopener\" target=\"_blank\">Elliotte Friedman<\/a> kertoo, ett\u00e4 Maccelli saatetaan kaupata viel\u00e4 t\u00e4m\u00e4n kauden aikana.<\/p>\n<p class=\"article-body mb-nof-24 px-nof-16\">\u2013\u2009Maccelli ei ole sopinut hyvin Maple Leafsiin. En usko, ett\u00e4 Toronto oli ainoa seura, joka oli h\u00e4nest\u00e4 kiinnostunut kes\u00e4ll\u00e4. Jotkut niist\u00e4 seuroista saattavat nyt kysell\u00e4 uudelleen, Friedman kirjoitti <a class=\"article-genericlink\" href=\"https:\/\/www.sportsnet.ca\/nhl\/article\/32-thoughts-everything-we-know-about-quinn-hughes-and-the-canucks\/\" rel=\"nofollow noopener\" target=\"_blank\">kolumnissaan<\/a>.<\/p>\n<p class=\"article-body mb-nof-24 px-nof-16\">Friedman kertoi podcastissaan, ett\u00e4 Boston Bruins oli kes\u00e4ll\u00e4 kiinnostunut Maccellista.<\/p>\n<p class=\"article-body mb-nof-24 px-nof-16\">Toronton p\u00e4\u00e4valmentaja <a class=\"article-personlink\" href=\"https:\/\/www.is.fi\/haku\/?query=Craig%20Berube\" rel=\"nofollow noopener\" target=\"_blank\">Craig Berube<\/a> kehui joulukuun alussa, ett\u00e4 Maccelli suhtautuu tilanteeseen hyvin olosuhteet huomioiden.<\/p>\n<p class=\"article-body mb-nof-24 px-nof-16\">\u2013\u2009H\u00e4n tietenkin haluaa pelata, mutta h\u00e4n on my\u00f6s k\u00e4sitellyt tilanteen hyvin. H\u00e4n tiet\u00e4\u00e4, ett\u00e4 parannettava on. Annoin h\u00e4nelle peliaikaa Washingtonia vastaan, mutta h\u00e4nell\u00e4 oli vaikeuksia.<\/p>\n","protected":false},"excerpt":{"rendered":"Matias Maccellin aika Torontossa on sujunut mollivoittoisesti. Hy\u00f6kk\u00e4\u00e4j\u00e4 Matias Maccelli yritt\u00e4\u00e4 yh\u00e4 l\u00f6yt\u00e4\u00e4 parasta virett\u00e4\u00e4n uudessa seurassaan Toronto&hellip;\n","protected":false},"author":2,"featured_media":116071,"comment_status":"","ping_status":"","sticky":false,"template":"","format":"standard","meta":{"footnotes":""},"categories":[158],"tags":[33,31,30,34,159,32,160],"class_list":{"0":"post-116070","1":"post","2":"type-post","3":"status-publish","4":"format-standard","5":"has-post-thumbnail","7":"category-urheilu","8":"tag-fi","9":"tag-finland","10":"tag-finnish","11":"tag-ilta-sanomat","12":"tag-sports","13":"tag-suomi","14":"tag-urheilu"},"share_on_mastodon":{"url":"https:\/\/pubeurope.com\/@fi\/115717464846384707","error":""},"_links":{"self":[{"href":"https:\/\/www.europesays.com\/fi\/wp-json\/wp\/v2\/posts\/116070","targetHints":{"allow":["GET"]}}],"collection":[{"href":"https:\/\/www.europesays.com\/fi\/wp-json\/wp\/v2\/posts"}],"about":[{"href":"https:\/\/www.europesays.com\/fi\/wp-json\/wp\/v2\/types\/post"}],"author":[{"embeddable":true,"href":"https:\/\/www.europesays.com\/fi\/wp-json\/wp\/v2\/users\/2"}],"replies":[{"embeddable":true,"href":"https:\/\/www.europesays.com\/fi\/wp-json\/wp\/v2\/comments?post=116070"}],"version-history":[{"count":0,"href":"https:\/\/www.europesays.com\/fi\/wp-json\/wp\/v2\/posts\/116070\/revisions"}],"wp:featuredmedia":[{"embeddable":true,"href":"https:\/\/www.europesays.com\/fi\/wp-json\/wp\/v2\/media\/116071"}],"wp:attachment":[{"href":"https:\/\/www.europesays.com\/fi\/wp-json\/wp\/v2\/media?parent=116070"}],"wp:term":[{"taxonomy":"category","embeddable":true,"href":"https:\/\/www.europesays.com\/fi\/wp-json\/wp\/v2\/categories?post=116070"},{"taxonomy":"post_tag","embeddable":true,"href":"https:\/\/www.europesays.com\/fi\/wp-json\/wp\/v2\/tags?post=116070"}],"curies":[{"name":"wp","href":"https:\/\/api.w.org\/{rel}","templated":true}]}}