{"id":116081,"date":"2025-12-14T10:50:12","date_gmt":"2025-12-14T10:50:12","guid":{"rendered":"https:\/\/www.europesays.com\/fi\/116081\/"},"modified":"2025-12-14T10:50:12","modified_gmt":"2025-12-14T10:50:12","slug":"lehti-ylistaa-suzanne-innes-stubbin-tyylia-erityisesti-yksi-asu-oli-fantastinen","status":"publish","type":"post","link":"https:\/\/www.europesays.com\/fi\/116081\/","title":{"rendered":"Lehti ylist\u00e4\u00e4 Suzanne Innes-Stubbin tyyli\u00e4 \u2013 erityisesti yksi asu oli \u201dfantastinen\u201d"},"content":{"rendered":"<p>Suzanne Innes-Stubbin pukeutuminen saa espanjalaislehdelt\u00e4 niin sanotusti t\u00e4ydet pisteet.<\/p>\n<p class=\"article-body mb-nof-24 px-nof-16\">Tasavallan presidentin <a class=\"article-personlink\" href=\"https:\/\/www.is.fi\/haku\/?query=Alexander%20Stubbin\" rel=\"nofollow noopener\" target=\"_blank\">Alexander Stubbin<\/a> puolison <a class=\"article-personlink\" href=\"https:\/\/www.is.fi\/haku\/?query=Suzanne%20Innes-Stubbin\" rel=\"nofollow noopener\" target=\"_blank\">Suzanne Innes-Stubbin<\/a> tyyli\u00e4 kehutaan taas maailmalla.<\/p>\n<p class=\"article-body mb-nof-24 px-nof-16\">Nyt asialla on espanjalaislehti <a class=\"article-genericlink\" href=\"https:\/\/www.hola.com\/moda\/20251212872529\/suzanne-innes-stubb-primera-dama-finlandia-estilo-look-maxima-holanda\/\" rel=\"nofollow noopener\" target=\"_blank\">Hola!<\/a>.<\/p>\n<p class=\"article-body mb-nof-24 px-nof-16\">Lehti kirjoittaa presidenttiparin valtiovierailusta Alankomaissa. Stubbit vierailivat maassa 11.\u201312. joulukuuta.<\/p>\n<p class=\"article-body mb-nof-24 px-nof-16\">Lehden mukaan Innes-Stubb on \u201dtehnyt vaikutuksen moitteettomalla tyylill\u00e4\u00e4n ja vakiinnuttanut asemansa muoti-ikonina\u201d.<\/p>\n<p><img decoding=\"async\" src=\"https:\/\/www.europesays.com\/fi\/wp-content\/uploads\/2025\/12\/1765709410_736_468.jpg\" alt=\"Kuningatar Maximan ja Suzanne Innes-Stubbin tyylit sopivat hyvin yksiin, Hola! kirjoittaa.\" class=\"_Img_1rerz_1\" style=\"aspect-ratio:1.5\" loading=\"eager\"\/><\/p>\n<p class=\"article-picture-caption\">Kuningatar Maximan ja Suzanne Innes-Stubbin tyylit sopivat hyvin yksiin, Hola! kirjoittaa. Kuva:\u00a0Pete Aarre-Ahtio \/ IS<\/p>\n<p class=\"article-body mb-nof-24 px-nof-16\">Holassa kehutaan Innes-Stubbin tapaa k\u00e4ytt\u00e4\u00e4 asuissaan maanl\u00e4heisi\u00e4 v\u00e4rej\u00e4.<\/p>\n<p class=\"article-body mb-nof-24 px-nof-16\">Niin Innes-Stubb kuin Alankomaiden kuningatar <a class=\"article-personlink\" href=\"https:\/\/www.is.fi\/haku\/?query=Maxima\" rel=\"nofollow noopener\" target=\"_blank\">Maxima<\/a> olivat pukeutuneet tapaamisella murrettuihin, hillittyihin v\u00e4reihin. Lehden mukaan merkkinaisten tyylit t\u00e4ydensiv\u00e4t toisiaan.<\/p>\n<p class=\"article-body mb-nof-24 px-nof-16\">Valtiovierailun juhlaillallisella n\u00e4hty\u00e4 satiinista oliivinvihre\u00e4\u00e4 iltapukua Hola kutsuu \u201dfantastiseksi\u201d.<\/p>\n<p><img decoding=\"async\" src=\"https:\/\/www.europesays.com\/fi\/wp-content\/uploads\/2025\/12\/1765709411_160_468.jpg\" alt=\"Innes-Stubin iltapuku oli lehden mukaan \u201dfantastinen\u201d.\" class=\"_Img_1rerz_1\" style=\"aspect-ratio:1.3803019410496047\" loading=\"eager\"\/><\/p>\n<p class=\"article-picture-caption\">Innes-Stubin iltapuku oli lehden mukaan \u201dfantastinen\u201d. Kuva:\u00a0REMKO DE WAAL<\/p>\n<p class=\"article-body mb-nof-24 px-nof-16\">Damin aukion Kansallismonumentilla n\u00e4hdyss\u00e4 tilaisuudessa Innes-Stubb taasen esitteli \u201dklassisinta ja eleganteinta tyyli\u00e4\u00e4n\u201d, jota lehti vertaa eurooppalaisten kuningatarten ja prinsessojen edustustyyliin.<\/p>\n<p class=\"article-body mb-nof-24 px-nof-16\">\u2013 H\u00e4n oli ajattoman sofistikoituneesti valinnut asukseen ecru-tweedist\u00e4 valmistetun keskipituisen hameen, joka oli t\u00e4ydellinen valinta t\u00e4h\u00e4n vuodenaikaan, Hola suitsuttaa.<\/p>\n<p class=\"article-body mb-nof-24 px-nof-16\">Lehti nostaa Suzanne Innes-Stubbin \u201dEuroopan uusien muoti-ikonien\u201d joukkoon.<\/p>\n<p><img decoding=\"async\" src=\"https:\/\/www.europesays.com\/fi\/wp-content\/uploads\/2025\/12\/1765709411_357_468.jpg\" alt=\"My\u00f6s Damin aukiolla n\u00e4hty vaalea asu oli lehden mieleen.\" class=\"_Img_1rerz_1\" style=\"aspect-ratio:1.5\" loading=\"eager\"\/><\/p>\n<p class=\"article-picture-caption\">My\u00f6s Damin aukiolla n\u00e4hty vaalea asu oli lehden mieleen. Kuva:\u00a0Pete Aarre-Ahtio \/ IS<\/p>\n<p class=\"article-body mb-nof-24 px-nof-16\">Stubbit tapasivat Alankomaiden kuninkaan <a class=\"article-personlink\" href=\"https:\/\/www.is.fi\/haku\/?query=Willem-Alexanderin\" rel=\"nofollow noopener\" target=\"_blank\">Willem-Alexanderin<\/a> ja kuningattaren Maxinen kaksip\u00e4iv\u00e4isell\u00e4 vierailulla 11.\u201312. joulukuuta.<\/p>\n<p class=\"article-body mb-nof-24 px-nof-16\">Vierailun aikana k\u00e4siteltiin Suomen ja Alankomaiden suhteiden tiivist\u00e4mist\u00e4, turvallisuutta, energia- ja meriteollisuutta sek\u00e4 Ukrainan tukemista. Stubb tapasi my\u00f6s muun muassa Alankomaiden p\u00e4\u00e4ministerin <a class=\"article-personlink\" href=\"https:\/\/www.is.fi\/haku\/?query=Dick%20Schoofin\" rel=\"nofollow noopener\" target=\"_blank\">Dick Schoofin<\/a> ja vieraili Naton tietoj\u00e4rjestelm\u00e4virastossa. Maan p\u00e4\u00e4kaupungin Amsterdamin lis\u00e4ksi Stubbit vierailivat Haagissa.<\/p>\n<p class=\"article-body mb-nof-24 px-nof-16\">Vakavien asioiden ohella presidentti- ja kuningasparit ehtiv\u00e4t keskustella my\u00f6s rennommin.<\/p>\n<p class=\"article-body mb-nof-24 px-nof-16\">Juhlaillallisella presidentti nauratti vieraita muun muassa huokaisemalla kovaan \u00e4\u00e4neen, kun kuningas muistutti maiden jalkapallojoukkueiden kohdanneen pari kuukautta sitten MM-karsinnassa. Hollanti murskasi ottelussa Huuhkajien viimeisetkin MM-kisahaaveet.<\/p>\n<p class=\"article-body mb-nof-24 px-nof-16\">Kuningas kutsui Stubbin my\u00f6s golfaamaan kanssaan, viitaten Stubbin ja Yhdysvaltain presidentin <a class=\"article-personlink\" href=\"https:\/\/www.is.fi\/haku\/?query=Donald%20Trumpin\" rel=\"nofollow noopener\" target=\"_blank\">Donald Trumpin<\/a> golfailuihin.<\/p>\n<p class=\"article-body mb-nof-24 px-nof-16\">Stubb lohkaisi l\u00e4p\u00e4n my\u00f6s Suomen ja Alankomaiden suopeasta suhteesta salmiakkiin.<\/p>\n<p class=\"article-body mb-nof-24 px-nof-16\">\u2013 Meill\u00e4 molemmilla on viel\u00e4 ty\u00f6t\u00e4 edess\u00e4mme. Kummankaan puoliso ei ole viel\u00e4 p\u00e4\u00e4ssyt t\u00e4m\u00e4n ainutlaatuisen herkun makuun, vaikka heist\u00e4 on tullut Alankomaiden ja Suomen kansalaisia. Ty\u00f6 jatkuu, Stubb nauratti vieraita.<\/p>\n<p class=\"article-body mb-nof-24 px-nof-16\">Kuningatar Maxima on kotoisin Argentiinasta, Suzanne Innes-Stubb Britanniasta.<\/p>\n","protected":false},"excerpt":{"rendered":"Suzanne Innes-Stubbin pukeutuminen saa espanjalaislehdelt\u00e4 niin sanotusti t\u00e4ydet pisteet. Tasavallan presidentin Alexander Stubbin puolison Suzanne Innes-Stubbin tyyli\u00e4 kehutaan&hellip;\n","protected":false},"author":2,"featured_media":116082,"comment_status":"","ping_status":"","sticky":false,"template":"","format":"standard","meta":{"footnotes":""},"categories":[136],"tags":[407,137,33,31,30,34,408,32,109],"class_list":{"0":"post-116081","1":"post","2":"type-post","3":"status-publish","4":"format-standard","5":"has-post-thumbnail","7":"category-julkkikset","8":"tag-celebrities","9":"tag-entertainment","10":"tag-fi","11":"tag-finland","12":"tag-finnish","13":"tag-ilta-sanomat","14":"tag-julkkikset","15":"tag-suomi","16":"tag-viihde"},"share_on_mastodon":{"url":"https:\/\/pubeurope.com\/@fi\/115717539544929968","error":""},"_links":{"self":[{"href":"https:\/\/www.europesays.com\/fi\/wp-json\/wp\/v2\/posts\/116081","targetHints":{"allow":["GET"]}}],"collection":[{"href":"https:\/\/www.europesays.com\/fi\/wp-json\/wp\/v2\/posts"}],"about":[{"href":"https:\/\/www.europesays.com\/fi\/wp-json\/wp\/v2\/types\/post"}],"author":[{"embeddable":true,"href":"https:\/\/www.europesays.com\/fi\/wp-json\/wp\/v2\/users\/2"}],"replies":[{"embeddable":true,"href":"https:\/\/www.europesays.com\/fi\/wp-json\/wp\/v2\/comments?post=116081"}],"version-history":[{"count":0,"href":"https:\/\/www.europesays.com\/fi\/wp-json\/wp\/v2\/posts\/116081\/revisions"}],"wp:featuredmedia":[{"embeddable":true,"href":"https:\/\/www.europesays.com\/fi\/wp-json\/wp\/v2\/media\/116082"}],"wp:attachment":[{"href":"https:\/\/www.europesays.com\/fi\/wp-json\/wp\/v2\/media?parent=116081"}],"wp:term":[{"taxonomy":"category","embeddable":true,"href":"https:\/\/www.europesays.com\/fi\/wp-json\/wp\/v2\/categories?post=116081"},{"taxonomy":"post_tag","embeddable":true,"href":"https:\/\/www.europesays.com\/fi\/wp-json\/wp\/v2\/tags?post=116081"}],"curies":[{"name":"wp","href":"https:\/\/api.w.org\/{rel}","templated":true}]}}