{"id":116150,"date":"2025-12-14T12:47:10","date_gmt":"2025-12-14T12:47:10","guid":{"rendered":"https:\/\/www.europesays.com\/fi\/116150\/"},"modified":"2025-12-14T12:47:10","modified_gmt":"2025-12-14T12:47:10","slug":"purra-ja-keskisarja-tyrmaavat-orpon-avauksen-ei-kay","status":"publish","type":"post","link":"https:\/\/www.europesays.com\/fi\/116150\/","title":{"rendered":"Purra ja Keskisarja tyrm\u00e4\u00e4v\u00e4t Orpon avauksen: Ei k\u00e4y"},"content":{"rendered":"<p>Muun muassa hyvinvointialueiden vaikea tilanne ja anteeksipyynt\u00f6 saamelaisilta nousivat esiin Riikka Purran ja Teemu Keskisarjan tiedotustilaisuudessa.<\/p>\n<p><img decoding=\"async\" class=\"image image-show image-preview\" src=\"https:\/\/www.europesays.com\/fi\/wp-content\/uploads\/2025\/12\/5caa8f0f5bb62cc3e18f388f717d4c275c8320f153b844fde64e05528d02ec62.jpg\" alt=\"\"\/><img decoding=\"async\" class=\"image image-show\" src=\"https:\/\/www.europesays.com\/fi\/wp-content\/uploads\/2025\/12\/1765716430_223_5caa8f0f5bb62cc3e18f388f717d4c275c8320f153b844fde64e05528d02ec62.jpg\" alt=\"\"\/><\/p>\n<p>Perussuomalaisten puoluevaltuuston tiedotustilaisuus joulukuussa 2025. Paikalla 1. varapuheenjohtaja Teemu Keskisarja ja puheenjohtaja Riikka Purra. Atte Kajova<\/p>\n<p class=\"paragraph\">Kun saamelaisten totuus- ja sovintokomissio luovutti loppuraporttinsa hiljattain, p\u00e4\u00e4ministeri <a href=\"https:\/\/www.iltalehti.fi\/henkilot\/Petteri Orpo\" class=\"article-link-person-page\" rel=\"nofollow noopener\" target=\"_blank\">Petteri Orpo<\/a> (kok) katsoi, ett\u00e4 valtion on pyydett\u00e4v\u00e4 anteeksi saamelaisilta heihin kohdistuneita v\u00e4\u00e4ryyksi\u00e4.<\/p>\n<p class=\"paragraph\">Anteeksipyynt\u00f6 on saanut laajaa tukea mutta perussuomalaisista sit\u00e4 vastustetaan. T\u00e4m\u00e4 tuli selv\u00e4ksi puolueen puheenjohtaja <a href=\"https:\/\/www.iltalehti.fi\/henkilot\/Riikka Purra\" class=\"article-link-person-page\" rel=\"nofollow noopener\" target=\"_blank\">Riikka Purran<\/a> suulla t\u00e4n\u00e4\u00e4n puoluevaltuuston yhteydess\u00e4 j\u00e4rjestetyss\u00e4 tiedotustilaisuudessa Helsingiss\u00e4.<\/p>\n<p class=\"paragraph\">\u2013 En ylip\u00e4\u00e4t\u00e4ns\u00e4 kannata t\u00e4llaisia erilaisia anteeksipyytelyit\u00e4. Jos nyt mietit\u00e4\u00e4n vaikka, ett\u00e4 olemme juuri viett\u00e4neet itsen\u00e4isyysp\u00e4iv\u00e4\u00e4, niin aika helppo olisi p\u00e4\u00e4ty\u00e4 my\u00f6s sellaiseen, ett\u00e4 Suomessa pit\u00e4isi pyyt\u00e4\u00e4 sotaveteraaneilta anteeksi. Heid\u00e4n kohtelunsa muutama vuosikymmen taaksep\u00e4in ei varmasti ollut kohdallaan, Purra sanoi medialle.<\/p>\n<p class=\"paragraph\">Perussuomalaisten 1. varapuheenjohtaja <a href=\"https:\/\/www.iltalehti.fi\/henkilot\/Teemu Keskisarja\" class=\"article-link-person-page\" rel=\"nofollow noopener\" target=\"_blank\">Teemu Keskisarja<\/a> sanoi kommentoivansa asiaa historioitsijana.<\/p>\n<p class=\"paragraph\">\u2013 Suomella ei ole mit\u00e4\u00e4n anteeksipyydelt\u00e4v\u00e4\u00e4 saamelaisten sorrosta. Tuo mukamas kolonialismi on mielikuvateollisuuden tuote, Keskisarja muun muassa lausui.<\/p>\n<p class=\"paragraph\">Ajankohta, jolloin saamelaisilta pyydett\u00e4isiin anteeksi, on ep\u00e4selv\u00e4\u00e4. Purran mukaan ainakaan t\u00e4m\u00e4n hallituksen aikaisesta anteeksipyynn\u00f6st\u00e4 ei ole ollut keskustelua.<\/p>\n<p class=\"paragraph\">\u2013 Min\u00e4 en ainakaan pyyd\u00e4 anteeksi mit\u00e4\u00e4n enk\u00e4 peru ja kadu, Keskisarja jatkoi.<\/p>\n<p>Rahoituslaki suuri ongelma<\/p>\n<p class=\"paragraph\">Riikka Purra <a href=\"https:\/\/www.iltalehti.fi\/politiikka\/855587b0-6b9e-4196-82b3-0c4b5b0c5c87\" rel=\"nofollow noopener\" target=\"_blank\">sanoi puoluevaltuustopuheessaan<\/a> sote-uudistuksen ongelman kiteytyv\u00e4n siihen, ett\u00e4 hyvinvointialueita on liikaa ja rahoituslaki on monelta osin ep\u00e4onnistunut.<\/p>\n<p class=\"paragraph\">Purra muistutti medialle, ett\u00e4 hyvinvointialueiden arviointimenettelyist\u00e4 voi seurata alueiden yhdist\u00e4misi\u00e4. Ne olisivat kuitenkin pitk\u00e4 prosessi. Poliittisesti voitaisiin tehd\u00e4 nopeampia muutoksia, mutta niit\u00e4 Purra ei suoranaisesti ennakoinut.<\/p>\n<p class=\"paragraph\">\u2013 Vaikka alueita on selv\u00e4sti liikaa asiantuntijoiden n\u00e4kemyksen mukaisesti, se ei ole varmaankaan se suurin ongelma t\u00e4ss\u00e4, vaan rahoituslaki, h\u00e4n t\u00e4hdensi medialle.<\/p>\n<p class=\"paragraph\">Purran mielest\u00e4 rahoituslain m\u00e4\u00e4r\u00e4ytymisperusteissa on ongelmia. Viel\u00e4 t\u00e4t\u00e4kin suurempi ongelma on Purran mukaan j\u00e4lkik\u00e4teistarkistus, jossa \u201dk\u00e4yt\u00e4nn\u00f6ss\u00e4 kaikille alueille annetaan lis\u00e4\u00e4 rahaa riippumatta siit\u00e4, tarvitsevatko ne lis\u00e4\u00e4 rahaa\u201d. Vastaavasti kaikilla alueilla rahoitus ei kuitenkaan ole riitt\u00e4v\u00e4\u00e4.<\/p>\n<p>Keskustan avaus ei vakuuta<\/p>\n<p class=\"paragraph\">Purra muistutti, ett\u00e4 vuoden alkupuolella on luvassa p\u00e4\u00e4ministerin ilmoitus. Siin\u00e4 kerrotaan, mit\u00e4 t\u00e4m\u00e4 hallitus voi sotelle viel\u00e4 tehd\u00e4.<\/p>\n<p class=\"paragraph\">Laaja rahoituslain remontti pit\u00e4\u00e4 Purran mukaan valmistella osin parlamentaarisesti ennen vaaleja. Lakimuutoksista on p\u00e4\u00e4tett\u00e4v\u00e4 lopullisesti hallitusneuvotteluissa, jotta laki voisi olla valmis vuonna 2029. Samalla pit\u00e4isi uudistaa kuntien rahoitusta.<\/p>\n<p class=\"paragraph\">Keskusta on v \u00e4l\u00e4ytt\u00e4nyt hyvinvointialueiden velkasaneerausta.<\/p>\n<p class=\"paragraph\">Jos arviointimenettelyss\u00e4 oleva hyvinvointialue saa taloutensa tasapainoon, voidaan aiemmilta vuosilta kertyneet alij\u00e4\u00e4m\u00e4t antaa osittain anteeksi. N\u00e4in kannustettaisiin vaikeimmassa asemassa olevia alueita talouden tervehdytt\u00e4miseen, puolue <a href=\"https:\/\/keskusta.fi\/wp-content\/uploads\/2025\/12\/Keskustan-sote-rahoituksen-korjaussarja-2025.pdf\" target=\"_blank\" rel=\"noopener nofollow\">on esitt\u00e4nyt<\/a>.<\/p>\n<p class=\"paragraph\">\u2013 En ymm\u00e4rr\u00e4 keskustan esityst\u00e4 velkasaneerauksesta arviointimenettelyss\u00e4 oleville alueille, koska arviointimenettelyn tarkoitus on juuri se, ett\u00e4 taloutta ja palveluita saadaan oikeaan kuntoon, Purra kommentoi.<\/p>\n<p class=\"paragraph\">\u2013 Vastaavasti jos alij\u00e4\u00e4mi\u00e4 l\u00e4hdet\u00e4\u00e4n taseesta sellaisenaan korjaamaan, tietenkin se my\u00f6s maksaa merkitt\u00e4v\u00e4sti. En muista, ett\u00e4 keskustan vaihtoehtobudjetissa tarjottiin t\u00e4h\u00e4n rahoitusta, Purra lausui.<\/p>\n","protected":false},"excerpt":{"rendered":"Muun muassa hyvinvointialueiden vaikea tilanne ja anteeksipyynt\u00f6 saamelaisilta nousivat esiin Riikka Purran ja Teemu Keskisarjan tiedotustilaisuudessa. Perussuomalaisten puoluevaltuuston&hellip;\n","protected":false},"author":2,"featured_media":116151,"comment_status":"","ping_status":"","sticky":false,"template":"","format":"standard","meta":{"footnotes":""},"categories":[12],"tags":[35,22,23,26,27,33,31,30,17,24,25,28,29,15,18,21,637,886,888,885,887,32,19,20,16],"class_list":{"0":"post-116150","1":"post","2":"type-post","3":"status-publish","4":"format-standard","5":"has-post-thumbnail","7":"category-suomi","8":"tag-24h","9":"tag-breaking-news","10":"tag-breakingnews","11":"tag-featured-news","12":"tag-featurednews","13":"tag-fi","14":"tag-finland","15":"tag-finnish","16":"tag-headlines","17":"tag-latest-news","18":"tag-latestnews","19":"tag-main-news","20":"tag-mainnews","21":"tag-news","22":"tag-otsikot","23":"tag-paauutiset","24":"tag-politiikka","25":"tag-puolueet","26":"tag-suomalaiset-poliitikot","27":"tag-suomen-poliittiset-puolueet","28":"tag-suomen-politiikka","29":"tag-suomi","30":"tag-top-stories","31":"tag-topstories","32":"tag-uutiset"},"share_on_mastodon":{"url":"https:\/\/pubeurope.com\/@fi\/115717999576779475","error":""},"_links":{"self":[{"href":"https:\/\/www.europesays.com\/fi\/wp-json\/wp\/v2\/posts\/116150","targetHints":{"allow":["GET"]}}],"collection":[{"href":"https:\/\/www.europesays.com\/fi\/wp-json\/wp\/v2\/posts"}],"about":[{"href":"https:\/\/www.europesays.com\/fi\/wp-json\/wp\/v2\/types\/post"}],"author":[{"embeddable":true,"href":"https:\/\/www.europesays.com\/fi\/wp-json\/wp\/v2\/users\/2"}],"replies":[{"embeddable":true,"href":"https:\/\/www.europesays.com\/fi\/wp-json\/wp\/v2\/comments?post=116150"}],"version-history":[{"count":0,"href":"https:\/\/www.europesays.com\/fi\/wp-json\/wp\/v2\/posts\/116150\/revisions"}],"wp:featuredmedia":[{"embeddable":true,"href":"https:\/\/www.europesays.com\/fi\/wp-json\/wp\/v2\/media\/116151"}],"wp:attachment":[{"href":"https:\/\/www.europesays.com\/fi\/wp-json\/wp\/v2\/media?parent=116150"}],"wp:term":[{"taxonomy":"category","embeddable":true,"href":"https:\/\/www.europesays.com\/fi\/wp-json\/wp\/v2\/categories?post=116150"},{"taxonomy":"post_tag","embeddable":true,"href":"https:\/\/www.europesays.com\/fi\/wp-json\/wp\/v2\/tags?post=116150"}],"curies":[{"name":"wp","href":"https:\/\/api.w.org\/{rel}","templated":true}]}}