{"id":116210,"date":"2025-12-14T14:32:12","date_gmt":"2025-12-14T14:32:12","guid":{"rendered":"https:\/\/www.europesays.com\/fi\/116210\/"},"modified":"2025-12-14T14:32:12","modified_gmt":"2025-12-14T14:32:12","slug":"helsingin-poliisi-nosti-valmiustasoaan-australian-terrori-iskun-takia-uusimaa","status":"publish","type":"post","link":"https:\/\/www.europesays.com\/fi\/116210\/","title":{"rendered":"Helsingin poliisi nosti valmiustasoaan Australian terrori-iskun takia | Uusimaa"},"content":{"rendered":"<p class=\"aw-1gybjub aw-5vja16 kEtdKx kmuxyA yle__article__paragraph\">Helsingiss\u00e4 sijaitsee muun muassa Israelin suurl\u00e4hetyst\u00f6 ja juutalaisen seurakunnan synagoga.<\/p>\n<p><img decoding=\"async\" alt=\"Poliisiauto partioi Helsingin keskustassa sijaitsevan Israelin suurl\u00e4hetyst\u00f6n edustalla.\" src=\"https:\/\/www.europesays.com\/fi\/wp-content\/uploads\/2025\/12\/39-1481234684d50c7686e7.jpeg\" class=\"aw-1l9m598 hKVVvP\"\/><\/p>\n<p>Avaa kuvien katselu<\/p>\n<p>Israelin suurl\u00e4hetyst\u00f6 Helsingiss\u00e4 kuvattu 13.6.2025 Kuva: Mikko Koski \/ Yle<\/p>\n<p>15:52\u2022P\u00e4ivitetty 16:08<\/p>\n<p class=\"aw-1gybjub aw-1p7kakr kEtdKx cEmitX yle__article__paragraph\">Helsingin poliisi on nostanut valmiustasoaan Australian terrori-iskun vuoksi.<\/p>\n<p class=\"aw-1gybjub aw-1p7kakr kEtdKx cEmitX yle__article__paragraph\">\u2013 Olemme noteeranneet tapahtumat ja nostaneet valmiustasoamme, sanoo ylikomisario <strong class=\"aw-ak79eh KyCXm yle__article__strong\">Jari Kaikko<\/strong> Helsingin poliisilaitoksesta.<\/p>\n<p class=\"aw-1gybjub aw-1p7kakr kEtdKx cEmitX yle__article__paragraph\">Poliisi ei kerro yksityiskohtia, mill\u00e4 tavalla se on nostanut valmiuttaan.<\/p>\n<p class=\"aw-1gybjub aw-1p7kakr kEtdKx cEmitX yle__article__paragraph\">Tukholmassa <a class=\"aw-iao6s4 iHOxEa yle__article__link\" href=\"https:\/\/www.svt.se\/nyheter\/lokalt\/stockholm\/okad-bevakning-i-stockholm-efter-masskjutningen-i-sydney\" role=\"link\" rel=\"nofollow noopener\" target=\"_blank\">poliisi on lis\u00e4nnyt<\/a> esimerkiksi synagogien ja koulujen vartiointia.<\/p>\n<p class=\"aw-1gybjub aw-1p7kakr kEtdKx cEmitX yle__article__paragraph\">\u2013 Yksityiskohtiin en halua menn\u00e4, mutta t\u00e4m\u00e4nkaltaisesta toiminnasta nimenomaan on kyse, Kaikko sanoo.<\/p>\n<p class=\"aw-1gybjub aw-1p7kakr kEtdKx cEmitX yle__article__paragraph\">Australiassa 12 ihmist\u00e4 on kuollut Sydneyn <a class=\"aw-iao6s4 iHOxEa yle__article__link\" href=\"https:\/\/yle.fi\/a\/74-20199662\" role=\"link\" rel=\"nofollow noopener\" target=\"_blank\">Bondi Beachilla sattuneessa ampumav\u00e4likohtauksessa<\/a>. Australian poliisi tutkii tapausta terroritekona.<\/p>\n<p class=\"aw-1gybjub aw-1p7kakr kEtdKx cEmitX yle__article__paragraph\">\u2013 T\u00e4m\u00e4 on ik\u00e4v\u00e4 tapahtuma, ja vaikka se on tuolla toisella puolella maapalloa, niin tiedot t\u00e4llaisista asioista levi\u00e4v\u00e4t kulovalkean tavoin, Kaikko sanoo.<\/p>\n<p class=\"aw-1gybjub aw-1p7kakr kEtdKx cEmitX yle__article__paragraph\">Australian ammuskelu alkoi juutalaisten hanukka-juhlassa. Poliisin mukaan ampumisen aikana alueella oli yli tuhat ihmist\u00e4.<\/p>\n","protected":false},"excerpt":{"rendered":"Helsingiss\u00e4 sijaitsee muun muassa Israelin suurl\u00e4hetyst\u00f6 ja juutalaisen seurakunnan synagoga. Avaa kuvien katselu Israelin suurl\u00e4hetyst\u00f6 Helsingiss\u00e4 kuvattu 13.6.2025&hellip;\n","protected":false},"author":2,"featured_media":116211,"comment_status":"","ping_status":"","sticky":false,"template":"","format":"standard","meta":{"footnotes":""},"categories":[12],"tags":[3981,22,23,26,27,33,31,30,17,104,21226,71,24,25,28,29,15,18,21,32,19,20,1168,16],"class_list":{"0":"post-116210","1":"post","2":"type-post","3":"status-publish","4":"format-standard","5":"has-post-thumbnail","7":"category-suomi","8":"tag-ampuminen","9":"tag-breaking-news","10":"tag-breakingnews","11":"tag-featured-news","12":"tag-featurednews","13":"tag-fi","14":"tag-finland","15":"tag-finnish","16":"tag-headlines","17":"tag-helsinki","18":"tag-juutalaiset","19":"tag-kotimaa","20":"tag-latest-news","21":"tag-latestnews","22":"tag-main-news","23":"tag-mainnews","24":"tag-news","25":"tag-otsikot","26":"tag-paauutiset","27":"tag-suomi","28":"tag-top-stories","29":"tag-topstories","30":"tag-uusimaa","31":"tag-uutiset"},"share_on_mastodon":{"url":"https:\/\/pubeurope.com\/@fi\/115718412667062404","error":""},"_links":{"self":[{"href":"https:\/\/www.europesays.com\/fi\/wp-json\/wp\/v2\/posts\/116210","targetHints":{"allow":["GET"]}}],"collection":[{"href":"https:\/\/www.europesays.com\/fi\/wp-json\/wp\/v2\/posts"}],"about":[{"href":"https:\/\/www.europesays.com\/fi\/wp-json\/wp\/v2\/types\/post"}],"author":[{"embeddable":true,"href":"https:\/\/www.europesays.com\/fi\/wp-json\/wp\/v2\/users\/2"}],"replies":[{"embeddable":true,"href":"https:\/\/www.europesays.com\/fi\/wp-json\/wp\/v2\/comments?post=116210"}],"version-history":[{"count":0,"href":"https:\/\/www.europesays.com\/fi\/wp-json\/wp\/v2\/posts\/116210\/revisions"}],"wp:featuredmedia":[{"embeddable":true,"href":"https:\/\/www.europesays.com\/fi\/wp-json\/wp\/v2\/media\/116211"}],"wp:attachment":[{"href":"https:\/\/www.europesays.com\/fi\/wp-json\/wp\/v2\/media?parent=116210"}],"wp:term":[{"taxonomy":"category","embeddable":true,"href":"https:\/\/www.europesays.com\/fi\/wp-json\/wp\/v2\/categories?post=116210"},{"taxonomy":"post_tag","embeddable":true,"href":"https:\/\/www.europesays.com\/fi\/wp-json\/wp\/v2\/tags?post=116210"}],"curies":[{"name":"wp","href":"https:\/\/api.w.org\/{rel}","templated":true}]}}