{"id":116216,"date":"2025-12-14T14:48:11","date_gmt":"2025-12-14T14:48:11","guid":{"rendered":"https:\/\/www.europesays.com\/fi\/116216\/"},"modified":"2025-12-14T14:48:11","modified_gmt":"2025-12-14T14:48:11","slug":"minna-kuukka-paljasti-syntinsa-monta-tuli","status":"publish","type":"post","link":"https:\/\/www.europesays.com\/fi\/116216\/","title":{"rendered":"Minna Kuukka paljasti syntins\u00e4 &#8211; &#8221;Monta tuli&#8221;"},"content":{"rendered":"<p>Jo monta piparkakkuteosta ennen joulua tehnyt <strong>Minna Kuukka<\/strong> on ollut avoimella p\u00e4\u00e4ll\u00e4. H\u00e4n haluaa paljastaa syntins\u00e4. Nekin liittyv\u00e4t yll\u00e4tt\u00e4en piparkakkutehtailuun.<\/p>\n<p>Lue my\u00f6s: <a href=\"https:\/\/www.como.fi\/uutiset\/minna-kuukka-paljasti-parsiilleen-meni\/\" title=\"Minna Kuukka paljasti: \u201dP\u00e4rsiilleen meni\u201d\" class=\"underline-custom !font-montserrat !font-bold !underline-offset-4 !decoration-4 !decoration-red-600 !text-md\" rel=\"nofollow noopener\" target=\"_blank\">Minna Kuukka paljasti: \u201dP\u00e4rsiilleen meni\u201d<\/a><\/p>\n<p>\u2013 No. T\u00e4n\u00e4\u00e4n on kuulemma hauskat merkkip\u00e4iv\u00e4t -osastolla Piparkakkutalop\u00e4iv\u00e4. \u00a0Joten nyt sit loputkin synnit tiskiin. Kyll\u00e4, monta tuli. Ja muitakin kuin taloja, kuten kuvakarusellin alun asuntoauto, paljastaa Kuukka erikoiset ja makoisat syntins\u00e4.<\/p>\n<p>Kuukan k\u00e4siss\u00e4 on syntynyt suurempikin piparitaideteos.<\/p>\n<p>\u2013 Lopulta my\u00f6s se j\u00e4ttim\u00f6tk\u00f6, jonka varmuudella lupasin j\u00e4tt\u00e4\u00e4 v\u00e4liin. Silti eilisiltana liimailin portaita Villa Rotondaan, joka oli pakko koota suoraan lipaston p\u00e4\u00e4lle, koska millek\u00e4\u00e4n alustalle se ei mahtunut.<\/p>\n<p>Kuukka on kertonut aiemmin, ett\u00e4 h\u00e4n suunnitteli pit\u00e4v\u00e4ns\u00e4 t\u00e4m\u00e4n vuoden taukoa piparkakkutalojen teosta. Se ei onnistunut, mutta h\u00e4n aikoo yritt\u00e4\u00e4 sit\u00e4 ensi vuonna.<\/p>\n<p>\u2013 Vaan nyt saa tomusokerip\u00f6ly laskeutua. Kuukan talotehdas kiitt\u00e4\u00e4 ja kuittaa. Seuraavan kerran v\u00e4livuosi. Ehk\u00e4.<\/p>\n<p>Jos Kuukan selk\u00e4ranka pit\u00e4\u00e4, vuoden kuluttua ei p\u00e4\u00e4st\u00e4 ihailemaan h\u00e4nen jouluisia teoksiaan.<\/p>\n<p>N\u00e4et Kuukan julkaisun my\u00f6s <a href=\"https:\/\/www.instagram.com\/p\/DSKcLDwgth0\/?utm_source=ig_web_copy_link&amp;igsh=MzRlODBiNWFlZA==\" target=\"_blank\" rel=\"noreferrer noopener nofollow\">t\u00e4\u00e4lt\u00e4<\/a>.<\/p>\n<p>Lue my\u00f6s: <a href=\"https:\/\/www.como.fi\/tilaa-comon-uutiskirje\/\" title=\"Tilaa Comon uutiskirje ja tied\u00e4t mist\u00e4 kahvitauolla puhutaan! Nappaa kotimaan tv-vinkit ja puheenaiheet suoraan s\u00e4hk\u00f6postiin t\u00e4st\u00e4.\" class=\"underline-custom !font-montserrat !font-bold !underline-offset-4 !decoration-4 !decoration-red-600 !text-md\" rel=\"nofollow noopener\" target=\"_blank\">Tilaa Comon uutiskirje ja tied\u00e4t mist\u00e4 kahvitauolla puhutaan! Nappaa kotimaan tv-vinkit ja puheenaiheet suoraan s\u00e4hk\u00f6postiin t\u00e4st\u00e4.<\/a><\/p>\n<p>\t\t\t<script async src=\"\/\/www.instagram.com\/embed.js\"><\/script><\/p>\n","protected":false},"excerpt":{"rendered":"Jo monta piparkakkuteosta ennen joulua tehnyt Minna Kuukka on ollut avoimella p\u00e4\u00e4ll\u00e4. H\u00e4n haluaa paljastaa syntins\u00e4. Nekin liittyv\u00e4t&hellip;\n","protected":false},"author":2,"featured_media":116217,"comment_status":"","ping_status":"","sticky":false,"template":"","format":"standard","meta":{"footnotes":""},"categories":[133],"tags":[137,33,31,30,3945,32,206,156,109],"class_list":{"0":"post-116216","1":"post","2":"type-post","3":"status-publish","4":"format-standard","5":"has-post-thumbnail","7":"category-televisiot","8":"tag-entertainment","9":"tag-fi","10":"tag-finland","11":"tag-finnish","12":"tag-minna-kuukka","13":"tag-suomi","14":"tag-televisiot","15":"tag-tv","16":"tag-viihde"},"share_on_mastodon":{"url":"https:\/\/pubeurope.com\/@fi\/115718475151311234","error":""},"_links":{"self":[{"href":"https:\/\/www.europesays.com\/fi\/wp-json\/wp\/v2\/posts\/116216","targetHints":{"allow":["GET"]}}],"collection":[{"href":"https:\/\/www.europesays.com\/fi\/wp-json\/wp\/v2\/posts"}],"about":[{"href":"https:\/\/www.europesays.com\/fi\/wp-json\/wp\/v2\/types\/post"}],"author":[{"embeddable":true,"href":"https:\/\/www.europesays.com\/fi\/wp-json\/wp\/v2\/users\/2"}],"replies":[{"embeddable":true,"href":"https:\/\/www.europesays.com\/fi\/wp-json\/wp\/v2\/comments?post=116216"}],"version-history":[{"count":0,"href":"https:\/\/www.europesays.com\/fi\/wp-json\/wp\/v2\/posts\/116216\/revisions"}],"wp:featuredmedia":[{"embeddable":true,"href":"https:\/\/www.europesays.com\/fi\/wp-json\/wp\/v2\/media\/116217"}],"wp:attachment":[{"href":"https:\/\/www.europesays.com\/fi\/wp-json\/wp\/v2\/media?parent=116216"}],"wp:term":[{"taxonomy":"category","embeddable":true,"href":"https:\/\/www.europesays.com\/fi\/wp-json\/wp\/v2\/categories?post=116216"},{"taxonomy":"post_tag","embeddable":true,"href":"https:\/\/www.europesays.com\/fi\/wp-json\/wp\/v2\/tags?post=116216"}],"curies":[{"name":"wp","href":"https:\/\/api.w.org\/{rel}","templated":true}]}}