{"id":116220,"date":"2025-12-14T14:53:11","date_gmt":"2025-12-14T14:53:11","guid":{"rendered":"https:\/\/www.europesays.com\/fi\/116220\/"},"modified":"2025-12-14T14:53:11","modified_gmt":"2025-12-14T14:53:11","slug":"kuvat-tassa-on-johanna-tukiaisen-uusi-perheenjasen","status":"publish","type":"post","link":"https:\/\/www.europesays.com\/fi\/116220\/","title":{"rendered":"Kuvat: T\u00e4ss\u00e4 on Johanna Tukiaisen uusi perheenj\u00e4sen"},"content":{"rendered":"<p>\n            (200624) &#8212; Helsinki, June 24, 2020 \u2013 Johanna Tukiainen poses for the camera during her interview for Seiska about her pregnancy in Helsinki, Finland, 24. June 2020. (Matti Matikainen\/Aller Media)<br \/>\n            Matti Matikainen\n        <\/p>\n<p class=\"subtitle \">Pumpuli-pupu on &#8221;tois pual jokke&#8221;.<\/p>\n<p class=\"article-content article-content-width !bg-background\"> tiet\u00e4v\u00e4t kaikki.<\/p>\n<p class=\"article-content article-content-width !bg-background\">Kohublondien cr\u00e8me de la cr\u00e8me on tavallaan vaikuttanut osaltaan jopa my\u00f6s  poliittiseen uraan.\u00a0<\/p>\n<p class=\"article-content article-content-width !bg-background\">Kev\u00e4\u00e4ll\u00e4 2008 tapahtui nimitt\u00e4in tekstiviestikohu, joka johti lopulta siihen, ett\u00e4 silloinen ulkoministeri  joutui syrj\u00e4\u00e4n, ja tilalle tuli tuolloin politiikassa viel\u00e4 suht kokematon \u201dAlex\u201d.<\/p>\n<p>        <a itemprop=\"url\" href=\"https:\/\/www.seiska.fi\/vain-seiskassa\/johanna-tukiaisen-tulot-loksauttavat-leuat-nain-han-kommentoi\/1991963\" rel=\"nofollow noopener\" target=\"_blank\"><\/p>\n<p>\nN\u00e4in Johanna kommentoi\n<\/p>\n<p class=\"section-date\">\n        <strong class=\"article-section\" data-section=\"vain seiskassa\"><br \/>\n            vain seiskassa<br \/>\n        <\/strong><br \/>\n        15.11. 09:00\n    <\/p>\n<p>Johanna Tukiaisen tulot loksauttavat leuat \u2013 n\u00e4in h\u00e4n kommentoi\n    <\/p>\n<p itemprop=\"description\" class=\"subtitle \">\n    Johanna kommentoi asiaa Seiskalle rehellisesti, mutta samalla varovaisesti &#8221;Kelan takia&#8221;.\n<\/p>\n<p>        <\/a><\/p>\n<p class=\"article-content article-content-width !bg-background\">Yht\u00e4 kaikki, Alex on nyt tasavallan presidentti, mutta onpa Johannankin vuosi 2025 pit\u00e4nyt sis\u00e4ll\u00e4\u00e4n kaikenlaista.<\/p>\n<p>                <img decoding=\"async\" src=\"https:\/\/www.europesays.com\/fi\/wp-content\/uploads\/2025\/12\/1883244.webp\" width=\"576\" height=\"720\" alt=\"Johanna Tukiainen ja Veijo Lalli ovat j\u00e4lleen tukevasti yhdess\u00e4.\" loading=\"lazy\" \/>            <\/p>\n<p>\n            Johanna Tukiainen ja Veijo Lalli ovat j\u00e4lleen tukevasti yhdess\u00e4.<br \/>\n            Atte Kajova\n        <\/p>\n<p>Ero, uusi suhde, ero ja yhteenpaluu<\/p>\n<p class=\"article-content article-content-width !bg-background\">Kev\u00e4\u00e4ll\u00e4 h\u00e4n kertoi Seiskalle eronneensa pitk\u00e4aikaisesta miehest\u00e4\u00e4n .<\/p>\n<p class=\"article-content article-content-width !bg-background\">Pian kuvioihin tuli Johanna huomattavasti nuorempi , mutta parin onni kesti vain muutaman kuukauden.<\/p>\n<p class=\"article-content article-content-width !bg-background\">Johanna palasi t\u00e4m\u00e4n j\u00e4lkeen salamana yhteen Veijon kanssa ja hehkutti &#8221;kyps\u00e4\u00e4&#8221; miest\u00e4\u00e4n Seiskalle antaumuksella.<\/p>\n<p>\n            Saan nukkua pitk\u00e4\u00e4n ja h\u00e4n hemmottelee eri tavalla \u2013 sellaista ihailen miehess\u00e4.\n            <\/p>\n<p class=\"article-content article-content-width !bg-background\">Kes\u00e4\u00e4n mahtui my\u00f6s muutakin, sill\u00e4 Johanna kertoi t\u00e4ht\u00e4\u00e4v\u00e4ns\u00e4 politiikkaan \u2013 aina kansanedustajaksi asti.<\/p>\n<p class=\"article-content article-content-width !bg-background\">Puoluekin oli selv\u00e4: kristillisdemokraatit.<\/p>\n<p class=\"article-content article-content-width !bg-background\">My\u00f6s tuolloinen kristillisdemokraattien Helsingin piirin puheenjohtaja  toivottikin Seiskan kautta Johannan tervetulleeksi KD:n listoille.<\/p>\n<p>                <img decoding=\"async\" src=\"https:\/\/www.europesays.com\/fi\/wp-content\/uploads\/2025\/12\/1883255.webp\" width=\"576\" height=\"802\" alt=\"Joonas M\u00e4k\u00e4r\u00e4inen on Johannalle en\u00e4\u00e4 vain muisto.\" loading=\"lazy\" \/>            <\/p>\n<p>\n            Joonas M\u00e4k\u00e4r\u00e4inen on Johannalle en\u00e4\u00e4 vain muisto.<br \/>\n            Johanna Tukiaisen kotialbumi\n        <\/p>\n<p>Kani<\/p>\n<p class=\"article-content article-content-width !bg-background\">Nyt Johannan el\u00e4m\u00e4ss\u00e4 tapahtuu j\u00e4lleen.<\/p>\n<p class=\"article-content article-content-width !bg-background\">\u2013 Olen hankkinut uuden perheenj\u00e4senen: leijonanharjasuros nimelt\u00e4 Pumpuli on muuttanut meid\u00e4n asuntoon.<\/p>\n<p>        <a itemprop=\"url\" href=\"https:\/\/www.seiska.fi\/kotimaa\/johanna-tukiainen-iso-elamanmuutos\/1975729\" rel=\"nofollow noopener\" target=\"_blank\"><\/p>\n<p>\nJohanna Tukiainen\n<\/p>\n<p class=\"section-date\">\n        <strong class=\"article-section\" data-section=\"kotimaa\"><br \/>\n            kotimaa<br \/>\n        <\/strong><br \/>\n        30.10. 17:00\n    <\/p>\n<p>Johanna Tukiainen: Iso el\u00e4m\u00e4nmuutos!\n    <\/p>\n<p itemprop=\"description\" class=\"subtitle \">\n    Johanna Tukiainen kertoo kantavansa my\u00f6s huolta yhteiskunnan h\u00e4ilyv\u00e4st\u00e4 roolijaosta.\n<\/p>\n<p>        <\/a><\/p>\n<p class=\"article-content article-content-width !bg-background\">\u2013 Ostin pupun Turun l\u00e4helt\u00e4, se syntyi 24.9., Johanna kertoo.<\/p>\n<p class=\"article-content article-content-width !bg-background\">Puheiden perusteella Johannan on tarkoitus antaa pupu jonain p\u00e4iv\u00e4n\u00e4 lahjaksi -tytt\u00e4relleen.<\/p>\n<p>                <img decoding=\"async\" src=\"https:\/\/www.europesays.com\/fi\/wp-content\/uploads\/2025\/12\/2021158.webp\" width=\"576\" height=\"802\" alt=\"Johannan ja Veijona T\u00f6\u00f6l\u00f6n asunnon tuorein tulokas on kaniherra Pumpuli.\" loading=\"lazy\" \/>            <\/p>\n<p>\n            Johannan ja Veijona T\u00f6\u00f6l\u00f6n asunnon tuorein tulokas on kaniherra Pumpuli.<br \/>\n            Johanna Tukiaisen kotialbumi\n        <\/p>\n<p>Ylitsevuotavaa suitsutusta Veijolle<\/p>\n<p class=\"article-content article-content-width !bg-background\">Ylistyst\u00e4 saa Johannan puheissa my\u00f6s Veijo-rakas.<\/p>\n<p class=\"article-content article-content-width !bg-background\">\u2013 Ihmiset kysyiv\u00e4t TikTokissa, mist\u00e4 tykk\u00e4\u00e4n Veijossa, ja sanoin ihan suoraan, ett\u00e4 yksi t\u00e4rke\u00e4 syy on taloudellinen turva ja minun tukemiseni.<\/p>\n<p>\n            Veijo pukeutui laivalla \u201dJesus Saves\u201d -huppariin, koska halusi tukea minua.\n            <\/p>\n<p class=\"article-content article-content-width !bg-background\">\u2013 Saan nukkua pitk\u00e4\u00e4n ja h\u00e4n hemmottelee eri tavalla \u2013 sellaista ihailen miehess\u00e4. Tykk\u00e4\u00e4n olla prinsessa! Veijo ei kuitenkaan liikaa m\u00e4\u00e4r\u00e4ile minua.<\/p>\n<p>                <img decoding=\"async\" src=\"https:\/\/www.europesays.com\/fi\/wp-content\/uploads\/2025\/12\/2021166.webp\" width=\"576\" height=\"831\" alt=\"Pumpuli on syksyn kaneja.\" loading=\"lazy\" \/>            <\/p>\n<p>\n            Pumpuli on syksyn kaneja.<br \/>\n            Johanna Tukiaisen kotialbumi\n        <\/p>\n<p class=\"article-content article-content-width !bg-background\">Joulu tulla jolkottaa my\u00f6s Johannan ja Veijon talouteen.<\/p>\n<p class=\"article-content article-content-width !bg-background\">\u2013 Joulusuunnitelmissa on sisustaa uutta kotiamme lis\u00e4\u00e4: tilasin mittatilausty\u00f6n\u00e4 Englannista superromanttiset verhot, jotka pit\u00e4\u00e4 saada olohuoneen ikkunaan. Ne ovat tietysti pinkit, ja niiss\u00e4 on paljon pitsi\u00e4 ja r\u00f6yhel\u00f6it\u00e4 sek\u00e4 pinkkej\u00e4 helmi\u00e4 ja rusetteja.<\/p>\n<p>        <a itemprop=\"url\" href=\"https:\/\/www.seiska.fi\/vain-seiskassa\/johanna-tukiainen-joutui-laivalla-kahdesti-putkaan-join-vetta-vessanpytysta\/1952111\" rel=\"nofollow noopener\" target=\"_blank\"><\/p>\n<p>\nLaivaputkaan kahdesti\n<\/p>\n<p class=\"section-date\">\n        <strong class=\"article-section\" data-section=\"vain seiskassa\"><br \/>\n            vain seiskassa<br \/>\n        <\/strong><br \/>\n        7.10. 05:00\n    <\/p>\n<p>Johanna Tukiainen joutui laivalla kahdesti putkaan: \u201dJoin vett\u00e4 vessanpytyst\u00e4!\u201d\n    <\/p>\n<p itemprop=\"description\" class=\"subtitle \">\n    Kohublondi Johanna Tukiaisen Tukholman-risteilyll\u00e4 sattui ja tapahtui.\n<\/p>\n<p>        <\/a><\/p>\n<p class=\"article-content article-content-width !bg-background\">\u2013 Joku joulukuusikin tulee, jos ei muuta niin pieni sellainen, sek\u00e4 jouluvalot ikkunoihin. Jouluruoka nautitaan kotona: perinteinen joulukinkku, laatikot, perunat, sillit ja karjalanpiirakat.<\/p>\n<p>                <img decoding=\"async\" src=\"https:\/\/www.europesays.com\/fi\/wp-content\/uploads\/2025\/12\/2021161.webp\" width=\"576\" height=\"807\" alt=\"Veijo on Johannan rakas ja toisinp\u00e4in.\" loading=\"lazy\" \/>            <\/p>\n<p>\n            Veijo on Johannan rakas ja toisinp\u00e4in.<br \/>\n            Johanna Tukiaisen kotialbumi\n        <\/p>\n<p>Paremmin onnistunut risteily etel\u00e4naapuriin<\/p>\n<p class=\"article-content article-content-width !bg-background\">Joulua Johanna kertoo viett\u00e4v\u00e4ns\u00e4 joko kaksin Veijon kanssa tai pieness\u00e4 kaveriporukassa.<\/p>\n<p class=\"article-content article-content-width !bg-background\">Seiska kertoi aiemmin syksyll\u00e4 my\u00f6s Johannan ik\u00e4v\u00e4sti p\u00e4\u00e4ttyneest\u00e4 Ruotsin-risteilyst\u00e4.<\/p>\n<p>        <a itemprop=\"url\" href=\"https:\/\/www.seiska.fi\/kotimaa\/johanna-tukiaisesta-rikosilmoitus-nyt-puhuu-ex-rakas-joonas\/1939129\" rel=\"nofollow noopener\" target=\"_blank\"><\/p>\n<p>\nEx-rakastavaiset\n<\/p>\n<p class=\"section-date\">\n        <strong class=\"article-section\" data-section=\"kotimaa\"><br \/>\n            kotimaa<br \/>\n        <\/strong><br \/>\n        24.9. 16:00\n    <\/p>\n<p>Johanna Tukiaisesta rikosilmoitus \u2013 nyt puhuu ex-rakas Joonas\n    <\/p>\n<p itemprop=\"description\" class=\"subtitle \">\n    Johanna Tukiainen nimitteli Joonasta somekanavallaan.\n<\/p>\n<p>        <\/a><\/p>\n<p class=\"article-content article-content-width !bg-background\">Nyt takana on onnistuneempi reissu, tosin kohde oli Tukholman sijasta Tallinna.<\/p>\n<p class=\"article-content article-content-width !bg-background\">\u2013 Veijo pukeutui laivalla \u201dJesus Saves\u201d -huppariin, koska halusi tukea minua.<\/p>\n<p>                <img decoding=\"async\" src=\"https:\/\/www.europesays.com\/fi\/wp-content\/uploads\/2025\/12\/2021160.webp\" width=\"576\" height=\"639\" alt=\"Johanna kertoo, ett\u00e4 Veijo halusi osoittaa h\u00e4nelle tukeaan pukeutumalla Jeesus-huppariin.\" loading=\"lazy\" \/>            <\/p>\n<p>\n            Johanna kertoo, ett\u00e4 Veijo halusi osoittaa h\u00e4nelle tukeaan pukeutumalla Jeesus-huppariin.<br \/>\n            Johanna Tukiaisen kotialbumi\n        <\/p>\n<p class=\"article-content article-content-width !bg-background\">Johanna kertoo, ett\u00e4 h\u00e4nell\u00e4 itsell\u00e4\u00e4n oli vastaavanlainen T-paita ep\u00e4onnisella Ruotsin-reissullaan.<\/p>\n<p class=\"article-content article-content-width !bg-background\">Lis\u00e4ksi Veijo on hemmotellut Johannaa muutenkin.<\/p>\n<p>        <a itemprop=\"url\" href=\"https:\/\/www.seiska.fi\/vain-seiskassa\/johanna-tukiaisen-miesseuralainen-esitteli-elintaan-keskella-tooloa-salakuvat\/1923284\" rel=\"nofollow noopener\" target=\"_blank\"><\/p>\n<p>\nJohanna Tukiainen ja miesseuralainen\n<\/p>\n<p class=\"section-date\">\n        <strong class=\"article-section\" data-section=\"vain seiskassa\"><br \/>\n            vain seiskassa<br \/>\n        <\/strong><br \/>\n        10.9. 06:00\n    <\/p>\n<p>Johanna Tukiaisen miesseuralainen esitteli elint\u00e4\u00e4n keskell\u00e4 T\u00f6\u00f6l\u00f6\u00e4 \u2013 salakuvat!\n    <\/p>\n<p itemprop=\"description\" class=\"subtitle \">\n    Tommi on Johannan mukaan h\u00e4nen yst\u00e4v\u00e4ns\u00e4. Veijo sen sijaan on nykyinen mies, ja ex-mies Joonaksesta Johanna kertoo tehneens\u00e4 taannoin rikosilmoituksen.\n<\/p>\n<p>        <\/a><\/p>\n<p class=\"article-content article-content-width !bg-background\">\u2013 Veijo j\u00e4rjesti minulle 70 sentti\u00e4 pitk\u00e4t hiustenpidennykset.<\/p>\n<p class=\"article-content article-content-width !bg-background\">\u2013 Aitoa hiusta, Johanna p\u00e4\u00e4tt\u00e4\u00e4.<\/p>\n","protected":false},"excerpt":{"rendered":"(200624) &#8212; Helsinki, June 24, 2020 \u2013 Johanna Tukiainen poses for the camera during her interview for Seiska&hellip;\n","protected":false},"author":2,"featured_media":116221,"comment_status":"","ping_status":"","sticky":false,"template":"","format":"standard","meta":{"footnotes":""},"categories":[130],"tags":[3406,137,33,31,30,5865,7371,212,21227,32,7957,109],"class_list":{"0":"post-116220","1":"post","2":"type-post","3":"status-publish","4":"format-standard","5":"has-post-thumbnail","7":"category-viihde","8":"tag-alexander-stubb","9":"tag-entertainment","10":"tag-fi","11":"tag-finland","12":"tag-finnish","13":"tag-johanna-tukiainen","14":"tag-kristillisdemokraatit","15":"tag-lifestyle","16":"tag-pumpuli-pupu","17":"tag-suomi","18":"tag-veijo-lalli","19":"tag-viihde"},"share_on_mastodon":{"url":"https:\/\/pubeurope.com\/@fi\/115718495177412735","error":""},"_links":{"self":[{"href":"https:\/\/www.europesays.com\/fi\/wp-json\/wp\/v2\/posts\/116220","targetHints":{"allow":["GET"]}}],"collection":[{"href":"https:\/\/www.europesays.com\/fi\/wp-json\/wp\/v2\/posts"}],"about":[{"href":"https:\/\/www.europesays.com\/fi\/wp-json\/wp\/v2\/types\/post"}],"author":[{"embeddable":true,"href":"https:\/\/www.europesays.com\/fi\/wp-json\/wp\/v2\/users\/2"}],"replies":[{"embeddable":true,"href":"https:\/\/www.europesays.com\/fi\/wp-json\/wp\/v2\/comments?post=116220"}],"version-history":[{"count":0,"href":"https:\/\/www.europesays.com\/fi\/wp-json\/wp\/v2\/posts\/116220\/revisions"}],"wp:featuredmedia":[{"embeddable":true,"href":"https:\/\/www.europesays.com\/fi\/wp-json\/wp\/v2\/media\/116221"}],"wp:attachment":[{"href":"https:\/\/www.europesays.com\/fi\/wp-json\/wp\/v2\/media?parent=116220"}],"wp:term":[{"taxonomy":"category","embeddable":true,"href":"https:\/\/www.europesays.com\/fi\/wp-json\/wp\/v2\/categories?post=116220"},{"taxonomy":"post_tag","embeddable":true,"href":"https:\/\/www.europesays.com\/fi\/wp-json\/wp\/v2\/tags?post=116220"}],"curies":[{"name":"wp","href":"https:\/\/api.w.org\/{rel}","templated":true}]}}