{"id":116225,"date":"2025-12-14T14:58:09","date_gmt":"2025-12-14T14:58:09","guid":{"rendered":"https:\/\/www.europesays.com\/fi\/116225\/"},"modified":"2025-12-14T14:58:09","modified_gmt":"2025-12-14T14:58:09","slug":"diakoniatyontekija-vinkkaa-mika-on-paras-tapa-auttaa-jouluna-keski-suomi","status":"publish","type":"post","link":"https:\/\/www.europesays.com\/fi\/116225\/","title":{"rendered":"Diakoniaty\u00f6ntekij\u00e4 vinkkaa, mik\u00e4 on paras tapa auttaa jouluna | Keski-Suomi"},"content":{"rendered":"<p>Joulun l\u00e4hestyess\u00e4 moni miettii, miten voisi auttaa v\u00e4h\u00e4varaisia, hoivakodeissa asuvia tai lapsiperheit\u00e4. Joulupuukampanja on helppo tapa, mutta ne p\u00e4\u00e4ttyv\u00e4t jo marraskuun lopussa. Mit\u00e4 ja miten olisi paras tapa auttaa?<\/p>\n<p>Kaikkia joulunaikaan toteutettavia hyv\u00e4ntekev\u00e4isyyskampanjoita yhdist\u00e4\u00e4 seurakunnan diakoniaty\u00f6. Diakoniaty\u00f6ntekij\u00f6ill\u00e4 on ajantasaisin tieto avuntarvitsijoista ja keinot toimittaa apu perille.<\/p>\n<p><strong class=\"diks-storyline__impact\">Saarij\u00e4rven<\/strong> martat esimerkiksi toimittaa joulumuistamisia hoivakodeissa asuville yhteisty\u00f6ss\u00e4 diakoniaty\u00f6n kanssa. Joulupuuker\u00e4yksen lahjatoiveet menev\u00e4t p\u00e4\u00e4asiassa suoraan Mannerheimin lastensuojeluliitolle, mutta jotkut lahjatoiveet tulevat diakoniaty\u00f6n kautta. Lahjat pakataan ja toimitetaan yhdess\u00e4 saajille.<\/p>\n<p>Apua voi antaa osallistumatta mihink\u00e4\u00e4n ker\u00e4ykseen tai kampanjaan. Saarij\u00e4rven seurakunnan diakoniaty\u00f6ntekij\u00e4 <strong>Erja Tammelin<\/strong> antaa vinkin lahjakorteista. Sellaisen voi ostaa paikalliseen kauppaan ja vied\u00e4 diakoniatoimistoon.<\/p>\n","protected":false},"excerpt":{"rendered":"Joulun l\u00e4hestyess\u00e4 moni miettii, miten voisi auttaa v\u00e4h\u00e4varaisia, hoivakodeissa asuvia tai lapsiperheit\u00e4. Joulupuukampanja on helppo tapa, mutta ne&hellip;\n","protected":false},"author":2,"featured_media":116226,"comment_status":"","ping_status":"","sticky":false,"template":"","format":"standard","meta":{"footnotes":""},"categories":[12],"tags":[22,23,26,27,33,31,30,17,5856,3674,24,25,28,29,15,18,21,590,10894,32,19,20,16],"class_list":{"0":"post-116225","1":"post","2":"type-post","3":"status-publish","4":"format-standard","5":"has-post-thumbnail","7":"category-suomi","8":"tag-breaking-news","9":"tag-breakingnews","10":"tag-featured-news","11":"tag-featurednews","12":"tag-fi","13":"tag-finland","14":"tag-finnish","15":"tag-headlines","16":"tag-joulu","17":"tag-juhla-ja-vapaapaivat","18":"tag-latest-news","19":"tag-latestnews","20":"tag-main-news","21":"tag-mainnews","22":"tag-news","23":"tag-otsikot","24":"tag-paauutiset","25":"tag-saarijarven-viitasaaren-seutukunta","26":"tag-saarijarvi","27":"tag-suomi","28":"tag-top-stories","29":"tag-topstories","30":"tag-uutiset"},"share_on_mastodon":{"url":"https:\/\/pubeurope.com\/@fi\/115718514650610858","error":""},"_links":{"self":[{"href":"https:\/\/www.europesays.com\/fi\/wp-json\/wp\/v2\/posts\/116225","targetHints":{"allow":["GET"]}}],"collection":[{"href":"https:\/\/www.europesays.com\/fi\/wp-json\/wp\/v2\/posts"}],"about":[{"href":"https:\/\/www.europesays.com\/fi\/wp-json\/wp\/v2\/types\/post"}],"author":[{"embeddable":true,"href":"https:\/\/www.europesays.com\/fi\/wp-json\/wp\/v2\/users\/2"}],"replies":[{"embeddable":true,"href":"https:\/\/www.europesays.com\/fi\/wp-json\/wp\/v2\/comments?post=116225"}],"version-history":[{"count":0,"href":"https:\/\/www.europesays.com\/fi\/wp-json\/wp\/v2\/posts\/116225\/revisions"}],"wp:featuredmedia":[{"embeddable":true,"href":"https:\/\/www.europesays.com\/fi\/wp-json\/wp\/v2\/media\/116226"}],"wp:attachment":[{"href":"https:\/\/www.europesays.com\/fi\/wp-json\/wp\/v2\/media?parent=116225"}],"wp:term":[{"taxonomy":"category","embeddable":true,"href":"https:\/\/www.europesays.com\/fi\/wp-json\/wp\/v2\/categories?post=116225"},{"taxonomy":"post_tag","embeddable":true,"href":"https:\/\/www.europesays.com\/fi\/wp-json\/wp\/v2\/tags?post=116225"}],"curies":[{"name":"wp","href":"https:\/\/api.w.org\/{rel}","templated":true}]}}