{"id":116250,"date":"2025-12-14T15:46:08","date_gmt":"2025-12-14T15:46:08","guid":{"rendered":"https:\/\/www.europesays.com\/fi\/116250\/"},"modified":"2025-12-14T15:46:08","modified_gmt":"2025-12-14T15:46:08","slug":"nuorten-leijonien-ovi-on-piirun-verran-auki-konsta-heleniukselle-urheilu","status":"publish","type":"post","link":"https:\/\/www.europesays.com\/fi\/116250\/","title":{"rendered":"Nuorten Leijonien ovi on &#8221;piirun verran&#8221; auki Konsta Heleniukselle | Urheilu"},"content":{"rendered":"<p>Suomen alle 20-vuotiaiden miesten j\u00e4\u00e4kiekkomaajoukkue matkustaa maanantaina MM-leirille Yhdysvaltojen Duluthiin l\u00e4hes valmiilla kisajoukkueella. Ainoa mahdollinen muuttuja on yksi hy\u00f6kk\u00e4\u00e4j\u00e4n paikka, jonka saattaa t\u00e4ytt\u00e4\u00e4 AHL-joukkue Rochester Americansin tehohy\u00f6kk\u00e4\u00e4j\u00e4 Konsta Helenius.<\/p>\n<p>\u2013\u2009Ovea pidet\u00e4\u00e4n auki viel\u00e4 piirun verran. Kaikki selvi\u00e4\u00e4 leirityksen aikana. Asia on t\u00e4ysin kiinni Buffalosta, mit\u00e4 Buffalo p\u00e4\u00e4tt\u00e4\u00e4, Suomen j\u00e4\u00e4kiekkoliiton nuorten ja naisten maajoukkueiden GM Kimmo Oikarinen kertoi STT:lle sunnuntaina Vantaalla, jossa pelaajat ja taustahenkil\u00f6t pakkailivat kamppeitaan kisareissua varten.<\/p>\n<p>J\u00e4\u00e4kiekkoliitto julkaisi lauantaina MM-leiriryhm\u00e4n, johon kuuluu kolme maalivahtia, kahdeksan puolustajaa ja 14 hy\u00f6kk\u00e4\u00e4j\u00e4\u00e4. Tuo on my\u00f6s lopullinen kisajoukkueen koko, joten Heleniuksen liittyess\u00e4 mukaan yksi hy\u00f6kk\u00e4\u00e4j\u00e4 joutuisi ik\u00e4v\u00e4lle kotimatkalle.<\/p>\n<p>Vuosi sitten Helenius p\u00e4\u00e4si AHL:st\u00e4 nuorten MM-kilpailuihin ja oli t\u00e4rke\u00e4 pelaaja Suomen hopeajoukkueessa, mutta nyt h\u00e4nen merkityksens\u00e4 Rochesterille on ollut aiempaa suurempi. T\u00e4m\u00e4 on huomattu my\u00f6s Buffalo Sabresissa.<\/p>\n<p>\u2013\u2009Voi olla, ett\u00e4 h\u00e4net nostetaan yl\u00f6s NHL:\u00e4\u00e4n. Silloin on selv\u00e4 peli, ettei h\u00e4n tule nuorten MM-kilpailuihin, Oikarinen muistutti.<\/p>\n<p>\t\t\t\tKukaan ei halua joululahjaksi matkalippua kotiin<\/p>\n<p>Suomi kohtaa MM-leirill\u00e4 harjoitusotteluissa Saksan paikallista aikaa 19. joulukuuta ja kisais\u00e4nt\u00e4 Yhdysvallat 23. joulukuuta. Nuoret Leijonat matkustaa leirijakson j\u00e4lkeen Duluthista alkusarjapaikkakunnalleen Minneapolisiin.<\/p>\n<p>\u2013\u2009Saimme harjoitusotteluihin ne vastustajat, jotka halusimme. Valmistelin kaikki jenkkien kanssa hyviss\u00e4 ajoin. Sovimme, ett\u00e4 leirit\u00e4mme samassa paikassa ja voimme pelata siell\u00e4, Oikarinen sanoi.<\/p>\n<p>MM-joukkue lukitaan harjoitusotteluiden j\u00e4lkeen. Takavuosina Suomi lenn\u00e4tti MM-leirin j\u00e4lkeen kotiin useita pettyneit\u00e4 pelaajia.<\/p>\n<p>Oikarinen ei haluaisi antaa kenellek\u00e4\u00e4n joululahjaksi matkalippua kotiin.<\/p>\n<p>\u2013\u2009En tykk\u00e4\u00e4 siit\u00e4, ett\u00e4 pelaajia lenn\u00e4tet\u00e4\u00e4n jouluna pois. Aika pitk\u00e4lti tuolla ryhm\u00e4ll\u00e4 menn\u00e4\u00e4n, ja koko ryhm\u00e4 on kasassa. Joukkue voi keskitty\u00e4 alusta asti siihen, ett\u00e4 ollaan kisoissa.<\/p>\n<p>MM-kilpailut alkavat tapaninp\u00e4iv\u00e4n\u00e4. Suomen kanssa samassa alkulohkossa pelaavat Kanada, Latvia, Tanska ja Tshekki.<\/p>\n","protected":false},"excerpt":{"rendered":"Suomen alle 20-vuotiaiden miesten j\u00e4\u00e4kiekkomaajoukkue matkustaa maanantaina MM-leirille Yhdysvaltojen Duluthiin l\u00e4hes valmiilla kisajoukkueella. Ainoa mahdollinen muuttuja on yksi&hellip;\n","protected":false},"author":2,"featured_media":116251,"comment_status":"","ping_status":"","sticky":false,"template":"","format":"standard","meta":{"footnotes":""},"categories":[158],"tags":[33,31,30,405,1143,5856,41,6699,159,32,1145,160,2359],"class_list":{"0":"post-116250","1":"post","2":"type-post","3":"status-publish","4":"format-standard","5":"has-post-thumbnail","7":"category-urheilu","8":"tag-fi","9":"tag-finland","10":"tag-finnish","11":"tag-helsingin-seutukunta","12":"tag-jaakiekko","13":"tag-joulu","14":"tag-liikunta-ja-urheilu","15":"tag-minneapolis","16":"tag-sports","17":"tag-suomi","18":"tag-talviurheilu","19":"tag-urheilu","20":"tag-vantaa"},"share_on_mastodon":{"url":"https:\/\/pubeurope.com\/@fi\/115718703306818895","error":""},"_links":{"self":[{"href":"https:\/\/www.europesays.com\/fi\/wp-json\/wp\/v2\/posts\/116250","targetHints":{"allow":["GET"]}}],"collection":[{"href":"https:\/\/www.europesays.com\/fi\/wp-json\/wp\/v2\/posts"}],"about":[{"href":"https:\/\/www.europesays.com\/fi\/wp-json\/wp\/v2\/types\/post"}],"author":[{"embeddable":true,"href":"https:\/\/www.europesays.com\/fi\/wp-json\/wp\/v2\/users\/2"}],"replies":[{"embeddable":true,"href":"https:\/\/www.europesays.com\/fi\/wp-json\/wp\/v2\/comments?post=116250"}],"version-history":[{"count":0,"href":"https:\/\/www.europesays.com\/fi\/wp-json\/wp\/v2\/posts\/116250\/revisions"}],"wp:featuredmedia":[{"embeddable":true,"href":"https:\/\/www.europesays.com\/fi\/wp-json\/wp\/v2\/media\/116251"}],"wp:attachment":[{"href":"https:\/\/www.europesays.com\/fi\/wp-json\/wp\/v2\/media?parent=116250"}],"wp:term":[{"taxonomy":"category","embeddable":true,"href":"https:\/\/www.europesays.com\/fi\/wp-json\/wp\/v2\/categories?post=116250"},{"taxonomy":"post_tag","embeddable":true,"href":"https:\/\/www.europesays.com\/fi\/wp-json\/wp\/v2\/tags?post=116250"}],"curies":[{"name":"wp","href":"https:\/\/api.w.org\/{rel}","templated":true}]}}