{"id":116256,"date":"2025-12-14T15:50:25","date_gmt":"2025-12-14T15:50:25","guid":{"rendered":"https:\/\/www.europesays.com\/fi\/116256\/"},"modified":"2025-12-14T15:50:25","modified_gmt":"2025-12-14T15:50:25","slug":"salon-tarina-maailman-myydyin-matkapuhelin","status":"publish","type":"post","link":"https:\/\/www.europesays.com\/fi\/116256\/","title":{"rendered":"Salon tarina: Maailman myydyin matkapuhelin"},"content":{"rendered":"<p>Viimeisten vuosikymmenten ajan Salo on Suomessa yhdistetty Nokian tarinaan, ja etenkin t\u00e4ss\u00e4 maassa Nokia taas muistetaan esimerkiksi Nokia tunesta, matopelist\u00e4, banaanipuhelimesta ja tuhoutumattomasta 3310-mallista. Muualla maailmassa tunnetuin yhti\u00f6n puhelimista on todenn\u00e4k\u00f6isesti kuitenkin Nokia 1100, joka ilmestyi markkinoille vuonna 2003 ja jonka viimeiset edustajat tulivat tehtailta ulos kuusi vuotta my\u00f6hemmin. Vaikka laitteen tuotanto lopetettiin jo 16 vuotta sitten, on se 250 miljoonan kappaleen myynnill\u00e4\u00e4n viel\u00e4 t\u00e4n\u00e4 p\u00e4iv\u00e4n\u00e4kin maailman myydyin matkapuhelin.<\/p>\n<p>Salo ei ollut ainoa paikka, miss\u00e4 Nokia 1100-malliaan valmisti. Yhti\u00f6ll\u00e4 oli ymp\u00e4ri maailman useita tehtaita, joissa tuotettiin eri puhelinmalleja paikallisille markkinoille. Salon lis\u00e4ksi Nokian tehtaat valmistivat 1100-mallia muun muassa Saksassa, Unkarissa, Intiassa ja Kiinassa. Sit\u00e4 myytiinkin etup\u00e4\u00e4ss\u00e4 kehittyvien maiden markkinoille halpana peruspuhelimena, joka ei turhia hienouksia sis\u00e4lt\u00e4nyt. Siin\u00e4 ei ollut v\u00e4rin\u00e4ytt\u00f6\u00e4 tai kameraa eik\u00e4 sill\u00e4 saanut yhteytt\u00e4 edes 3G-dataverkkoon. Sen ainoa erikoisominaisuus oli sis\u00e4\u00e4nrakennettu taskulamppu. Nokia 1100 oli \u2013 ja on \u2013 yhti\u00f6n yksi kest\u00e4vimmist\u00e4 tuotteista, koska toimivia sellaisia liikkuu k\u00e4ytettyjen matkapuhelimien markkinoilla viel\u00e4kin.<\/p>\n<p>T\u00e4ss\u00e4 sarjassa nostamme esiin Salon historiallisen museon kokoelmien aarteita ja esittelemme mit\u00e4 kaikkea museoiden varastot pit\u00e4v\u00e4t sis\u00e4ll\u00e4\u00e4n. Tervetuloa mukaan Salon tarinan \u00e4\u00e4relle!<\/p>\n<p><strong>Tomi Mets\u00e4l\u00e4<br \/>Salon historiallinen museo<\/strong><\/p>\n<p><a href=\"https:\/\/www.europesays.com\/fi\/wp-content\/uploads\/2025\/12\/Salon-tarina-50-Maailman-myydyin-matkapuhelin.jpg\"><img fetchpriority=\"high\" decoding=\"async\" width=\"646\" height=\"968\" src=\"https:\/\/www.europesays.com\/fi\/wp-content\/uploads\/2025\/12\/Salon-tarina-50-Maailman-myydyin-matkapuhelin.jpg\" alt=\"Yksi elektroniikkamuseon esinekokoelmien monesta Nokia 1100 -puhelimesta.\" class=\"wp-image-17479\"  \/><\/a>Yksi elektroniikkamuseon esinekokoelmien monesta Nokia 1100 -puhelimesta.<\/p>\n","protected":false},"excerpt":{"rendered":"Viimeisten vuosikymmenten ajan Salo on Suomessa yhdistetty Nokian tarinaan, ja etenkin t\u00e4ss\u00e4 maassa Nokia taas muistetaan esimerkiksi Nokia&hellip;\n","protected":false},"author":2,"featured_media":116257,"comment_status":"","ping_status":"","sticky":false,"template":"","format":"standard","meta":{"footnotes":""},"categories":[76],"tags":[79,77,33,31,30,32,78],"class_list":{"0":"post-116256","1":"post","2":"type-post","3":"status-publish","4":"format-standard","5":"has-post-thumbnail","7":"category-talous","8":"tag-business","9":"tag-economy","10":"tag-fi","11":"tag-finland","12":"tag-finnish","13":"tag-suomi","14":"tag-talous"},"share_on_mastodon":{"url":"https:\/\/pubeurope.com\/@fi\/115718719313464235","error":""},"_links":{"self":[{"href":"https:\/\/www.europesays.com\/fi\/wp-json\/wp\/v2\/posts\/116256","targetHints":{"allow":["GET"]}}],"collection":[{"href":"https:\/\/www.europesays.com\/fi\/wp-json\/wp\/v2\/posts"}],"about":[{"href":"https:\/\/www.europesays.com\/fi\/wp-json\/wp\/v2\/types\/post"}],"author":[{"embeddable":true,"href":"https:\/\/www.europesays.com\/fi\/wp-json\/wp\/v2\/users\/2"}],"replies":[{"embeddable":true,"href":"https:\/\/www.europesays.com\/fi\/wp-json\/wp\/v2\/comments?post=116256"}],"version-history":[{"count":0,"href":"https:\/\/www.europesays.com\/fi\/wp-json\/wp\/v2\/posts\/116256\/revisions"}],"wp:featuredmedia":[{"embeddable":true,"href":"https:\/\/www.europesays.com\/fi\/wp-json\/wp\/v2\/media\/116257"}],"wp:attachment":[{"href":"https:\/\/www.europesays.com\/fi\/wp-json\/wp\/v2\/media?parent=116256"}],"wp:term":[{"taxonomy":"category","embeddable":true,"href":"https:\/\/www.europesays.com\/fi\/wp-json\/wp\/v2\/categories?post=116256"},{"taxonomy":"post_tag","embeddable":true,"href":"https:\/\/www.europesays.com\/fi\/wp-json\/wp\/v2\/tags?post=116256"}],"curies":[{"name":"wp","href":"https:\/\/api.w.org\/{rel}","templated":true}]}}