{"id":116315,"date":"2025-12-14T17:23:08","date_gmt":"2025-12-14T17:23:08","guid":{"rendered":"https:\/\/www.europesays.com\/fi\/116315\/"},"modified":"2025-12-14T17:23:08","modified_gmt":"2025-12-14T17:23:08","slug":"jone-nikula-paatti-ettei-seurustelisi-%e2%88%92-sitten-kohtalo-toi-eteen-hannan","status":"publish","type":"post","link":"https:\/\/www.europesays.com\/fi\/116315\/","title":{"rendered":"Jone Nikula p\u00e4\u00e4tti, ettei seurustelisi \u2212 Sitten kohtalo toi eteen Hannan"},"content":{"rendered":"<p>Radiojuontaja <strong>Jone Nikula<\/strong> ja tanssija-koreografi <strong>Hanna Karttunen<\/strong> kertovat parisuhteensa alkutaipaleesta <a href=\"https:\/\/anna.fi\/nakoislehti\" target=\"_blank\" rel=\"noreferrer noopener nofollow\">Anna-lehden<\/a> haastattelussa. <\/p>\n<p>Eri puolilla maailmaa asunut Hanna oli palannut Suomeen vuonna 2009.  Pitk\u00e4 parisuhde oli p\u00e4\u00e4ttynyt, kun kumppani oli pett\u00e4nyt h\u00e4nt\u00e4. <\/p>\n<p>\u201dM\u00f6yrin tunteeni l\u00e4pi. Tykk\u00e4\u00e4n ymm\u00e4rt\u00e4\u00e4 ja kokea my\u00f6s hankalat ja surulliset hetket. Sen j\u00e4lkeen pystyn l\u00e4htem\u00e4\u00e4n mukaan el\u00e4m\u00e4\u00e4n sellaisena kuin olen.\u201d<\/p>\n<p>Hanna ja Jone tutustuivat Tanssii T\u00e4htien Kanssa -ohjelman kulisseissa seuraavana vuonna. <\/p>\n<p>Jone toimi ohjelman amat\u00f6\u00f6rituomarina, ja Hanna vieraili studiolla tapaamassa yst\u00e4vi\u00e4\u00e4n sek\u00e4 esiintym\u00e4ss\u00e4 tuolloisen tanssiparinsa <strong>Victor da Silvan<\/strong> kanssa. <\/p>\n<p>Jonen ja juontaja <a href=\"https:\/\/seura.fi\/viihde\/julkkikset\/siskokset-ellen-ja-ida-jokikunnas-olemme-aina-olemassa-toisiamme-varten\/\" rel=\"nofollow noopener\" target=\"_blank\"><strong>Ellen Jokikunnaksen<\/strong> <\/a>kihlaus oli p\u00e4\u00e4ttynyt edellisen\u00e4 kev\u00e4\u00e4n\u00e4.<\/p>\n<p>\u201dOlin p\u00e4\u00e4tt\u00e4nyt, etten seurustele en\u00e4\u00e4 ikin\u00e4, kun kaikki kuitenkin menee p\u00e4in helvetti\u00e4. Mutta kun n\u00e4in Hannan, ajattelin, ett\u00e4 on pakko puhua h\u00e4nen kanssaan. Treffeill\u00e4 k\u00e4vimme kuitenkin vasta puoli vuotta my\u00f6hemmin\u201d, Jone kertoo. <\/p>\n<p>\u201dHyv\u00e4, ett\u00e4 kelpasin\u201d<\/p>\n<p>Hanna Karttusella oli heti turvallinen ja hyv\u00e4 olo Jone Nikulan seurassa. Jonen yleissivistys kiehtoi tanssijaa. <\/p>\n<p>\u201dJone on my\u00f6s sanonut, ett\u00e4 jos h\u00e4n olisi ehtinyt n\u00e4hd\u00e4 tanssini Victorin kanssa, h\u00e4n ei olisi edes uskaltanut tulla juttelemaan\u201d, Hanna muistelee.<\/p>\n<p>\u201dPakko my\u00f6nt\u00e4\u00e4, ett\u00e4 heti toisten treffiemme j\u00e4lkeen mietin, kuinka nopeasti voin kosia vaikuttamatta psykopaatilta\u201d, Jone sanoo. <\/p>\n<p>Er\u00e4\u00e4n\u00e4 aamuna Jone katsoi Hannaa ja ajatteli, ett\u00e4 h\u00e4nen on pakko p\u00e4\u00e4st\u00e4 t\u00e4m\u00e4n kanssa naimisiin. <\/p>\n<p>\u201dHyv\u00e4, ett\u00e4 kelpasin.\u201d<\/p>\n<p>Pariskunta meni naimisiin seurusteltuaan nelj\u00e4 vuotta. Avioliitto on kummankin ensimm\u00e4inen. <\/p>\n<p>\u201dPerheess\u00e4 tunnen kuuluvani johonkin. Se on ollut merkitt\u00e4v\u00e4\u00e4 siksi, ett\u00e4 olen el\u00e4nyt kuin kulkuri matkustaen tanssikeng\u00e4t jalassa ymp\u00e4ri maailmaa. Jone on minun ihmiseni\u201d, Hanna sanoo Annalle. <\/p>\n<p>Hanna Karttunen opettaa tanssia Ukrainassa<\/p>\n<p>Hanna Karttunen ty\u00f6skentelee paljon ulkomailla, sill\u00e4 h\u00e4nell\u00e4 on oppilaita ymp\u00e4ri maailmaa ja h\u00e4n on my\u00f6s kysytty tanssituomari. <\/p>\n<p>Helmikuun 2022 j\u00e4lkeen h\u00e4n on k\u00e4ynyt yli kaksikymment\u00e4 kertaa Ukrainassa opettamassa tanssia, usein lapsille ja nuorille, ja osallistumassa varainkeruutapahtumiin. <\/p>\n<p>Jone Nikula kertoo Annan haastattelussa, ett\u00e4 h\u00e4n yritt\u00e4\u00e4 olla pelk\u00e4\u00e4m\u00e4tt\u00e4 vaimonsa puolesta, kun t\u00e4m\u00e4 on sotaa k\u00e4yv\u00e4ss\u00e4 maassa. <\/p>\n<p>Matkoillaan Hanna haluaa kuulla, kun Jonelle tapahtuu jotain hauskaa. Se tuo h\u00e4nelle iloa. <\/p>\n<p>\u201dJone on vahva kallio vieress\u00e4ni. Kun p\u00e4\u00e4ss\u00e4ni on asioiden sekamelska, h\u00e4n sanoo, ett\u00e4 \u2019tulepa t\u00e4nne v\u00e4h\u00e4ksi aikaa ja jatka sitten\u2019.\u201d<\/p>\n<p><a href=\"https:\/\/seura.fi\/viihde\/julkkikset\/jone-nikula-adoptoi-kissan-ukrainasta\/\" rel=\"nofollow noopener\" target=\"_blank\">Lue my\u00f6s: Jone Nikula adoptoi kissan Ukrainasta \u2013 \u201dHankimme Basistille tytt\u00f6yst\u00e4v\u00e4n\u201d<\/a><\/p>\n<p>    <a href=\"https:\/\/seura.fi\/wp-content\/uploads\/2025\/06\/jone_nikula.jpg\" rel=\"nofollow noopener\" target=\"_blank\"><img loading=\"lazy\" decoding=\"async\" alt=\"Juontaja-toimittaja Jone Nikula on kissamiehi\u00e4. Uusin p\u00f6rr\u00f6inen perheenj\u00e4sen tuli Ukrainasta. \u201dKrysta on ihan mahtava! Aina kun se on saanut ruokaa, se vinkaisee ja hypp\u00e4\u00e4 syliin kuin kiitt\u00e4m\u00e4\u00e4n.\u201d\" class=\"wp-image-2115066 awpo-lqip awpo-lazy\" width=\"774\" height=\"440\" style=\"--aspect-ratio: 1.76\" src=\"https:\/\/www.europesays.com\/fi\/wp-content\/uploads\/2025\/12\/jone_nikula.jpg\"\/><\/a><br \/>\n      Juontaja-toimittaja Jone Nikula on kissamiehi\u00e4. Uusin p\u00f6rr\u00f6inen perheenj\u00e4sen tuli Ukrainasta. \u201dKrysta on ihan mahtava! Aina kun se on saanut ruokaa, se vinkaisee ja hypp\u00e4\u00e4 syliin kuin kiitt\u00e4m\u00e4\u00e4n.\u201d      <\/p>\n<p>          \u00a9 Tiia Ahjotuli        <\/p>\n","protected":false},"excerpt":{"rendered":"Radiojuontaja Jone Nikula ja tanssija-koreografi Hanna Karttunen kertovat parisuhteensa alkutaipaleesta Anna-lehden haastattelussa. Eri puolilla maailmaa asunut Hanna oli&hellip;\n","protected":false},"author":2,"featured_media":116316,"comment_status":"","ping_status":"","sticky":false,"template":"","format":"standard","meta":{"footnotes":""},"categories":[136],"tags":[9620,407,137,33,31,30,21238,21239,408,1496,1311,32,109],"class_list":{"0":"post-116315","1":"post","2":"type-post","3":"status-publish","4":"format-standard","5":"has-post-thumbnail","7":"category-julkkikset","8":"tag-anna-lehti","9":"tag-celebrities","10":"tag-entertainment","11":"tag-fi","12":"tag-finland","13":"tag-finnish","14":"tag-hanna-karttunen","15":"tag-jone-nikula","16":"tag-julkkikset","17":"tag-parisuhde","18":"tag-rakkaus","19":"tag-suomi","20":"tag-viihde"},"share_on_mastodon":{"url":"https:\/\/pubeurope.com\/@fi\/115719084900002344","error":""},"_links":{"self":[{"href":"https:\/\/www.europesays.com\/fi\/wp-json\/wp\/v2\/posts\/116315","targetHints":{"allow":["GET"]}}],"collection":[{"href":"https:\/\/www.europesays.com\/fi\/wp-json\/wp\/v2\/posts"}],"about":[{"href":"https:\/\/www.europesays.com\/fi\/wp-json\/wp\/v2\/types\/post"}],"author":[{"embeddable":true,"href":"https:\/\/www.europesays.com\/fi\/wp-json\/wp\/v2\/users\/2"}],"replies":[{"embeddable":true,"href":"https:\/\/www.europesays.com\/fi\/wp-json\/wp\/v2\/comments?post=116315"}],"version-history":[{"count":0,"href":"https:\/\/www.europesays.com\/fi\/wp-json\/wp\/v2\/posts\/116315\/revisions"}],"wp:featuredmedia":[{"embeddable":true,"href":"https:\/\/www.europesays.com\/fi\/wp-json\/wp\/v2\/media\/116316"}],"wp:attachment":[{"href":"https:\/\/www.europesays.com\/fi\/wp-json\/wp\/v2\/media?parent=116315"}],"wp:term":[{"taxonomy":"category","embeddable":true,"href":"https:\/\/www.europesays.com\/fi\/wp-json\/wp\/v2\/categories?post=116315"},{"taxonomy":"post_tag","embeddable":true,"href":"https:\/\/www.europesays.com\/fi\/wp-json\/wp\/v2\/tags?post=116315"}],"curies":[{"name":"wp","href":"https:\/\/api.w.org\/{rel}","templated":true}]}}