{"id":116323,"date":"2025-12-14T17:35:09","date_gmt":"2025-12-14T17:35:09","guid":{"rendered":"https:\/\/www.europesays.com\/fi\/116323\/"},"modified":"2025-12-14T17:35:09","modified_gmt":"2025-12-14T17:35:09","slug":"syyria-ennustaa-kaasuntuotannon-kaksinkertaistuvan-vuonna-2026-uutisia-lyhyesti","status":"publish","type":"post","link":"https:\/\/www.europesays.com\/fi\/116323\/","title":{"rendered":"Syyria ennustaa kaasuntuotannon kaksinkertaistuvan vuonna 2026 | Uutisia lyhyesti"},"content":{"rendered":"<p class=\"aw-1gybjub aw-1p7kakr kEtdKx cEmitX yle__article__paragraph\">Syyria odottaa maakaasuntuotantonsa kaksinkertaistuvan 15 miljoonaan kuutiometriin vuoden 2026 loppuun menness\u00e4, kertoi sunnuntaina maan energiaministeri <strong class=\"aw-ak79eh KyCXm yle__article__strong\">Mohamed al-Bashir<\/strong>.<\/p>\n<p class=\"aw-1gybjub aw-1p7kakr kEtdKx cEmitX yle__article__paragraph\">Sodan runtelema maa pyrkii n\u00e4in lis\u00e4\u00e4m\u00e4\u00e4n omaa energiantuotantoaan. Syyriassa on ollut jatkuvasti s\u00e4hk\u00f6katkoja ja polttoainepulaa 14 vuotta kest\u00e4neen sis\u00e4llissodan j\u00e4lkeen, joka vaurioitti energiainfrastruktuuria ja rajoitti tuotantoa.<\/p>\n<p class=\"aw-1gybjub aw-1p7kakr kEtdKx cEmitX yle__article__paragraph\">Al-Bashir osallistui Arabimaiden \u00f6ljynviej\u00e4maiden j\u00e4rjest\u00f6n (OAPEC) ministerikokoukseen, joka pidettiin Kuwaitissa.<\/p>\n<p class=\"aw-1gybjub aw-1p7kakr kEtdKx cEmitX yle__article__paragraph\">L\u00e4hde: Reuters<\/p>\n","protected":false},"excerpt":{"rendered":"Syyria odottaa maakaasuntuotantonsa kaksinkertaistuvan 15 miljoonaan kuutiometriin vuoden 2026 loppuun menness\u00e4, kertoi sunnuntaina maan energiaministeri Mohamed al-Bashir. Sodan&hellip;\n","protected":false},"author":2,"featured_media":74,"comment_status":"","ping_status":"","sticky":false,"template":"","format":"standard","meta":{"footnotes":""},"categories":[14],"tags":[22,23,2038,26,27,33,31,30,17,21241,24,25,28,29,15,18,21,32,4246,78,19,20,56,16,59,60,61],"class_list":{"0":"post-116323","1":"post","2":"type-post","3":"status-publish","4":"format-standard","5":"has-post-thumbnail","7":"category-ulkomaat","8":"tag-breaking-news","9":"tag-breakingnews","10":"tag-energia","11":"tag-featured-news","12":"tag-featurednews","13":"tag-fi","14":"tag-finland","15":"tag-finnish","16":"tag-headlines","17":"tag-kaasuntuotanto","18":"tag-latest-news","19":"tag-latestnews","20":"tag-main-news","21":"tag-mainnews","22":"tag-news","23":"tag-otsikot","24":"tag-paauutiset","25":"tag-suomi","26":"tag-syyria","27":"tag-talous","28":"tag-top-stories","29":"tag-topstories","30":"tag-ulkomaat","31":"tag-uutiset","32":"tag-world","33":"tag-world-news","34":"tag-worldnews"},"share_on_mastodon":{"url":"https:\/\/pubeurope.com\/@fi\/115719132074672947","error":""},"_links":{"self":[{"href":"https:\/\/www.europesays.com\/fi\/wp-json\/wp\/v2\/posts\/116323","targetHints":{"allow":["GET"]}}],"collection":[{"href":"https:\/\/www.europesays.com\/fi\/wp-json\/wp\/v2\/posts"}],"about":[{"href":"https:\/\/www.europesays.com\/fi\/wp-json\/wp\/v2\/types\/post"}],"author":[{"embeddable":true,"href":"https:\/\/www.europesays.com\/fi\/wp-json\/wp\/v2\/users\/2"}],"replies":[{"embeddable":true,"href":"https:\/\/www.europesays.com\/fi\/wp-json\/wp\/v2\/comments?post=116323"}],"version-history":[{"count":0,"href":"https:\/\/www.europesays.com\/fi\/wp-json\/wp\/v2\/posts\/116323\/revisions"}],"wp:featuredmedia":[{"embeddable":true,"href":"https:\/\/www.europesays.com\/fi\/wp-json\/wp\/v2\/media\/74"}],"wp:attachment":[{"href":"https:\/\/www.europesays.com\/fi\/wp-json\/wp\/v2\/media?parent=116323"}],"wp:term":[{"taxonomy":"category","embeddable":true,"href":"https:\/\/www.europesays.com\/fi\/wp-json\/wp\/v2\/categories?post=116323"},{"taxonomy":"post_tag","embeddable":true,"href":"https:\/\/www.europesays.com\/fi\/wp-json\/wp\/v2\/tags?post=116323"}],"curies":[{"name":"wp","href":"https:\/\/api.w.org\/{rel}","templated":true}]}}