{"id":116324,"date":"2025-12-14T17:36:07","date_gmt":"2025-12-14T17:36:07","guid":{"rendered":"https:\/\/www.europesays.com\/fi\/116324\/"},"modified":"2025-12-14T17:36:07","modified_gmt":"2025-12-14T17:36:07","slug":"freshimpi-ku-sun-aitin-brassi-teinien-suosiossa-oleva-parturi-herattaa-huolta-vanhemmissa","status":"publish","type":"post","link":"https:\/\/www.europesays.com\/fi\/116324\/","title":{"rendered":"&#8221;Freshimpi ku sun \u00e4itin brassi&#8221; \u2013 teinien suosiossa oleva parturi her\u00e4tt\u00e4\u00e4 huolta vanhemmissa"},"content":{"rendered":"<p>Teini-ik\u00e4isten poikien suosiossa oleva turkulainen King Barber-parturiliike on her\u00e4tt\u00e4nyt runsaasti keskustelua eri sosiaalisen median keskusteluryhmiss\u00e4.<\/p>\n<p>Kohina koskee liikkeen omistaja <strong>Hussam Palanin<\/strong> Tiktokissa julkaisemia videoita.<\/p>\n<p>Vanhemmissa on her\u00e4tt\u00e4nyt huolta muun muassa videoilla kuultava alatyylinen kielenk\u00e4ytt\u00f6, s\u00e4hk\u00f6tupakan savujen puhaltaminen alaik\u00e4isen asiakkaan p\u00e4\u00e4lle sek\u00e4 ainakin yhden nuoren l\u00e4psiminen kasvoihin.<\/p>\n<p>Lue my\u00f6s: <a href=\"https:\/\/www.voice.fi\/hullu-maailma\/a-204746\" title=\"Vaativin Tinder-profiili koskaan? Vaatimuslistalle naureskellaan netiss\u00e4\" class=\"underline-custom !font-montserrat !font-bold !underline-offset-4 !decoration-4 !decoration-tilt-light !text-md\" rel=\"nofollow noopener\" target=\"_blank\">Vaativin Tinder-profiili koskaan? Vaatimuslistalle naureskellaan netiss\u00e4<\/a><\/p>\n<p>Lue my\u00f6s: <a href=\"https:\/\/www.voice.fi\/hullu-maailma\/a-199025\" title=\"Virtsaa pulloissa ja roskia lattialla \u2013 somekansa j\u00e4rkyttyi naisen sotkuisesta huoneesta\" class=\"underline-custom !font-montserrat !font-bold !underline-offset-4 !decoration-4 !decoration-tilt-light !text-md\" rel=\"nofollow noopener\" target=\"_blank\">Virtsaa pulloissa ja roskia lattialla \u2013 somekansa j\u00e4rkyttyi naisen sotkuisesta huoneesta<\/a><\/p>\n<p>Alaik\u00e4isist\u00e4 pojista my\u00f6s puhutaan kyseenalaiseen s\u00e4vyyn julkaisujen kuvateksteiss\u00e4. Julkaisuissa on lukenut muun muassa \u201csinkku\u00e4ij\u00e4\u00e4 tarjolla\u201d sek\u00e4 \u201cfreshimpi ku sun \u00e4itin brassi\u201d.<\/p>\n<p>Brassilla tarkoitetaan brasilialaista karvanpoistoa joko vahauksen tai sokeroinnin avulla, jossa genitaali- ja pakaravaon alueelta poistetaan kaikki karvat.<\/p>\n<p>Sosiaalisessa mediassa ollaan huolissaan my\u00f6s videoiden kommentteihin ilmestyvist\u00e4 lapsia seksualisoivista viesteist\u00e4.<\/p>\n<p>Er\u00e4\u00e4ss\u00e4 videossa teinipojalla oli kaulassa imuj\u00e4lki\u00e4, ja videolla hehkutettiin, miten \u201dt\u00e4n \u00e4ij\u00e4n muija on niin fiksu, et se merkkas t\u00e4n\u201d. Kommenttiosiossa 32-vuotias mies kertoo, ett\u00e4 olisi itsekin merkannut pojan.<\/p>\n<p>Lue my\u00f6s: <a href=\"https:\/\/www.voice.fi\/hullu-maailma\/a-154913\" title=\"Mies puhdistaa ihmisten silmi\u00e4 partaveitsell\u00e4 \u2013 video ei herkimmille\" class=\"underline-custom !font-montserrat !font-bold !underline-offset-4 !decoration-4 !decoration-tilt-light !text-md\" rel=\"nofollow noopener\" target=\"_blank\">Mies puhdistaa ihmisten silmi\u00e4 partaveitsell\u00e4 \u2013 video ei herkimmille<\/a><\/p>\n<p>Lue my\u00f6s: <a href=\"https:\/\/www.voice.fi\/hullu-maailma\/a-145923\" title=\"Keskiajalla kannatti pel\u00e4t\u00e4 ennemmin parturia kuin hammasl\u00e4\u00e4k\u00e4ri\u00e4!\" class=\"underline-custom !font-montserrat !font-bold !underline-offset-4 !decoration-4 !decoration-tilt-light !text-md\" rel=\"nofollow noopener\" target=\"_blank\">Keskiajalla kannatti pel\u00e4t\u00e4 ennemmin parturia kuin hammasl\u00e4\u00e4k\u00e4ri\u00e4!<\/a><\/p>\n<p>Asiasta puhutaan useissa keskusteluryhmiss\u00e4. Kommentoijat kertovat livevideoilta l\u00f6ytyv\u00e4n kyseenalaista sis\u00e4lt\u00f6\u00e4, muun muassa puhetta alaik\u00e4isten asiakkaiden \u201d\u00e4itien nussimisesta\u201d, nuuskan ja tupakan myymist\u00e4 alaik\u00e4isille ja asiakkaiden kuvaamista luvatta.<\/p>\n<p>Monet puhuvat my\u00f6s asiakkaiden n\u00f6yryytt\u00e4misest\u00e4, esimerkiksi tummaihoista poikaa on kommentoijan mukaan kutsuttu n-sanalla ja kantasuomalaisista puhuttu t\u00f6rke\u00e4\u00e4n s\u00e4vyyn.<\/p>\n","protected":false},"excerpt":{"rendered":"Teini-ik\u00e4isten poikien suosiossa oleva turkulainen King Barber-parturiliike on her\u00e4tt\u00e4nyt runsaasti keskustelua eri sosiaalisen median keskusteluryhmiss\u00e4. Kohina koskee liikkeen&hellip;\n","protected":false},"author":2,"featured_media":116325,"comment_status":"","ping_status":"","sticky":false,"template":"","format":"standard","meta":{"footnotes":""},"categories":[12],"tags":[22,23,26,27,33,31,30,17,6033,21242,24,25,28,29,15,18,21,7675,32,7756,19,20,16],"class_list":{"0":"post-116324","1":"post","2":"type-post","3":"status-publish","4":"format-standard","5":"has-post-thumbnail","7":"category-suomi","8":"tag-breaking-news","9":"tag-breakingnews","10":"tag-featured-news","11":"tag-featurednews","12":"tag-fi","13":"tag-finland","14":"tag-finnish","15":"tag-headlines","16":"tag-huoli","17":"tag-kyseenalainen-ku00e4yttu00e4ytyminen","18":"tag-latest-news","19":"tag-latestnews","20":"tag-main-news","21":"tag-mainnews","22":"tag-news","23":"tag-otsikot","24":"tag-paauutiset","25":"tag-parturi","26":"tag-suomi","27":"tag-teinit","28":"tag-top-stories","29":"tag-topstories","30":"tag-uutiset"},"share_on_mastodon":{"url":"https:\/\/pubeurope.com\/@fi\/115719135893050640","error":""},"_links":{"self":[{"href":"https:\/\/www.europesays.com\/fi\/wp-json\/wp\/v2\/posts\/116324","targetHints":{"allow":["GET"]}}],"collection":[{"href":"https:\/\/www.europesays.com\/fi\/wp-json\/wp\/v2\/posts"}],"about":[{"href":"https:\/\/www.europesays.com\/fi\/wp-json\/wp\/v2\/types\/post"}],"author":[{"embeddable":true,"href":"https:\/\/www.europesays.com\/fi\/wp-json\/wp\/v2\/users\/2"}],"replies":[{"embeddable":true,"href":"https:\/\/www.europesays.com\/fi\/wp-json\/wp\/v2\/comments?post=116324"}],"version-history":[{"count":0,"href":"https:\/\/www.europesays.com\/fi\/wp-json\/wp\/v2\/posts\/116324\/revisions"}],"wp:featuredmedia":[{"embeddable":true,"href":"https:\/\/www.europesays.com\/fi\/wp-json\/wp\/v2\/media\/116325"}],"wp:attachment":[{"href":"https:\/\/www.europesays.com\/fi\/wp-json\/wp\/v2\/media?parent=116324"}],"wp:term":[{"taxonomy":"category","embeddable":true,"href":"https:\/\/www.europesays.com\/fi\/wp-json\/wp\/v2\/categories?post=116324"},{"taxonomy":"post_tag","embeddable":true,"href":"https:\/\/www.europesays.com\/fi\/wp-json\/wp\/v2\/tags?post=116324"}],"curies":[{"name":"wp","href":"https:\/\/api.w.org\/{rel}","templated":true}]}}