{"id":116328,"date":"2025-12-14T17:49:11","date_gmt":"2025-12-14T17:49:11","guid":{"rendered":"https:\/\/www.europesays.com\/fi\/116328\/"},"modified":"2025-12-14T17:49:11","modified_gmt":"2025-12-14T17:49:11","slug":"meiju-suvas-avautuu-ulkonokopaineista-ja-laihduttamisesta","status":"publish","type":"post","link":"https:\/\/www.europesays.com\/fi\/116328\/","title":{"rendered":"Meiju Suvas avautuu ulkon\u00f6k\u00f6paineista ja laihduttamisesta"},"content":{"rendered":"<p>            MATTI MATIKAINEN\n        <\/p>\n<p class=\"subtitle \">Iskelm\u00e4t\u00e4hti teki kovan linjauksen painostaan.<\/p>\n<p class=\"article-content article-content-width !bg-background\">Suomalaisten<br \/>\nsuosikkiesiintyj\u00e4  l\u00e4hti kannustamaan burleskit\u00e4hti\u00e4 omalla<br \/>\npanoksellaan Helsingin Apollon Eritt\u00e4in salainen -burleski-iltaan.\u00a0<\/p>\n<p class=\"article-content article-content-width !bg-background\">Syykin oli<br \/>\nselv\u00e4: Meiju on ihastunut taiteenlajiin, jossa esiintyj\u00e4t nousevat lavalle<br \/>\nylpein\u00e4 ik\u00e4\u00e4n, kokoon ja painoon katsomatta. Illassa n\u00e4htiin rohkeita ja<br \/>\ntaiteellisia musiikin h\u00f6yst\u00e4mi\u00e4 esityksi\u00e4 niin opiskelijoilta kuin pitk\u00e4n<br \/>\nlinjan ammattilaisilta.<\/p>\n<p>                <img decoding=\"async\" src=\"https:\/\/www.europesays.com\/fi\/wp-content\/uploads\/2025\/12\/2006246.webp\" width=\"576\" height=\"322\" alt=\"Meiju on laihduttanut huomattavasti l\u00e4\u00e4kkeen avulla, mutta pointtina on laihuuden sijaan jaksaminen ja terveys.\" loading=\"lazy\" \/>            <\/p>\n<p>\n            Meiju on laihduttanut huomattavasti l\u00e4\u00e4kkeen avulla, mutta pointtina on laihuuden sijaan jaksaminen ja terveys.<br \/>\n            Matti Matikainen\n        <\/p>\n<p class=\"article-content article-content-width !bg-background\">Ik\u00e4 on<br \/>\ntuonut armollisuutta my\u00f6s iskelm\u00e4t\u00e4hdelle itselleen, joka my\u00f6nt\u00e4\u00e4 sortuvansa<br \/>\nkriittisyyteen itsens\u00e4 suhteen niin ulkomuodossa kuin monessa muussakin<br \/>\nasiassa. Onneksi ik\u00e4 on tuonut armollisuutta.<\/p>\n<p>                <img decoding=\"async\" src=\"https:\/\/www.europesays.com\/fi\/wp-content\/uploads\/2025\/12\/2006244.webp\" width=\"576\" height=\"720\" alt=\"Meiju pukeutui illan teemaan sopivasti reippaan n\u00e4ytt\u00e4v\u00e4sti.\" loading=\"lazy\" \/>            <\/p>\n<p>\n            Meiju pukeutui illan teemaan sopivasti reippaan n\u00e4ytt\u00e4v\u00e4sti.<br \/>\n            Matti Matikainen\n        <\/p>\n<p class=\"article-content article-content-width !bg-background\">\u2013 Minusta<br \/>\nei koskaan tule laihaa, eik\u00e4 tarvitsekaan, Meiju t\u00e4r\u00e4ytt\u00e4\u00e4.<\/p>\n<p class=\"article-content article-content-width !bg-background\">Meijua<br \/>\nl\u00e4mmitt\u00e4\u00e4 burleskitaide oodina naiseudelle ja miksei miehisyydellekin. Meiju<br \/>\nottaa mielell\u00e4\u00e4n my\u00f6s omiin esityskokonaisuuksiinsa mukaan burleskielementtej\u00e4,<br \/>\nvaikka itse pit\u00e4\u00e4kin vaatteet p\u00e4\u00e4ll\u00e4. Burleskissa on yleens\u00e4 mukana paljasta<br \/>\npintaa muodossa tai toisessa.<\/p>\n<p>        <a itemprop=\"url\" href=\"https:\/\/www.seiska.fi\/kotimaa\/meiju-suvas-jarkyttavassa-tilanteessa-ihan-shokissa\/1626584\" rel=\"nofollow noopener\" target=\"_blank\"><\/p>\n<p>\n&#8221;Ihan shokissa&#8221;\n<\/p>\n<p class=\"section-date\">\n        <strong class=\"article-section\" data-section=\"kotimaa\"><br \/>\n            kotimaa<br \/>\n        <\/strong><br \/>\n        27.2. 12:27\n    <\/p>\n<p>Meiju Suvas j\u00e4rkytt\u00e4v\u00e4ss\u00e4 tilanteessa \u2013 &#8221;Ihan shokissa&#8221;\n    <\/p>\n<p itemprop=\"description\" class=\"subtitle \">\n    Meiju sai pelottavan viestin keikkamatkalta palatessaan.\n<\/p>\n<p>        <\/a><\/p>\n<p class=\"article-content article-content-width !bg-background\">\u2013\u00a0Jos<br \/>\nkaikki n\u00e4ytt\u00e4isiv\u00e4t samalta, eih\u00e4n siin\u00e4 olisi mit\u00e4\u00e4n j\u00e4rke\u00e4. Varsinkin t\u00e4ss\u00e4<br \/>\najassa on hyv\u00e4 muistaa erilaisuuden t\u00e4rkeys ja kauneus. Jokainen on hyv\u00e4<br \/>\nsellaisena kuin on, Meiju muistuttaa.<\/p>\n<p>                <img decoding=\"async\" src=\"https:\/\/www.europesays.com\/fi\/wp-content\/uploads\/2025\/12\/2006248.webp\" width=\"576\" height=\"322\" alt=\"Meiju on jo aiemmin lainannut burleskielementtej\u00e4 omaan lavashow\u00b4hunsa.\" loading=\"lazy\" \/>            <\/p>\n<p>\n            Meiju on jo aiemmin lainannut burleskielementtej\u00e4 omaan lavashow\u00b4hunsa.<br \/>\n            Matti Matikainen\n        <\/p>\n<p class=\"article-content article-content-width !bg-background\">Burleskitaide<br \/>\nsaa my\u00f6s miettim\u00e4\u00e4n omaa nuoruutta ja sen tuomia paineita. Vuosikymmenet<br \/>\njulkisuudessa ja esiintymislavoilla ovat sis\u00e4lt\u00e4neet my\u00f6s kovaa kipuilua.<\/p>\n<p>                <img decoding=\"async\" src=\"https:\/\/www.europesays.com\/fi\/wp-content\/uploads\/2025\/12\/2006250.webp\" width=\"576\" height=\"322\" alt=\"Meijun lavashow\u00b4hun sopii riitt\u00e4v\u00e4 m\u00e4\u00e4r\u00e4 kimalletta ja v\u00e4ri\u00e4.\" loading=\"lazy\" \/>            <\/p>\n<p>\n            Meijun lavashow\u00b4hun sopii riitt\u00e4v\u00e4 m\u00e4\u00e4r\u00e4 kimalletta ja v\u00e4ri\u00e4.<br \/>\n            Matti Matikainen\n        <\/p>\n<p class=\"article-content article-content-width !bg-background\">\u2013 Nyt<br \/>\nkun katson taaksep\u00e4in, mietin ett\u00e4 miten sit\u00e4 olenkin n\u00e4hnyt itseni niin<br \/>\nv\u00e4\u00e4rin! Nuoruudessani my\u00f6sk\u00e4\u00e4n vanhemmat eiv\u00e4t osanneet kannustaa ja kehua. Se<br \/>\non asia joka tulee t\u00e4ss\u00e4 ajassa korjata, eik\u00e4 siirt\u00e4\u00e4 ik\u00e4v\u00e4\u00e4 k\u00e4yt\u00f6smallia seuraavalle polvelle.<\/p>\n<p>        <a itemprop=\"url\" href=\"https:\/\/www.seiska.fi\/kotimaa\/oho-meiju-suvas-ja-miesjulkkis-hammastyivat-lidlissa-kuva\/1947327\" rel=\"nofollow noopener\" target=\"_blank\"><\/p>\n<p>\nMeiju ja miesjulkkis\n<\/p>\n<p class=\"section-date\">\n        <strong class=\"article-section\" data-section=\"kotimaa\"><br \/>\n            kotimaa<br \/>\n        <\/strong><br \/>\n        1.10. 16:30\n    <\/p>\n<p>Oho! Meiju Suvas ja miesjulkkis h\u00e4mm\u00e4styiv\u00e4t Lidliss\u00e4 \u2013 kuva!\n    <\/p>\n<p itemprop=\"description\" class=\"subtitle \">\n    Meiju Suvas t\u00f6rm\u00e4si yll\u00e4tt\u00e4v\u00e4\u00e4n kaveriin ruokakaupassa.\n<\/p>\n<p>        <\/a><\/p>\n<p>                <img decoding=\"async\" src=\"https:\/\/www.europesays.com\/fi\/wp-content\/uploads\/2025\/12\/2006264.webp\" width=\"576\" height=\"322\" alt=\"Illan kulkua johdattelivat Minna Kivel\u00e4n ja Ria Katajan kiroilevat mummot Tuula ja Pirkko. -Kyll\u00e4h\u00e4n se uskomattomalta tuntuu, mutta teemme satuja jotka naurattavat itse\u00e4kin, Minna totesi yli 500 000 myydyst\u00e4 Hulluja satuja -kirjasarjan teoksesta, jotka on toteutettu Paula Norosen kanssa.\" loading=\"lazy\" \/>            <\/p>\n<p>\n            Illan kulkua johdattelivat Minna Kivel\u00e4n ja Ria Katajan kiroilevat mummot Tuula ja Pirkko. -Kyll\u00e4h\u00e4n se uskomattomalta tuntuu, mutta teemme satuja jotka naurattavat itse\u00e4kin, Minna totesi yli 500 000 myydyst\u00e4 Hulluja satuja -kirjasarjan teoksesta, jotka on toteutettu Paula Norosen kanssa.<br \/>\n            Matti Matikainen\n        <\/p>\n<p>                <img decoding=\"async\" src=\"https:\/\/www.europesays.com\/fi\/wp-content\/uploads\/2025\/12\/2006262.webp\" width=\"576\" height=\"720\" alt=\"Mervi H\u00e4m\u00e4l\u00e4inen eli Melody Magical lukeutui tapahtuman puuhanaisiin. - Usein burleskissa k\u00e4y niin, ett\u00e4 ensin ihmisill\u00e4 on kova ty\u00f6 hyv\u00e4ksy\u00e4 oma itsens\u00e4 ja sen j\u00e4lkeen he saattavat rakastua itseens\u00e4, Mervi summasi.\" loading=\"lazy\" \/>            <\/p>\n<p>\n            Mervi H\u00e4m\u00e4l\u00e4inen eli Melody Magical lukeutui tapahtuman puuhanaisiin. &#8211; Usein burleskissa k\u00e4y niin, ett\u00e4 ensin ihmisill\u00e4 on kova ty\u00f6 hyv\u00e4ksy\u00e4 oma itsens\u00e4 ja sen j\u00e4lkeen he saattavat rakastua itseens\u00e4, Mervi summasi.<br \/>\n            Matti Matikainen\n        <\/p>\n<p>                <img decoding=\"async\" src=\"https:\/\/www.europesays.com\/fi\/wp-content\/uploads\/2025\/12\/2006258.webp\" width=\"576\" height=\"720\" alt=\"Teuvo Loman h\u00e4\u00e4ri lavalla James Bondin roolissa.\" loading=\"lazy\" \/>            <\/p>\n<p>\n            Teuvo Loman h\u00e4\u00e4ri lavalla James Bondin roolissa.<br \/>\n            Matti Matikainen\n        <\/p>\n<p>                <img decoding=\"async\" src=\"https:\/\/www.europesays.com\/fi\/wp-content\/uploads\/2025\/12\/2006252.webp\" width=\"576\" height=\"322\" alt=\"Meiju esitti Junon kanssa kaksikon yhteiskappaleen Hiillos. - Pit\u00e4\u00e4 seuraavaksi pyyt\u00e4\u00e4 Meiju fiittaamaan omalle kappaleelle, Juno suunnitteli.\" loading=\"lazy\" \/>            <\/p>\n<p>\n            Meiju esitti Junon kanssa kaksikon yhteiskappaleen Hiillos. &#8211; Pit\u00e4\u00e4 seuraavaksi pyyt\u00e4\u00e4 Meiju fiittaamaan omalle kappaleelle, Juno suunnitteli.<br \/>\n            Matti Matikainen\n        <\/p>\n<p>        <a itemprop=\"url\" href=\"https:\/\/www.seiska.fi\/kotimaa\/meiju-suvaksen-koskettava-hetki-haudalla\/1697220\" rel=\"nofollow noopener\" target=\"_blank\"><\/p>\n<p>\nMeiju Suvas\n<\/p>\n<p class=\"section-date\">\n        <strong class=\"article-section\" data-section=\"kotimaa\"><br \/>\n            kotimaa<br \/>\n        <\/strong><br \/>\n        11.5. 12:00\n    <\/p>\n<p>Meiju Suvaksen koskettava hetki haudalla\n    <\/p>\n<p itemprop=\"description\" class=\"subtitle \">\n    Meiju Suvas viett\u00e4\u00e4 toista \u00e4itienp\u00e4iv\u00e4\u00e4 ilman omaa \u00e4iti\u00e4\u00e4n.\n<\/p>\n<p>        <\/a><\/p>\n","protected":false},"excerpt":{"rendered":"MATTI MATIKAINEN Iskelm\u00e4t\u00e4hti teki kovan linjauksen painostaan. Suomalaisten suosikkiesiintyj\u00e4 l\u00e4hti kannustamaan burleskit\u00e4hti\u00e4 omalla panoksellaan Helsingin Apollon Eritt\u00e4in salainen&hellip;\n","protected":false},"author":2,"featured_media":116329,"comment_status":"","ping_status":"","sticky":false,"template":"","format":"standard","meta":{"footnotes":""},"categories":[136],"tags":[407,137,33,31,30,408,12909,212,7523,32,6457,109],"class_list":{"0":"post-116328","1":"post","2":"type-post","3":"status-publish","4":"format-standard","5":"has-post-thumbnail","7":"category-julkkikset","8":"tag-celebrities","9":"tag-entertainment","10":"tag-fi","11":"tag-finland","12":"tag-finnish","13":"tag-julkkikset","14":"tag-laihduttaminen","15":"tag-lifestyle","16":"tag-meiju-suvas","17":"tag-suomi","18":"tag-ulkonakopaineet","19":"tag-viihde"},"share_on_mastodon":{"url":"https:\/\/pubeurope.com\/@fi\/115719187291726881","error":""},"_links":{"self":[{"href":"https:\/\/www.europesays.com\/fi\/wp-json\/wp\/v2\/posts\/116328","targetHints":{"allow":["GET"]}}],"collection":[{"href":"https:\/\/www.europesays.com\/fi\/wp-json\/wp\/v2\/posts"}],"about":[{"href":"https:\/\/www.europesays.com\/fi\/wp-json\/wp\/v2\/types\/post"}],"author":[{"embeddable":true,"href":"https:\/\/www.europesays.com\/fi\/wp-json\/wp\/v2\/users\/2"}],"replies":[{"embeddable":true,"href":"https:\/\/www.europesays.com\/fi\/wp-json\/wp\/v2\/comments?post=116328"}],"version-history":[{"count":0,"href":"https:\/\/www.europesays.com\/fi\/wp-json\/wp\/v2\/posts\/116328\/revisions"}],"wp:featuredmedia":[{"embeddable":true,"href":"https:\/\/www.europesays.com\/fi\/wp-json\/wp\/v2\/media\/116329"}],"wp:attachment":[{"href":"https:\/\/www.europesays.com\/fi\/wp-json\/wp\/v2\/media?parent=116328"}],"wp:term":[{"taxonomy":"category","embeddable":true,"href":"https:\/\/www.europesays.com\/fi\/wp-json\/wp\/v2\/categories?post=116328"},{"taxonomy":"post_tag","embeddable":true,"href":"https:\/\/www.europesays.com\/fi\/wp-json\/wp\/v2\/tags?post=116328"}],"curies":[{"name":"wp","href":"https:\/\/api.w.org\/{rel}","templated":true}]}}