{"id":116330,"date":"2025-12-14T17:56:10","date_gmt":"2025-12-14T17:56:10","guid":{"rendered":"https:\/\/www.europesays.com\/fi\/116330\/"},"modified":"2025-12-14T17:56:10","modified_gmt":"2025-12-14T17:56:10","slug":"leijonat-valtti-jumbosijan-sveitsin-eht-turnauksessa","status":"publish","type":"post","link":"https:\/\/www.europesays.com\/fi\/116330\/","title":{"rendered":"Leijonat v\u00e4ltti jumbosijan Sveitsin EHT-turnauksessa"},"content":{"rendered":"<p>Leijonat vei Sveitsin EHT-turnauksen jumbokamppailun.<\/p>\n<p>Sveitsi-Suomi 3\u20134 ja. (1\u20132, 1\u20131, 1\u20130, 0\u20131)<\/p>\n<p class=\"article-body mb-nof-24 px-nof-16\">Leijonat p\u00e4\u00e4tti Sveitsin EHT-turnauksen pieneen ryhtiliikkeeseen, kun se kaatoi sunnuntaina turnauksen p\u00e4\u00e4t\u00f6sottelussa Sveitsin Z\u00fcrichiss\u00e4.<\/p>\n<p class=\"article-body mb-nof-24 px-nof-16\">Trillerin sankariksi nousi <a class=\"article-personlink\" href=\"https:\/\/www.is.fi\/haku\/?query=Jesse%20Puljuj%C3%A4rvi\" rel=\"nofollow noopener\" target=\"_blank\">Jesse Puljuj\u00e4rvi<\/a> (2+0), joka iski v\u00e4kev\u00e4ll\u00e4 tyylill\u00e4 4\u20133-voittomaalin jatkoajalla.<\/p>\n<p class=\"article-body mb-nof-24 px-nof-16\">Leijonat oli h\u00e4vinnyt turnauksen kaksi aiempaa otteluaan. P\u00e4\u00e4t\u00f6sottelun voitolla Leijonat sijoittui turnauksen kolmanneksi ja j\u00e4tti Sveitsin jumboksi.<\/p>\n<p class=\"article-body mb-nof-24 px-nof-16\">Leijonien toinen hahmo oli maalivahti <a class=\"article-personlink\" href=\"https:\/\/www.is.fi\/haku\/?query=Emil%20Larmi\" rel=\"nofollow noopener\" target=\"_blank\">Emil Larmi<\/a>, joka piti joukkuettaan pystyss\u00e4 etenkin p\u00e4\u00e4t\u00f6ser\u00e4n puolustustaistelussa.<\/p>\n<p class=\"article-body mb-nof-24 px-nof-16\">Voitolla <a class=\"article-personlink\" href=\"https:\/\/www.is.fi\/haku\/?query=Antti%20Pennasen\" rel=\"nofollow noopener\" target=\"_blank\">Antti Pennasen<\/a> luotsaama Leijonat kohenteli hieman ankeaa saldoaan t\u00e4m\u00e4n kauden maajoukkuemittel\u00f6iss\u00e4.<\/p>\n<p class=\"article-body mb-nof-24 px-nof-16\">Leijonat oli ennen sunnuntaita h\u00e4vinnyt kauden viidest\u00e4 EHT-ottelustaan nelj\u00e4. Maaliero n\u00e4iss\u00e4 otteluissa oli 10\u201316.<\/p>\n<p class=\"article-body mb-nof-24 px-nof-16\">Nyt siis saldo on kaksi voittoa kuudesta ottelusta maalierolla 14\u201319.<\/p>\n<p class=\"article-body mb-nof-24 px-nof-16\">Leijonat tuli luukuista ulos r\u00e4v\u00e4k\u00e4sti ja vei peli\u00e4. Vahva alku toi my\u00f6s tulosta.<\/p>\n<p class=\"article-body mb-nof-24 px-nof-16\">Puljuj\u00e4rvi avasi maalihanat nelj\u00e4n minuutin j\u00e4lkeen, kun h\u00e4n ohjasi <a class=\"article-personlink\" href=\"https:\/\/www.is.fi\/haku\/?query=Henrik%20Borgstr%C3%B6min\" rel=\"nofollow noopener\" target=\"_blank\">Henrik Borgstr\u00f6min<\/a> laukauksen sis\u00e4\u00e4n.<\/p>\n<p class=\"article-body mb-nof-24 px-nof-16\">Osuma oli Puljuj\u00e4rvelle t\u00e4m\u00e4n kauden ensimm\u00e4inen leijonapaidassa. Geneve-Servetten 27-vuotias t\u00e4htihy\u00f6kk\u00e4\u00e4j\u00e4 oli ker\u00e4nnyt kauden viidess\u00e4 edellisess\u00e4 EHT-ottelussa kaksi sy\u00f6tt\u00f6pistett\u00e4.<\/p>\n<p class=\"article-body mb-nof-24 px-nof-16\">Erikoistilanteet n\u00e4ytteliv\u00e4t suurta roolia sunnuntain ottelussa. Seitsem\u00e4st\u00e4 maalista nelj\u00e4 tehtiin ylivoimalla.<\/p>\n<p class=\"article-body mb-nof-24 px-nof-16\">Leijonien vahva alku vesittyi ensimm\u00e4iseen j\u00e4\u00e4hyyn. <a class=\"article-personlink\" href=\"https:\/\/www.is.fi\/haku\/?query=Jere%20Sallisen\" rel=\"nofollow noopener\" target=\"_blank\">Jere Sallisen<\/a> pikkukakkonen kyyn\u00e4rp\u00e4\u00e4taklauksesta kostautui, kun Sveitsin maestro <a class=\"article-personlink\" href=\"https:\/\/www.is.fi\/haku\/?query=Sven%20Andrighetto\" rel=\"nofollow noopener\" target=\"_blank\">Sven Andrighetto<\/a> latasi ylivoimakuvion p\u00e4\u00e4tteeksi 1\u20131-tasoituksen.<\/p>\n<p><img decoding=\"async\" src=\"https:\/\/www.europesays.com\/fi\/wp-content\/uploads\/2025\/12\/1765734970_831_468.jpg\" alt=\"Leijonien ykk\u00f6svahti Emil Larmi oli voimaton Sven Andrighetton 1\u20131-tasoituksessa.\" class=\"_Img_1rerz_1\" style=\"aspect-ratio:1.5011727912431587\" loading=\"eager\"\/><\/p>\n<p class=\"article-picture-caption\">Leijonien ykk\u00f6svahti Emil Larmi oli voimaton Sven Andrighetton 1\u20131-tasoituksessa. Kuva:\u00a0ANDREAS BECKER<\/p>\n<p class=\"article-body mb-nof-24 px-nof-16\">Leijonien ylivoimapeli asettui uomiinsa vasta avauser\u00e4n lopulla. Ajoittain pahoissa vaikeuksissa omissa ollut Sveitsi sortui j\u00e4\u00e4hyihin ja Leijonat p\u00e4\u00e4si jauhamaan kahdesti per\u00e4kk\u00e4in ylivoimalla.<\/p>\n<p class=\"article-body mb-nof-24 px-nof-16\">J\u00e4lkimm\u00e4inen ylivoima tuotti tulosta, kun <a class=\"article-personlink\" href=\"https:\/\/www.is.fi\/haku\/?query=Markus%20Nurmi\" rel=\"nofollow noopener\" target=\"_blank\">Markus Nurmi<\/a> ohjasi Leijonat 2\u20131-johtoon. Sy\u00f6tt\u00f6pisteet <a class=\"article-personlink\" href=\"https:\/\/www.is.fi\/haku\/?query=Julius%20N%C3%A4ttiselle\" rel=\"nofollow noopener\" target=\"_blank\">Julius N\u00e4ttiselle<\/a> ja <a class=\"article-personlink\" href=\"https:\/\/www.is.fi\/haku\/?query=Vili%20Saarij%C3%A4rvelle\" rel=\"nofollow noopener\" target=\"_blank\">Vili Saarij\u00e4rvelle<\/a>.<\/p>\n<p class=\"article-body mb-nof-24 px-nof-16\">Toisessa er\u00e4ss\u00e4 l\u00e4mp\u00f6 alkoi nousta uusiin sf\u00e4\u00e4reihin, kun Sveitsin konkarihy\u00f6kk\u00e4\u00e4j\u00e4 <a class=\"article-personlink\" href=\"https:\/\/www.is.fi\/haku\/?query=Gregory%20Hofmann\" rel=\"nofollow noopener\" target=\"_blank\">Gregory Hofmann<\/a> t\u00f6rtt\u00f6ili suihkukomennuksen. Tilanne kuumensi tunteita.<\/p>\n<p class=\"article-body mb-nof-24 px-nof-16\">Hofmann l\u00f6i poikittaisella mailalla vihellyksen j\u00e4lkeen maalinedush\u00e4ss\u00e4k\u00e4ss\u00e4 Leijonien kapteenia <a class=\"article-personlink\" href=\"https:\/\/www.is.fi\/haku\/?query=Mikko%20Lehtosta\" rel=\"nofollow noopener\" target=\"_blank\">Mikko Lehtosta<\/a> naamaan.<\/p>\n<p class=\"article-body mb-nof-24 px-nof-16\">Lehtonen sai vekin leukaperiins\u00e4 ja poistui pukukopin puolelle paikattavaksi, mutta palasi nopeasti kehiin.<\/p>\n<p class=\"article-body mb-nof-24 px-nof-16\">Leijonat rokotti heti seuranneesta viiden minuutin ylivoimasta. Puolustaja <a class=\"article-personlink\" href=\"https:\/\/www.is.fi\/haku\/?query=Sami%20Niku\" rel=\"nofollow noopener\" target=\"_blank\">Sami Niku<\/a> laukoi tarkalla kudilla Leijonat 3\u20131-johtoon ajassa 26.40.<\/p>\n<p><img decoding=\"async\" src=\"https:\/\/www.europesays.com\/fi\/wp-content\/uploads\/2025\/12\/1765734970_343_468.jpg\" alt=\"Sami Nikun piiska puhui.\" class=\"_Img_1rerz_1\" style=\"aspect-ratio:1.5\" loading=\"eager\"\/><\/p>\n<p class=\"article-picture-caption\">Sami Nikun piiska puhui. Kuva:\u00a0ANDREAS BECKER<\/p>\n<p class=\"article-body mb-nof-24 px-nof-16\">Sveitsi sai lis\u00e4\u00e4 happea aivan toisen er\u00e4n lopulla, kun <a class=\"article-personlink\" href=\"https:\/\/www.is.fi\/haku\/?query=Dario%20Simion\" rel=\"nofollow noopener\" target=\"_blank\">Dario Simion<\/a> ohjasi ylivoimalla 2\u20133-kavennuksen seitsem\u00e4n sekuntia ennen er\u00e4taukoa.<\/p>\n<p class=\"article-body mb-nof-24 px-nof-16\">Kolmannesta er\u00e4 tuli vaikea Leijonille. Sveitsi otti vahvemmin komentoa ja sai vy\u00f6rytetty\u00e4 painetta hy\u00f6kk\u00e4ysp\u00e4\u00e4tyyn.<\/p>\n<p class=\"article-body mb-nof-24 px-nof-16\">Larmi, 29, otti tukun t\u00e4rkeit\u00e4 torjuntoja, mutta <a class=\"article-personlink\" href=\"https:\/\/www.is.fi\/haku\/?query=Gaetan%20Haasin\" rel=\"nofollow noopener\" target=\"_blank\">Gaetan Haasin<\/a> 3\u20133-tasoituksen suomalaisvahti haluaisi takaisin. Haasin laukaus upposi Larmin taakse reilut kaksi minuuttia ennen varsinaisen peliajan loppua ja ratkaisu venyi jatkoille.<\/p>\n<p class=\"article-body mb-nof-24 px-nof-16\">Leijonien rivit harvenivat sunnuntain p\u00e4\u00e4t\u00f6sottelussa.<\/p>\n<p class=\"article-body mb-nof-24 px-nof-16\">Ykk\u00f6ssentteriksi noussut <a class=\"article-personlink\" href=\"https:\/\/www.is.fi\/haku\/?query=Arttu%20Ruotsalainen\" rel=\"nofollow noopener\" target=\"_blank\">Arttu Ruotsalainen<\/a> ei pystynyt pelaamaan en\u00e4\u00e4 toisen er\u00e4n j\u00e4lkeen.<\/p>\n<p class=\"article-body mb-nof-24 px-nof-16\">Lauantain ottelun Ruotsia vastaan kesken j\u00e4tt\u00e4neet ykk\u00f6ssentteri <a class=\"article-personlink\" href=\"https:\/\/www.is.fi\/haku\/?query=Sakari%20Manninen\" rel=\"nofollow noopener\" target=\"_blank\">Sakari Manninen<\/a> ja puolustaja <a class=\"article-personlink\" href=\"https:\/\/www.is.fi\/haku\/?query=Santeri%20Hatakka\" rel=\"nofollow noopener\" target=\"_blank\">Santeri Hatakka<\/a> eiv\u00e4t pelanneet ollenkaan Sveitsi\u00e4 vastaan.<\/p>\n<p class=\"article-body mb-nof-24 px-nof-16\">Sveitsin EHT-turnaus oli viimeinen maajoukkuetapahtuma ennen helmikuun Milanon olympialaisia.<\/p>\n<p class=\"article-body mb-nof-24 px-nof-16\">Olympiaturnauksessa n\u00e4hd\u00e4\u00e4n NHL-t\u00e4hdet 12 vuoden tauon j\u00e4lkeen \u2013 jos Milanon olympia-areena valmistuu ajallaan.<\/p>\n<p class=\"article-body mb-nof-24 px-nof-16\">Olympialaisten takia Tshekin ja Ruotsin EHT-turnaukset pelataan per\u00e4kk\u00e4in kev\u00e4\u00e4ll\u00e4. Tshekin-turnaus pelataan 30.4.\u20133.5. ja Ruotsin-turnaus heti per\u00e4\u00e4n 7.\u201310. toukokuuta.<\/p>\n<p class=\"article-body mb-nof-24 px-nof-16\">J\u00e4\u00e4kiekon MM-kisat pelataan ensi kev\u00e4\u00e4n\u00e4 Sveitsin Z\u00fcrichiss\u00e4 ja Fribourgissa.<\/p>\n","protected":false},"excerpt":{"rendered":"Leijonat vei Sveitsin EHT-turnauksen jumbokamppailun. Sveitsi-Suomi 3\u20134 ja. (1\u20132, 1\u20131, 1\u20130, 0\u20131) Leijonat p\u00e4\u00e4tti Sveitsin EHT-turnauksen pieneen ryhtiliikkeeseen,&hellip;\n","protected":false},"author":2,"featured_media":116331,"comment_status":"","ping_status":"","sticky":false,"template":"","format":"standard","meta":{"footnotes":""},"categories":[158],"tags":[33,31,30,34,159,32,160],"class_list":{"0":"post-116330","1":"post","2":"type-post","3":"status-publish","4":"format-standard","5":"has-post-thumbnail","7":"category-urheilu","8":"tag-fi","9":"tag-finland","10":"tag-finnish","11":"tag-ilta-sanomat","12":"tag-sports","13":"tag-suomi","14":"tag-urheilu"},"share_on_mastodon":{"url":"https:\/\/pubeurope.com\/@fi\/115719214699408626","error":""},"_links":{"self":[{"href":"https:\/\/www.europesays.com\/fi\/wp-json\/wp\/v2\/posts\/116330","targetHints":{"allow":["GET"]}}],"collection":[{"href":"https:\/\/www.europesays.com\/fi\/wp-json\/wp\/v2\/posts"}],"about":[{"href":"https:\/\/www.europesays.com\/fi\/wp-json\/wp\/v2\/types\/post"}],"author":[{"embeddable":true,"href":"https:\/\/www.europesays.com\/fi\/wp-json\/wp\/v2\/users\/2"}],"replies":[{"embeddable":true,"href":"https:\/\/www.europesays.com\/fi\/wp-json\/wp\/v2\/comments?post=116330"}],"version-history":[{"count":0,"href":"https:\/\/www.europesays.com\/fi\/wp-json\/wp\/v2\/posts\/116330\/revisions"}],"wp:featuredmedia":[{"embeddable":true,"href":"https:\/\/www.europesays.com\/fi\/wp-json\/wp\/v2\/media\/116331"}],"wp:attachment":[{"href":"https:\/\/www.europesays.com\/fi\/wp-json\/wp\/v2\/media?parent=116330"}],"wp:term":[{"taxonomy":"category","embeddable":true,"href":"https:\/\/www.europesays.com\/fi\/wp-json\/wp\/v2\/categories?post=116330"},{"taxonomy":"post_tag","embeddable":true,"href":"https:\/\/www.europesays.com\/fi\/wp-json\/wp\/v2\/tags?post=116330"}],"curies":[{"name":"wp","href":"https:\/\/api.w.org\/{rel}","templated":true}]}}