{"id":116350,"date":"2025-12-14T18:26:14","date_gmt":"2025-12-14T18:26:14","guid":{"rendered":"https:\/\/www.europesays.com\/fi\/116350\/"},"modified":"2025-12-14T18:26:14","modified_gmt":"2025-12-14T18:26:14","slug":"kolmiodraama-tomi-tukalassa-tilanteessa-kohta-lahtee-taju","status":"publish","type":"post","link":"https:\/\/www.europesays.com\/fi\/116350\/","title":{"rendered":"Kolmiodraama-Tomi tukalassa tilanteessa: \u201cKohta l\u00e4htee taju!\u201d"},"content":{"rendered":"<p><strong class=\"typography-bold\">Kolmiodraama-sarjassa Tomi on heti tukalassa tilanteessa.\u00a0<\/strong><\/p>\n<p><a class=\"underline\" data-testid=\"internal-link\" role=\"link\" data-sentry-element=\"Link\" data-sentry-component=\"InternalLink\" data-sentry-source-file=\"InternalLink.tsx\" href=\"https:\/\/www.mtvuutiset.fi\/aihe\/kolmiodraama\/8882694\" rel=\"nofollow noopener\" target=\"_blank\">Kolmiodraaman<\/a> toinen kausi k\u00e4ynnistettiin viime viikolla, kun ensimm\u00e4iset rakkautta etsiv\u00e4t sinkut valitsivat deittikumppaninsa.\u00a0<\/p>\n<p>Kauden toisessa jaksossa kaksi seuraavaa sinkkua selvitt\u00e4\u00e4, kumpi kumppaniehdokkaista vaikuttaa sopivammalta tekstiviestien perusteella.\u00a0<\/p>\n<p>Toinen heist\u00e4 on <strong class=\"typography-bold\">Tomi. <\/strong>Tiedotteessa kerrotaan, ett\u00e4 Tomi etsii rinnalleen avointa ja luotettavaa naista. Ulkon\u00e4\u00f6llisesti h\u00e4nt\u00e4 vieh\u00e4tt\u00e4v\u00e4t urheilulliset ja s\u00f6p\u00f6t naiset.\u00a0<\/p>\n<p>Lue my\u00f6s: <a class=\"underline\" data-testid=\"internal-link\" role=\"link\" data-sentry-element=\"Link\" data-sentry-component=\"InternalLink\" data-sentry-source-file=\"InternalLink.tsx\" href=\"https:\/\/www.mtvuutiset.fi\/artikkeli\/karahdys-saikayttaa-vodcastissa-kolmiodraama-vilma-treffailee-tulisesti\/9258698\" rel=\"nofollow noopener\" target=\"_blank\">K\u00e4r\u00e4hdys s\u00e4ik\u00e4ytt\u00e4\u00e4 vodcastissa \u2013 Kolmiodraama-Vilma treffailee tulisesti<\/a><\/p>\n<p>H\u00e4n viestittelee jaksossa <strong class=\"typography-bold\">Tinnan<\/strong> ja <strong class=\"typography-bold\">Carolinan<\/strong> kanssa. Valinta naisten v\u00e4lill\u00e4 tuntuu mahdottomalta, sill\u00e4 molemmat heist\u00e4 tuntuvat sopivilta.\u00a0<\/p>\n","protected":false},"excerpt":{"rendered":"Kolmiodraama-sarjassa Tomi on heti tukalassa tilanteessa.\u00a0 Kolmiodraaman toinen kausi k\u00e4ynnistettiin viime viikolla, kun ensimm\u00e4iset rakkautta etsiv\u00e4t sinkut valitsivat&hellip;\n","protected":false},"author":2,"featured_media":116351,"comment_status":"","ping_status":"","sticky":false,"template":"","format":"standard","meta":{"footnotes":""},"categories":[76],"tags":[79,77,33,31,30,32,78],"class_list":{"0":"post-116350","1":"post","2":"type-post","3":"status-publish","4":"format-standard","5":"has-post-thumbnail","7":"category-talous","8":"tag-business","9":"tag-economy","10":"tag-fi","11":"tag-finland","12":"tag-finnish","13":"tag-suomi","14":"tag-talous"},"share_on_mastodon":{"url":"https:\/\/pubeurope.com\/@fi\/115719332527824585","error":""},"_links":{"self":[{"href":"https:\/\/www.europesays.com\/fi\/wp-json\/wp\/v2\/posts\/116350","targetHints":{"allow":["GET"]}}],"collection":[{"href":"https:\/\/www.europesays.com\/fi\/wp-json\/wp\/v2\/posts"}],"about":[{"href":"https:\/\/www.europesays.com\/fi\/wp-json\/wp\/v2\/types\/post"}],"author":[{"embeddable":true,"href":"https:\/\/www.europesays.com\/fi\/wp-json\/wp\/v2\/users\/2"}],"replies":[{"embeddable":true,"href":"https:\/\/www.europesays.com\/fi\/wp-json\/wp\/v2\/comments?post=116350"}],"version-history":[{"count":0,"href":"https:\/\/www.europesays.com\/fi\/wp-json\/wp\/v2\/posts\/116350\/revisions"}],"wp:featuredmedia":[{"embeddable":true,"href":"https:\/\/www.europesays.com\/fi\/wp-json\/wp\/v2\/media\/116351"}],"wp:attachment":[{"href":"https:\/\/www.europesays.com\/fi\/wp-json\/wp\/v2\/media?parent=116350"}],"wp:term":[{"taxonomy":"category","embeddable":true,"href":"https:\/\/www.europesays.com\/fi\/wp-json\/wp\/v2\/categories?post=116350"},{"taxonomy":"post_tag","embeddable":true,"href":"https:\/\/www.europesays.com\/fi\/wp-json\/wp\/v2\/tags?post=116350"}],"curies":[{"name":"wp","href":"https:\/\/api.w.org\/{rel}","templated":true}]}}