{"id":116360,"date":"2025-12-14T18:41:09","date_gmt":"2025-12-14T18:41:09","guid":{"rendered":"https:\/\/www.europesays.com\/fi\/116360\/"},"modified":"2025-12-14T18:41:09","modified_gmt":"2025-12-14T18:41:09","slug":"peter-greene-loytyi-kuolleena-verilammikosta-vieressa-nelisanainen-kirjoitus","status":"publish","type":"post","link":"https:\/\/www.europesays.com\/fi\/116360\/","title":{"rendered":"Peter Greene l\u00f6ytyi kuolleena verilammikosta \u2013 Vieress\u00e4 nelisanainen kirjoitus"},"content":{"rendered":"<p>Poliisi tutkii n\u00e4yttelij\u00e4 Peter Greenen kuolemaa. <\/p>\n<p><img decoding=\"async\" class=\"image image-show image-preview\" src=\"https:\/\/www.europesays.com\/fi\/wp-content\/uploads\/2025\/12\/16a4f172e1eaf0f25caf25ae9b7d7e7f0b85edb424251a3aa8d06910ba8efba2.jpg\" alt=\"\"\/><img decoding=\"async\" class=\"image image-show\" src=\"https:\/\/www.europesays.com\/fi\/wp-content\/uploads\/2025\/12\/1765632796_642_16a4f172e1eaf0f25caf25ae9b7d7e7f0b85edb424251a3aa8d06910ba8efba2.jpg\" alt=\"\"\/><\/p>\n<p>Peter Greenell\u00e4 oli uusia t\u00f6it\u00e4 sovittuna ensi vuodelle.  AOP<\/p>\n<p class=\"paragraph\">Erityisesti Pulp Fictionista tunnettu n\u00e4yttelij\u00e4 Peter Greene l\u00f6ytyi perjantai-iltap\u00e4iv\u00e4n\u00e4 kuolleena kodistaan New Yorkissa. H\u00e4n oli kuollessaan 60-vuotias.<\/p>\n<p class=\"paragraph\">Poliisi tutkii nyt n\u00e4yttelij\u00e4n kuolemaa. New York Daily Newsin mukaan n\u00e4yttelij\u00e4n asunnossa soitettiin perjantaina joulumusiikkia. Naapuri soitti poliisit paikalle, kun joulumusiikki oli soinut yht\u00e4jaksoisesti yli vuorokauden.<\/p>\n<p class=\"paragraph\">Naapuri seurasi poliiseja, kun n\u00e4m\u00e4 avasivat Greenen asunnon oven. N\u00e4ky oli j\u00e4rkytt\u00e4v\u00e4.<\/p>\n<p class=\"paragraph\">\u2013 Peter makasi lattialla p\u00e4\u00e4 lattiaa vasten. H\u00e4nell\u00e4 oli kasvovammoja ja verta oli kaikkialla, naapuri kertoi lehdelle.<\/p>\n<p class=\"paragraph\">Greenen vieress\u00e4 lattialla oli mystinen paperilappu. Siin\u00e4 luki \u201dI\u2019m a Westie (olen yh\u00e4 Westie).<\/p>\n<p class=\"paragraph\">Westie on irlantilais-yhdysvaltalaisen mafian nimi. Se oli aktiivinen New Yorkissa 70\u201380-luvulla.<\/p>\n<p class=\"paragraph\">Se oli jopa 100 murhan taustalla ja teki tiivist\u00e4 yhteisty\u00f6t\u00e4 Italian mafian kanssa.<\/p>\n<p class=\"paragraph\">New York Postin mukaan Greene oli kaksi p\u00e4iv\u00e4\u00e4 ennen kuolemaa puhunut agenttinsa Gregg Edwardsin kanssa. T\u00e4m\u00e4n mukaan puhelu oli normaali, mutta Greene oli hieman hermostunut, sill\u00e4 Greene oli menossa leikkaukseen, jossa h\u00e4nelt\u00e4 poistetaan keuhkoista hyv\u00e4laatuinen kasvain.<\/p>\n<p class=\"paragraph\">Greenen <a href=\"https:\/\/www.iltalehti.fi\/viihdeuutiset\/e62fb150-b7b9-4537-b360-0fa3057283eb\" rel=\"nofollow noopener\" target=\"_blank\">oma lapsuus<\/a> oli levoton. H\u00e4n karkasi kotoa 15-vuotiaana ja eli New Yorkin kaduilla. Greene k\u00e4ytti nuoruudessaan huumeita ja myi niit\u00e4.<\/p>\n<p class=\"paragraph\">Greene aloitti n\u00e4yttelemisen parikymppisen\u00e4 ja ehti n\u00e4ytell\u00e4 yli 95 eri tuotannossa. Itsemurhayrityksen j\u00e4lkeen h\u00e4n haki vuonna 1996 addiktioonsa apua. Vuonna 2007 h\u00e4net pid\u00e4tettiin crack-huumeen hallussapidosta.<\/p>\n<p class=\"paragraph\">N\u00e4yttelij\u00e4lle tehd\u00e4\u00e4n ruumiinavaus kuolinsyyn selvitt\u00e4miseksi. Poliisi ei ep\u00e4ile ainakaan toistaiseksi rikosta asiassa.<\/p>\n<p class=\"paragraph\">L\u00e4hteet: NY Daily News, <a href=\"https:\/\/www.aftonbladet.se\/nojesbladet\/a\/wrEjEn\/peter-greene-hittad-dod-med-mystisk-lapp\" rel=\"noopener nofollow\" target=\"_blank\">Aftonbladet<\/a>, <a href=\"https:\/\/nypost.com\/2025\/12\/13\/us-news\/peter-greene-was-totally-normal-in-last-call-with-manager-before-death\/\" rel=\"noopener nofollow\" target=\"_blank\">New York Post<\/a><\/p>\n","protected":false},"excerpt":{"rendered":"Poliisi tutkii n\u00e4yttelij\u00e4 Peter Greenen kuolemaa. Peter Greenell\u00e4 oli uusia t\u00f6it\u00e4 sovittuna ensi vuodelle. AOP Erityisesti Pulp Fictionista&hellip;\n","protected":false},"author":2,"featured_media":115347,"comment_status":"","ping_status":"","sticky":false,"template":"","format":"standard","meta":{"footnotes":""},"categories":[136],"tags":[35,153,407,152,155,137,33,31,30,408,718,154,32,140,156,109],"class_list":{"0":"post-116360","1":"post","2":"type-post","3":"status-publish","4":"format-standard","5":"has-post-thumbnail","7":"category-julkkikset","8":"tag-24h","9":"tag-audiovisuaalinen-media","10":"tag-celebrities","11":"tag-elokuva-ja-tv-nayttelijat","12":"tag-elokuvat","13":"tag-entertainment","14":"tag-fi","15":"tag-finland","16":"tag-finnish","17":"tag-julkkikset","18":"tag-nayttamotaide","19":"tag-nayttelijat-teatteri","20":"tag-suomi","21":"tag-tv-ja-elokuvat","22":"tag-tv","23":"tag-viihde"},"share_on_mastodon":{"url":"https:\/\/pubeurope.com\/@fi\/115719391548113094","error":""},"_links":{"self":[{"href":"https:\/\/www.europesays.com\/fi\/wp-json\/wp\/v2\/posts\/116360","targetHints":{"allow":["GET"]}}],"collection":[{"href":"https:\/\/www.europesays.com\/fi\/wp-json\/wp\/v2\/posts"}],"about":[{"href":"https:\/\/www.europesays.com\/fi\/wp-json\/wp\/v2\/types\/post"}],"author":[{"embeddable":true,"href":"https:\/\/www.europesays.com\/fi\/wp-json\/wp\/v2\/users\/2"}],"replies":[{"embeddable":true,"href":"https:\/\/www.europesays.com\/fi\/wp-json\/wp\/v2\/comments?post=116360"}],"version-history":[{"count":0,"href":"https:\/\/www.europesays.com\/fi\/wp-json\/wp\/v2\/posts\/116360\/revisions"}],"wp:featuredmedia":[{"embeddable":true,"href":"https:\/\/www.europesays.com\/fi\/wp-json\/wp\/v2\/media\/115347"}],"wp:attachment":[{"href":"https:\/\/www.europesays.com\/fi\/wp-json\/wp\/v2\/media?parent=116360"}],"wp:term":[{"taxonomy":"category","embeddable":true,"href":"https:\/\/www.europesays.com\/fi\/wp-json\/wp\/v2\/categories?post=116360"},{"taxonomy":"post_tag","embeddable":true,"href":"https:\/\/www.europesays.com\/fi\/wp-json\/wp\/v2\/tags?post=116360"}],"curies":[{"name":"wp","href":"https:\/\/api.w.org\/{rel}","templated":true}]}}