{"id":116375,"date":"2025-12-14T19:07:07","date_gmt":"2025-12-14T19:07:07","guid":{"rendered":"https:\/\/www.europesays.com\/fi\/116375\/"},"modified":"2025-12-14T19:07:07","modified_gmt":"2025-12-14T19:07:07","slug":"euroviisuedustajana-tunnettu-jarkko-antikainen-on-kuollut","status":"publish","type":"post","link":"https:\/\/www.europesays.com\/fi\/116375\/","title":{"rendered":"Euroviisuedustajana tunnettu Jarkko Antikainen on kuollut"},"content":{"rendered":"<p>Kuolleet|Antikainen ty\u00f6skenteli musiikkiuransa lis\u00e4ksi vaatealalla ja mentoroi yritt\u00e4ji\u00e4.<\/p>\n<p class=\"article-body mb-nof-24 px-nof-16\">Jarkko ja Laura -duosta tunnettu muusikko <a class=\"article-personlink\" href=\"https:\/\/www.hs.fi\/haku\/?query=Jarkko%20Antikainen\" rel=\"nofollow noopener\" target=\"_blank\">Jarkko Antikainen<\/a> on kuollut 75-vuotiaana. Asiasta kertoi marraskuussa <a class=\"article-genericlink\" href=\"https:\/\/kameraseura.fi\/jarkko-antikainen-1950-2025\/\" rel=\"nofollow noopener\" target=\"_blank\">Kameraseura ry<\/a>.<\/p>\n<p class=\"article-body mb-nof-24 px-nof-16\">\u201dVuonna 2004 Kameraseuraan liittynyt muusikko, tuottaja ja valokuvaaja ehti aktiivisella ja positiivisella asenteellaan vaikuttaa seurassa monella tapaa\u201d, Kameraseuran sivuilla kirjoitetaan.<\/p>\n<p class=\"article-body mb-nof-24 px-nof-16\">Antikainen toimi Kameraseuran hallituksessa vuosina 2007\u20132013.<\/p>\n<p class=\"article-body mb-nof-24 px-nof-16\">Antikainen edusti Suomea osana Laura ja Jarkko -iskelm\u00e4duoa vuoden 1969 Euroviisuissa Madridissa kappaleella Kuin silloin ennen. Duo jatkoi aktiivista keikkailua vuoteen 1974. Heid\u00e4n tunnetuimpia kappaleitaan olivat viisukappaleen lis\u00e4ksi muun muassa Kuin pieni tyhm\u00e4, Samanlainen onni ja Meid\u00e4n laulumme.<\/p>\n<p class=\"article-body mb-nof-24 px-nof-16\">Duon osapuolet meniv\u00e4t kesken\u00e4\u00e4n naimisiin vuonna 1975 ja heill\u00e4 on kolme aikuista lasta.<\/p>\n<p class=\"article-body mb-nof-24 px-nof-16\">Muusikonuran j\u00e4lkeen Antikainen ty\u00f6skenteli vuosikymmeni\u00e4 vaatealalla Bombus- ja Brenda -yrityksiss\u00e4 erityisesti <a class=\"article-genericlink\" href=\"https:\/\/www.hs.fi\/kulttuuri\/art-2000006594570.html\" rel=\"nofollow noopener\" target=\"_blank\">villavaatteiden<\/a> parissa, joita k\u00e4yttiv\u00e4t 1980- ja 1990-luvuilla my\u00f6s tavaratalojen ja lentoyhti\u00f6iden ty\u00f6ntekij\u00e4t, jopa ministerit ja Ruotsin kuninkaalliset.<\/p>\n<p class=\"article-body mb-nof-24 px-nof-16\">2000-luvun puolella Antikainen siirtyi mentoroimaan yritt\u00e4ji\u00e4.<\/p>\n<p class=\"article-body mb-nof-24 px-nof-16\">Viel\u00e4 kes\u00e4ll\u00e4 2019 vaimo <a class=\"article-personlink\" href=\"https:\/\/www.hs.fi\/haku\/?query=Laura%20Antikainen\" rel=\"nofollow noopener\" target=\"_blank\">Laura Antikainen<\/a> kertoi <a class=\"article-genericlink\" href=\"https:\/\/www.hs.fi\/kulttuuri\/art-2000006594570.html\" rel=\"nofollow noopener\" target=\"_blank\">HS:n<\/a> haastattelussa avioparin keikkailevan edelleen.<\/p>\n<p class=\"article-body mb-nof-24 px-nof-16\">Lue lis\u00e4\u00e4: <a class=\"article-genericlink\" href=\"https:\/\/www.hs.fi\/kulttuuri\/art-2000006594570.html\" rel=\"nofollow noopener\" target=\"_blank\">Jarkko Antikaisen nuoruuteen kuului musiikkimenestys ja euroviisut: El\u00e4m\u00e4nty\u00f6n h\u00e4n teki kuitenkin villavaatteiden parissa<\/a><\/p>\n","protected":false},"excerpt":{"rendered":"Kuolleet|Antikainen ty\u00f6skenteli musiikkiuransa lis\u00e4ksi vaatealalla ja mentoroi yritt\u00e4ji\u00e4. Jarkko ja Laura -duosta tunnettu muusikko Jarkko Antikainen on kuollut&hellip;\n","protected":false},"author":2,"featured_media":116376,"comment_status":"","ping_status":"","sticky":false,"template":"","format":"standard","meta":{"footnotes":""},"categories":[136],"tags":[407,137,33,31,30,46,408,32,109],"class_list":{"0":"post-116375","1":"post","2":"type-post","3":"status-publish","4":"format-standard","5":"has-post-thumbnail","7":"category-julkkikset","8":"tag-celebrities","9":"tag-entertainment","10":"tag-fi","11":"tag-finland","12":"tag-finnish","13":"tag-helsingin-sanomat","14":"tag-julkkikset","15":"tag-suomi","16":"tag-viihde"},"share_on_mastodon":{"url":"https:\/\/pubeurope.com\/@fi\/115719493578378552","error":""},"_links":{"self":[{"href":"https:\/\/www.europesays.com\/fi\/wp-json\/wp\/v2\/posts\/116375","targetHints":{"allow":["GET"]}}],"collection":[{"href":"https:\/\/www.europesays.com\/fi\/wp-json\/wp\/v2\/posts"}],"about":[{"href":"https:\/\/www.europesays.com\/fi\/wp-json\/wp\/v2\/types\/post"}],"author":[{"embeddable":true,"href":"https:\/\/www.europesays.com\/fi\/wp-json\/wp\/v2\/users\/2"}],"replies":[{"embeddable":true,"href":"https:\/\/www.europesays.com\/fi\/wp-json\/wp\/v2\/comments?post=116375"}],"version-history":[{"count":0,"href":"https:\/\/www.europesays.com\/fi\/wp-json\/wp\/v2\/posts\/116375\/revisions"}],"wp:featuredmedia":[{"embeddable":true,"href":"https:\/\/www.europesays.com\/fi\/wp-json\/wp\/v2\/media\/116376"}],"wp:attachment":[{"href":"https:\/\/www.europesays.com\/fi\/wp-json\/wp\/v2\/media?parent=116375"}],"wp:term":[{"taxonomy":"category","embeddable":true,"href":"https:\/\/www.europesays.com\/fi\/wp-json\/wp\/v2\/categories?post=116375"},{"taxonomy":"post_tag","embeddable":true,"href":"https:\/\/www.europesays.com\/fi\/wp-json\/wp\/v2\/tags?post=116375"}],"curies":[{"name":"wp","href":"https:\/\/api.w.org\/{rel}","templated":true}]}}