{"id":116417,"date":"2025-12-14T20:12:08","date_gmt":"2025-12-14T20:12:08","guid":{"rendered":"https:\/\/www.europesays.com\/fi\/116417\/"},"modified":"2025-12-14T20:12:08","modified_gmt":"2025-12-14T20:12:08","slug":"nuori-mies-googlasi-vankilan-suihkuja-teki-sitten-jotain-aivan-kasittamatonta","status":"publish","type":"post","link":"https:\/\/www.europesays.com\/fi\/116417\/","title":{"rendered":"Nuori mies googlasi \u201dvankilan suihkuja\u201d \u2013 Teki sitten jotain aivan k\u00e4sitt\u00e4m\u00e4t\u00f6nt\u00e4"},"content":{"rendered":"<p>Nuorukainen oli jo ennen ensimm\u00e4ist\u00e4 puukkohy\u00f6kk\u00e4yst\u00e4 googlannut murhan ja tapon eroa sek\u00e4 vankilan suihkuja.<\/p>\n<ul>\n<li>Vuonna 2003 syntynyt Tuomas Turpeinen etsi verkosta tietoa veriteoista ja vankeusrangaistuksista.<\/li>\n<li>Puolentoista viikon kuluttua h\u00e4n puukotti tuntematonta miest\u00e4 Myyrm\u00e4ess\u00e4. H\u00e4n vakuutteli poliisille, ett\u00e4 teko j\u00e4isi ainutkertaiseksi.<\/li>\n<li>Alle vuotta my\u00f6hemmin h\u00e4n iski j\u00e4lleen. T\u00e4ll\u00e4kin kertaa nuorukaisen uhriksi joutui tuntematon mies.<\/li>\n<\/ul>\n<p class=\"paragraph\">It\u00e4-Uudenmaan k\u00e4r\u00e4j\u00e4oikeus on tuominnut <strong>Tuomas Leevi Tapio Turpeisen<\/strong>, 22, nelj\u00e4ksi vuodeksi ja yhdeksi kuukaudeksi vankeuteen.<\/p>\n<p class=\"paragraph\">Turpeinen yritti tappaa kaksi itselleen tuntematonta miest\u00e4 Vantaalla. Rikokset tapahtuivat syyskuussa 2024 ja syyskuussa 2025.<\/p>\n<p class=\"paragraph\">Ensimm\u00e4isen puukotuksen tutkinnassa paljastui nuoren miehen tekemi\u00e4 j\u00e4rkytt\u00e4vi\u00e4 verkkohakuja.<\/p>\n<p class=\"paragraph\">21-vuotias Turpeinen oli googlannut muun muassa \u201dmillaista vankilassa\u201d, \u201densi kertalaisuus tappo\u201d, \u201dmurha vai tappo ero\u201d, \u201dvankila p\u00e4iv\u00e4raha\u201d sek\u00e4 \u201dvankila suihkut\u201d.<\/p>\n<p class=\"paragraph\">H\u00e4n hy\u00f6kk\u00e4si 69-vuotiaan vantaalaismiehen kimppuun keitti\u00f6veitsell\u00e4 puolitoista viikkoa my\u00f6hemmin.<\/p>\n<p>Turpeinen v\u00e4itti kantaneensa veist\u00e4 omaksi suojakseen. poliisin esitutkintamateriaali<\/p>\n<p class=\"paragraph\">Nuori mies l\u00e4hti kotoaan veitsell\u00e4 varustautuneena keskiviikkona iltap\u00e4iv\u00e4ll\u00e4 25. syyskuuta 2024.<\/p>\n<p class=\"paragraph\">Muutaman tunnin k\u00e4velty\u00e4\u00e4n h\u00e4n huomasi Myyrm\u00e4en juna-aseman l\u00e4hell\u00e4 alikulkutunnelissa k\u00e4velev\u00e4n miehen, jota l\u00e4hti seuraamaan.<\/p>\n<p class=\"paragraph\">Risteysalueella Turpeinen otti muutaman juoksuaskeleen, kaivoi veitsen hupparinsa taskusta ja iski miest\u00e4 kaulaan.<\/p>\n<p class=\"paragraph\">\u2013 Vanhus ei oikeastaan sanonut mit\u00e4\u00e4n, mutta kyll\u00e4 h\u00e4n v\u00e4h\u00e4n s\u00e4ps\u00e4hti, Turpeinen kuvaili tilannetta poliisille my\u00f6hemmin.<\/p>\n<p>Veriteot tapahtuivat pime\u00e4n aikaan, joko my\u00f6h\u00e4\u00e4n illalla tai y\u00f6ll\u00e4. poliisin esitutkintamateriaali<\/p>\n<p class=\"paragraph\">Turpeinen ei v\u00e4itt\u00e4m\u00e4ns\u00e4 mukaan ollut suunnitellut muiden vahingoittamista. H\u00e4n kertoi ottaneensa veitsen mukaansa \u201dihan vain omaa turvallisuuttaan ajatellen\u201d, koska Myyrm\u00e4ess\u00e4 on \u201daika vaarallista porukkaa\u201d.<\/p>\n<p class=\"paragraph\">Seuraavassa kuulustelussa poliisi kysyi, mik\u00e4 juuri kyseisess\u00e4 miehess\u00e4 oli kiinnitt\u00e4nyt Turpeisen huomion.<\/p>\n<p class=\"paragraph\">\u2013 Ei se itse uhri liity siihen mitenk\u00e4\u00e4n. En min\u00e4 tied\u00e4. Jotain siin\u00e4 vain tapahtui.<\/p>\n<p class=\"paragraph\">H\u00e4n ei osannut selitt\u00e4\u00e4, miksi puukotti miest\u00e4. H\u00e4n kuvaili olleensa selvin p\u00e4in, mutta j\u00e4nnittynyt.<\/p>\n<p>\u201dMietin, j\u00e4\u00e4nk\u00f6 kohta kiinni\u201d<\/p>\n<p>Toinen puukotus tapahtui Vaskivuorentien k\u00e4velytiell\u00e4. poliisin esitutkintamateriaali<\/p>\n<p class=\"paragraph\">Turpeinen kertoi menneens\u00e4 puukotuksen j\u00e4lkeen l\u00e4heiselle nurmialueelle istuskelemaan.<\/p>\n<p class=\"paragraph\">\u2013 Siin\u00e4 min\u00e4 vain istuskelin ja mietin, ett\u00e4 j\u00e4\u00e4nk\u00f6 kohta kiinni. Katselin t\u00e4htitaivasta ja sitten mietin, ett\u00e4 meneek\u00f6 nuo kaikki poliisit sinne oikeasti.<\/p>\n<p class=\"paragraph\">Poliisit ottivat Turpeisen kiinni 13. lokakuuta eli kolmisen viikkoa my\u00f6hemmin. Toisessa kuulustelussa h\u00e4nelt\u00e4 kysyttiin, mit\u00e4 h\u00e4n ajattelee teostaan.<\/p>\n<p class=\"paragraph\">\u2013 Totta kai kadun. Totta kai hyv\u00e4, ett\u00e4 uhrille ei ainakaan kuulemma k\u00e4ynyt vakavammin.<\/p>\n<p class=\"paragraph\">\u2013 Jos olisi ollut tarkoitus tappaa, niin olisin varmasti ly\u00f6nyt useammin kuin kerran. Nyt l\u00f6in sen kerran ja heti kaduin ja sitten vain l\u00e4hdin menem\u00e4\u00e4n.<\/p>\n<p>Poliisi l\u00f6ysi tekov\u00e4lineen pusikosta 8. syyskuuta 2025. poliisin esitutkintamateriaali<\/p>\n<p class=\"paragraph\">Poliisi kysyi, miksei mies h\u00e4lytt\u00e4nyt uhrille apua, jos kerta katui.<\/p>\n<p class=\"paragraph\">\u2013 En min\u00e4 siin\u00e4 tilanteessa \u00e4lynnyt.<\/p>\n<p class=\"paragraph\">Kolmanteen ja viimeiseen kuulusteluun menness\u00e4 poliisi oli saanut Turpeisen puhelimen tutkittua.<\/p>\n<p class=\"paragraph\">Laite-etsint\u00e4 paljasti hyyt\u00e4v\u00e4t verkkohaut sek\u00e4 sen, ett\u00e4 nuorukainen oli veriteon tehty\u00e4\u00e4n etsinyt siit\u00e4 kirjoitettuja uutisia.<\/p>\n<p class=\"paragraph\">Poliisi pyysi Turpeiselta kommenttia l\u00f6yd\u00f6ksiin.<\/p>\n<p class=\"paragraph\">\u2013 En oikein osaa sanoa mit\u00e4\u00e4n. Kai min\u00e4 olen sitten niit\u00e4 hakenut, vaikka en muista. Ei sit\u00e4 kukaan muukaan ole k\u00e4ytt\u00e4nyt.<\/p>\n<p class=\"paragraph\">\u2013 En min\u00e4 tied\u00e4 mit\u00e4 t\u00e4h\u00e4n kommentoisi. Ei minulla ole sanottavaa.<\/p>\n<p class=\"paragraph\">Turpeinen ei kertomansa mukaan juuri muistanut tapahtumia. H\u00e4n ei osannut antaa mink\u00e4\u00e4nlaista syyt\u00e4\u00e4n teolleen.<\/p>\n<p class=\"paragraph\">\u2013 Onko siis mahdollista, ett\u00e4 n\u00e4in k\u00e4y uudestaan, poliisi kysyi.<\/p>\n<p class=\"paragraph\">\u2013 En min\u00e4 usko, Turpeinen sanoi.<\/p>\n<p class=\"paragraph\">Alle vuoden kuluttua h\u00e4n iski j\u00e4lleen.<\/p>\n<p>\u201dIhan sama vaikka kuolee\u201d<\/p>\n<p>Turpeinen l\u00e4hti seuraamaan kumpaakin uhria Myyrm\u00e4ess\u00e4. poliisin esitutkintamateriaali<\/p>\n<p class=\"paragraph\">Lauantain vastaisena y\u00f6n\u00e4 6. syyskuuta 2025 Turpeinen l\u00e4hti seuraamaan 35-vuotiasta miest\u00e4 Myyrm\u00e4ess\u00e4. H\u00e4n iski t\u00e4t\u00e4 veitsell\u00e4 takaap\u00e4in.<\/p>\n<p class=\"paragraph\">\u2013 Ihan kuin joku olisi taputtanut selk\u00e4\u00e4n, uhri kuvaili poliisille.<\/p>\n<p class=\"paragraph\">Turpeinen ilmoittautui paria p\u00e4iv\u00e4\u00e4 my\u00f6hemmin poliisille. H\u00e4n my\u00f6nsi teon jo ensimm\u00e4isess\u00e4 kuulustelussa, mutta v\u00e4itti, ett\u00e4 uhri oli pys\u00e4ytt\u00e4nyt h\u00e4net kadulla ja kysynyt huumeita.<\/p>\n<p class=\"paragraph\">\u2013 Se oli aika kiinnostavan oloinen, niin p\u00e4\u00e4tin l\u00e4hte\u00e4 h\u00e4nt\u00e4 seuraamaan.<\/p>\n<p class=\"paragraph\">\u2013 Seurasin sit\u00e4 Myyrm\u00e4en juna-aseman ohi ja sen j\u00e4lkeen sen parkkitalon ohi. Sitten l\u00f6in h\u00e4nt\u00e4 kerran selk\u00e4\u00e4n. Sitten pakenin paikalta ja eip\u00e4 oikein muuta.<\/p>\n<p class=\"paragraph\">Turpeinen v\u00e4itti j\u00e4lleen ottaneensa veitsen mukaan omaksi suojakseen \u2013 tuomaan turvaa \u201dmahdollisilta uhkatekij\u00f6ilt\u00e4\u201d.<\/p>\n<p class=\"paragraph\">Poliisi kysyi, miss\u00e4 vaiheessa Turpeinen on p\u00e4\u00e4tt\u00e4nyt puukottaa miest\u00e4.<\/p>\n<p class=\"paragraph\">\u2013 Varmaan kaksi sekuntia ennen.<\/p>\n<p class=\"paragraph\">Uhri ei ollut uhkaava, Turpeinen my\u00f6nsi eik\u00e4 osannut antaa teolleen mit\u00e4\u00e4n syyt\u00e4 tai selityst\u00e4.<\/p>\n<p>Turpeinen viskasi Fiskarsin veitsen pusikkoon puukotuksen j\u00e4lkeen. poliisin esitutkintamateriaali<\/p>\n<p class=\"paragraph\">Poliisi kysyi, miksi Turpeinen antoi itsens\u00e4 ilmi.<\/p>\n<p class=\"paragraph\">\u2013 Niin\u2026 No onhan se nyt v\u00e4h\u00e4n stressaavaa vaikka nukkua, jos poliisit sitten yht\u00e4kki\u00e4 rynt\u00e4\u00e4v\u00e4t sis\u00e4\u00e4n. Ihan vain siksi, etten stressaa.<\/p>\n<p class=\"paragraph\">Poliisi kysyi viel\u00e4, onko teolla jokin yhteys vuodentakaiseen puukotuksen.<\/p>\n<p class=\"paragraph\">\u2013 Ehk\u00e4 niiden muutaman sekunnin osalta juuri ennen sit\u00e4 iskua oli eri kelat asian suhteen.<\/p>\n<p class=\"paragraph\">\u2013 Silloin ensimm\u00e4isell\u00e4 kerralla mietin, ett\u00e4 joo kaulaan, joo ihan sama vaikka kuolee. Nyt ajattelin, ett\u00e4 aiheuttaisi vain kipua, mutta ett\u00e4 siihen ei kuolisi, niin siksi l\u00f6in siihen lapaluuhun.<\/p>\n<p class=\"paragraph\">H\u00e4n my\u00f6nsi halunneensa aiheuttaa uhrille kipua, mutta ei osannut sanoa, miksi.<\/p>\n<p class=\"paragraph\">Turpeinen oli h\u00e4vitt\u00e4nyt puhelimensa ennen kuin k\u00e4vi antamassa itsens\u00e4 ilmi. Poliisi kysyi, miksi.<\/p>\n<p class=\"paragraph\">\u2013 Min\u00e4 en tee sill\u00e4 mit\u00e4\u00e4n, ettek\u00e4 te tee sill\u00e4 mit\u00e4\u00e4n.<\/p>\n<p>Turpeinen v\u00e4itti kantavansa veist\u00e4 suojatakseen itse\u00e4\u00e4n. Kummassakaan puukotuksessa ei kuitenkaan ole kysymys h\u00e4neen kohdistuvasta uhasta. poliisin esitutkintamateriaali<\/p>\n<p class=\"paragraph\">Turpeinen sai syytteet kahdesta tapon yrityksest\u00e4. Niit\u00e4 k\u00e4siteltiin k\u00e4r\u00e4j\u00e4oikeudessa joulukuun alussa.<\/p>\n<p class=\"paragraph\">Syytt\u00e4j\u00e4 vaati, ett\u00e4 Turpeisen mielentila tutkitaan ja ett\u00e4 h\u00e4nest\u00e4 laaditaan vaarallisuusarvio. Vaatimus hyl\u00e4ttiin.<\/p>\n<p class=\"paragraph\">It\u00e4-Uudenmaan k\u00e4r\u00e4j\u00e4oikeus tuomitsi Turpeisen vankeusrangaistukseen ja m\u00e4\u00e4r\u00e4si h\u00e4net korvaamaan kummallekin uhrille vahingonkorvauksia.<\/p>\n<p class=\"paragraph\">Ensimm\u00e4iselle uhrilleen Turpeisen on korvattava muun muassa kivusta ja k\u00e4rsimyksest\u00e4 yhteens\u00e4 reilut 9\u00a0000 euroa, toiselle uhrille reilut 8\u00a0700 euroa.<\/p>\n<p class=\"paragraph\">2. joulukuuta annettu tuomio on lainvoimainen.<\/p>\n","protected":false},"excerpt":{"rendered":"Nuorukainen oli jo ennen ensimm\u00e4ist\u00e4 puukkohy\u00f6kk\u00e4yst\u00e4 googlannut murhan ja tapon eroa sek\u00e4 vankilan suihkuja. Vuonna 2003 syntynyt Tuomas&hellip;\n","protected":false},"author":2,"featured_media":116418,"comment_status":"","ping_status":"","sticky":false,"template":"","format":"standard","meta":{"footnotes":""},"categories":[12],"tags":[35,22,23,26,27,33,31,30,17,55,24,25,28,29,15,18,21,52,38,32,19,20,16,40,37],"class_list":{"0":"post-116417","1":"post","2":"type-post","3":"status-publish","4":"format-standard","5":"has-post-thumbnail","7":"category-suomi","8":"tag-24h","9":"tag-breaking-news","10":"tag-breakingnews","11":"tag-featured-news","12":"tag-featurednews","13":"tag-fi","14":"tag-finland","15":"tag-finnish","16":"tag-headlines","17":"tag-lainvalvonta","18":"tag-latest-news","19":"tag-latestnews","20":"tag-main-news","21":"tag-mainnews","22":"tag-news","23":"tag-otsikot","24":"tag-paauutiset","25":"tag-poliisi","26":"tag-rikos","27":"tag-suomi","28":"tag-top-stories","29":"tag-topstories","30":"tag-uutiset","31":"tag-vakivalta","32":"tag-vakivaltarikokset"},"share_on_mastodon":{"url":"https:\/\/pubeurope.com\/@fi\/115719749387964232","error":""},"_links":{"self":[{"href":"https:\/\/www.europesays.com\/fi\/wp-json\/wp\/v2\/posts\/116417","targetHints":{"allow":["GET"]}}],"collection":[{"href":"https:\/\/www.europesays.com\/fi\/wp-json\/wp\/v2\/posts"}],"about":[{"href":"https:\/\/www.europesays.com\/fi\/wp-json\/wp\/v2\/types\/post"}],"author":[{"embeddable":true,"href":"https:\/\/www.europesays.com\/fi\/wp-json\/wp\/v2\/users\/2"}],"replies":[{"embeddable":true,"href":"https:\/\/www.europesays.com\/fi\/wp-json\/wp\/v2\/comments?post=116417"}],"version-history":[{"count":0,"href":"https:\/\/www.europesays.com\/fi\/wp-json\/wp\/v2\/posts\/116417\/revisions"}],"wp:featuredmedia":[{"embeddable":true,"href":"https:\/\/www.europesays.com\/fi\/wp-json\/wp\/v2\/media\/116418"}],"wp:attachment":[{"href":"https:\/\/www.europesays.com\/fi\/wp-json\/wp\/v2\/media?parent=116417"}],"wp:term":[{"taxonomy":"category","embeddable":true,"href":"https:\/\/www.europesays.com\/fi\/wp-json\/wp\/v2\/categories?post=116417"},{"taxonomy":"post_tag","embeddable":true,"href":"https:\/\/www.europesays.com\/fi\/wp-json\/wp\/v2\/tags?post=116417"}],"curies":[{"name":"wp","href":"https:\/\/api.w.org\/{rel}","templated":true}]}}