{"id":116421,"date":"2025-12-14T20:25:10","date_gmt":"2025-12-14T20:25:10","guid":{"rendered":"https:\/\/www.europesays.com\/fi\/116421\/"},"modified":"2025-12-14T20:25:10","modified_gmt":"2025-12-14T20:25:10","slug":"muistatko-viela-pelikaanimiehen-kari-ketonen-kertoo-paljastuksen-hittielokuvan-kuvauksista","status":"publish","type":"post","link":"https:\/\/www.europesays.com\/fi\/116421\/","title":{"rendered":"Muistatko viel\u00e4 Pelikaanimiehen? Kari Ketonen kertoo paljastuksen hittielokuvan kuvauksista"},"content":{"rendered":"<p>Kari Ketosella on takana jo 30 vuoden ura televisiossa ja elokuvissa.<\/p>\n<p class=\"paragraph\"><a href=\"https:\/\/www.iltalehti.fi\/henkilot\/Kari Ketonen\" class=\"article-link-person-page\" rel=\"nofollow noopener\" target=\"_blank\">Kari Ketosta<\/a>, 54, on n\u00e4hty kameran edess\u00e4 jo kolmenkymmenen vuoden ajan.<\/p>\n<p class=\"paragraph\">Suurelle yleis\u00f6lle n\u00e4yttelij\u00e4 on tullut tunnetuksi muun muassa vuonna 2004 ilmestyneest\u00e4 Pelikaanimies-elokuvasta. Ketonen n\u00e4ytteli elokuvan p\u00e4\u00e4henkil\u00f6\u00e4, itse Pelikaanimiest\u00e4.<\/p>\n<p class=\"paragraph\">\u2013 Siin\u00e4 oli jotain ikiaikaista. Se on j\u00e4\u00e4nyt monille mieleen, Ketonen muistelee 21 vuoden takaista menestyselokuvaa Iltalehden haastattelussa.<\/p>\n<p><img decoding=\"async\" class=\"image image-show image-preview\" src=\"https:\/\/www.europesays.com\/fi\/wp-content\/uploads\/2025\/12\/e178bfb5b6eb743e97d2d8690812d23472ba8bbb523a4a3a54b1dd39e344075b.jpg\" alt=\"\"\/><img decoding=\"async\" class=\"image image-show\" src=\"https:\/\/www.europesays.com\/fi\/wp-content\/uploads\/2025\/12\/1765743910_553_e178bfb5b6eb743e97d2d8690812d23472ba8bbb523a4a3a54b1dd39e344075b.jpg\" alt=\"\"\/><\/p>\n<p>Kari Ketonen tuomaroi MTV:n kev\u00e4\u00e4n uutuusohjelmaa Thank God, s\u00e4 tulit! Pete Anikari<\/p>\n<p class=\"paragraph\">Elokuvassa Pelikaanimies Ketonen muun muassa n\u00e4htiin sy\u00f6m\u00e4ss\u00e4 kokonaisia kaloja pyrst\u00f6ineen p\u00e4ivineen. Ketonen kertoo, ett\u00e4 kuvauksissa k\u00e4ytettiin suolasilakoita.<\/p>\n<p class=\"paragraph\">\u2013 Se oli niin suolainen, ett\u00e4 se veti suun sekunnissa kuivaksi, n\u00e4yttelij\u00e4 verest\u00e4\u00e4 muistojaan.<\/p>\n<p class=\"paragraph\">Oikeasti Ketonen ei tietenk\u00e4\u00e4n kaloja kokonaisena sy\u00f6nyt. Itse asiassa h\u00e4n ei niellyt kuvauksissa yht\u00e4 ainutta silakkaa.<\/p>\n<p class=\"paragraph\">\u2013 Meill\u00e4 oli kaksi silakkaa, kokonainen ja pelkk\u00e4 pyrst\u00f6. Ensin laitoin kokonaisen suuhun, sen j\u00e4lkeen leikkasimme l\u00e4hemp\u00e4\u00e4n kuvaan, jossa minulla oli suussa pelkk\u00e4 irti leikattu pyrst\u00f6, jonka imaisin suuhuni.<\/p>\n<p>Kari Ketonen t\u00e4hditti vuoden 2004 menestyselokuvaa Pelikaanimies. Iiska Siiril\u00e4 \/ AOP<\/p>\n<p>Bucket list<\/p>\n<p class=\"paragraph\">Pelikaanimiehen j\u00e4lkeen Ketonen on niitt\u00e4nyt menestyst\u00e4 muun muassa nimikkosarjassaan Ketonen &amp; Myllyrinne, komediasarjassa Kimmo sek\u00e4 Luottomies- ja Napapiirin sankarit -elokuvissa. Millaisia rooleja n\u00e4yttelij\u00e4 tahtoisi viel\u00e4 tulevaisuudessa p\u00e4\u00e4st\u00e4 tekem\u00e4\u00e4n?<\/p>\n<p class=\"paragraph\">\u2013 Mulla t\u00e4m\u00e4 kaulapussi paisuu joka vuosi, niin ehk\u00e4 Pelikaanimiehen jatko-osa seuraavaksi, Ketonen vastaa ja sivelee kaulansa alusta.<\/p>\n<p class=\"paragraph\">Yhdeksi merkityksellisimmist\u00e4 rooleistaan Ketonen nostaa esiin Kurjen kirous -sarjan, joka sai ensiesityksens\u00e4 t\u00e4m\u00e4n vuoden alussa.<\/p>\n<p class=\"paragraph\">\u2013 Se oli sellainen bucket list -projekti. Siin\u00e4 oli minulle kirjoitettu kantava rooli keskushahmona. Niklaksen [sarjan ohjannut ja k\u00e4sikirjoittanut <strong>Niklas Lindgren<\/strong>] kanssa juoniteltiin kohtauksia ja tarinaa paljon yhdess\u00e4. Siit\u00e4 projektista j\u00e4i tunne, ett\u00e4 t\u00e4llaisia voisin viel\u00e4 tehd\u00e4. Raskaitahan ne aina ovat, niihin menee paukkuja, Ketonen kertoo.<\/p>\n<p class=\"paragraph\">Viimeisen vuoden aikana Ketosen on pit\u00e4nyt kiireisen\u00e4 helmikuussa ilmestyv\u00e4 Luottomies-elokuva: Lepoloma. Arkeen kuuluvat my\u00f6s ty\u00f6t valmentajana ja puhujana.<\/p>\n<p class=\"paragraph\">Yhdelt\u00e4 koulutukseltaan Ketonen on my\u00f6s ylemm\u00e4n erityistason psykoterapeutti, mutta terapiaty\u00f6t\u00e4 h\u00e4n ei t\u00e4ll\u00e4 hetkell\u00e4 tee. Neuvojaan h\u00e4n silti jakelee ihmisille jatkuvasti.<\/p>\n<p class=\"paragraph\">Ensi kev\u00e4\u00e4n\u00e4 Ketonen n\u00e4hd\u00e4\u00e4n MTV:n uuden sketsisarjan Thank God, s\u00e4 tulit! tuomarina.<\/p>\n<p>Kari Ketonen kertoo palanneensa juoksuharrastuksen pariin. Pete Anikari<\/p>\n<p>Juoksuharrastus<\/p>\n<p class=\"paragraph\">Ty\u00f6arjen ohella Ketonen kertoo palanneensa viime aikoina vanhan harrastuksensa pariin: lenkkeilyn.<\/p>\n<p class=\"paragraph\">\u2013 Olen ottanut hyvin kevyesti. K\u00e4yn T\u00f6\u00f6l\u00f6nlahden ymp\u00e4ri jolkottelemassa kerran tai kaksi viikossa.<\/p>\n<p class=\"paragraph\">Ketonen sanoo, ett\u00e4 juokseminen on h\u00e4nelle vaikeaa.<\/p>\n<p class=\"paragraph\">\u2013 Yrit\u00e4n puolen tunnin ajan pit\u00e4\u00e4 suurimman osan aikaa juoksua yll\u00e4. Haluaisin pysty\u00e4 juoksemaan kevyesti ja toivon, ett\u00e4 se v\u00e4h\u00e4n kehittyy, n\u00e4yttelij\u00e4 kertoo.<\/p>\n<p class=\"paragraph\">Thank God, s\u00e4 tulit! alkaa 24. tammikuuta MTV3:lla &amp; Katsomossa. <a href=\"https:\/\/www.iltalehti.fi\/telkku\" rel=\"nofollow noopener\" target=\"_blank\">Katso kaikki TV-ohjelmat ja l\u00e4hetysajat Telkun TV-oppaasta<\/a>.<\/p>\n","protected":false},"excerpt":{"rendered":"Kari Ketosella on takana jo 30 vuoden ura televisiossa ja elokuvissa. Kari Ketosta, 54, on n\u00e4hty kameran edess\u00e4&hellip;\n","protected":false},"author":2,"featured_media":116422,"comment_status":"","ping_status":"","sticky":false,"template":"","format":"standard","meta":{"footnotes":""},"categories":[136],"tags":[35,153,407,155,137,33,31,30,408,718,154,32,140,139,156,109],"class_list":{"0":"post-116421","1":"post","2":"type-post","3":"status-publish","4":"format-standard","5":"has-post-thumbnail","7":"category-julkkikset","8":"tag-24h","9":"tag-audiovisuaalinen-media","10":"tag-celebrities","11":"tag-elokuvat","12":"tag-entertainment","13":"tag-fi","14":"tag-finland","15":"tag-finnish","16":"tag-julkkikset","17":"tag-nayttamotaide","18":"tag-nayttelijat-teatteri","19":"tag-suomi","20":"tag-tv-ja-elokuvat","21":"tag-tv-ohjelmat","22":"tag-tv","23":"tag-viihde"},"share_on_mastodon":{"url":"https:\/\/pubeurope.com\/@fi\/115719800578015399","error":""},"_links":{"self":[{"href":"https:\/\/www.europesays.com\/fi\/wp-json\/wp\/v2\/posts\/116421","targetHints":{"allow":["GET"]}}],"collection":[{"href":"https:\/\/www.europesays.com\/fi\/wp-json\/wp\/v2\/posts"}],"about":[{"href":"https:\/\/www.europesays.com\/fi\/wp-json\/wp\/v2\/types\/post"}],"author":[{"embeddable":true,"href":"https:\/\/www.europesays.com\/fi\/wp-json\/wp\/v2\/users\/2"}],"replies":[{"embeddable":true,"href":"https:\/\/www.europesays.com\/fi\/wp-json\/wp\/v2\/comments?post=116421"}],"version-history":[{"count":0,"href":"https:\/\/www.europesays.com\/fi\/wp-json\/wp\/v2\/posts\/116421\/revisions"}],"wp:featuredmedia":[{"embeddable":true,"href":"https:\/\/www.europesays.com\/fi\/wp-json\/wp\/v2\/media\/116422"}],"wp:attachment":[{"href":"https:\/\/www.europesays.com\/fi\/wp-json\/wp\/v2\/media?parent=116421"}],"wp:term":[{"taxonomy":"category","embeddable":true,"href":"https:\/\/www.europesays.com\/fi\/wp-json\/wp\/v2\/categories?post=116421"},{"taxonomy":"post_tag","embeddable":true,"href":"https:\/\/www.europesays.com\/fi\/wp-json\/wp\/v2\/tags?post=116421"}],"curies":[{"name":"wp","href":"https:\/\/api.w.org\/{rel}","templated":true}]}}